{"id":25315,"date":"2025-07-01T13:49:32","date_gmt":"2025-07-01T16:49:32","guid":{"rendered":"https:\/\/infotep.com.ar\/?p=25315"},"modified":"2025-07-01T13:49:33","modified_gmt":"2025-07-01T16:49:33","slug":"el-pj-bonaerense-construye-los-caminos-de-la-unidad","status":"publish","type":"post","link":"https:\/\/infotep.com.ar\/index.php\/2025\/07\/01\/el-pj-bonaerense-construye-los-caminos-de-la-unidad\/","title":{"rendered":"El PJ bonaerense construye los caminos de la unidad"},"content":{"rendered":"\n<p class=\"has-white-background-color has-background\">Se concretan las primeras definiciones del armado bonaerense del PJ. El gobernador junto a intendentes y referentes distritales organizan el cierre de listas. <br><br><strong><em>Por Rub\u00e9n Magliotti<br><\/em><\/strong><br>El domingo a la noche se encontraron en La Plata el gobernador Axel Kicillof con M\u00e1ximo Kirchner y Sergio Masa, para delinear los ejes de la campa\u00f1a electoral de cara a las elecciones del 7 de septiembre y del 27 de octubre.<br><br>La reuni\u00f3n comenz\u00f3 a las 18 y termin\u00f3 pasadas las 22:35. Junto a ellos los acompa\u00f1aron referentes e intendentes bonaerenses.<\/p>\n\n\n\n<p class=\"has-light-green-cyan-background-color has-background\"><strong>Por el Movimiento Derecho al Futuro:<br>Axel Kicillof, Carli Bianco, Mario Secco, Julio Alak, Alberto Descalzo, Fernando Espinoza, y Andr\u00e9s Watson.<\/strong><\/p>\n\n\n\n<p class=\"has-white-background-color has-background\"><strong>Por el Frente Renovador:<br><\/strong><br>Sergio Tom\u00e1s Massa, Juan Andreotti, Alexis Guerrera y Sebasti\u00e1n Galmarini<br><br><strong>Por el Kirchnerismo<br><\/strong>M\u00e1ximo Kirchner, Mayra Mendoza, Mariel Fern\u00e1ndez y Federico Otermin<br><\/p>\n\n\n\n<p class=\"has-light-green-cyan-background-color has-background\"><strong>En la reuni\u00f3n se fijaron los puntos para constituir la estrategia electoral. Los principales ejes son:<br>Enfrentar<\/strong> las pol\u00edticas de ajuste y endeudamiento de Milei.<br><strong>Defender <\/strong>la inocencia de Cristina Fern\u00e1ndez de Kirchner.<br><strong>Evitar<\/strong> que la motosierra de Milei ingrese a la provincia de Buenos Aires.<\/p>\n\n\n\n<p class=\"has-white-background-color has-background\"><br>Todav\u00eda no se iniciaron las conversaciones por las candidaturas, primero viene el <strong><em>cierre de alianzas el 9 de julio y reci\u00e9n el cierre de listas el 19 del mismo mes<\/em><\/strong>, pero se acord\u00f3 que deben ser los candidatos m\u00e1s competitivos en cada secci\u00f3n.  Cementan que el clima fue bueno, aunque hubo algunas discusiones \u201cpicantes\u201d.<br><\/p>\n\n\n\n<figure class=\"wp-block-image size-full\"><img decoding=\"async\" loading=\"lazy\" width=\"862\" height=\"483\" src=\"https:\/\/infotep.com.ar\/wp-content\/uploads\/2025\/07\/cumbre-massa-kicillof-maximo-paso.jpg\" alt=\"\" class=\"wp-image-25316\" srcset=\"https:\/\/infotep.com.ar\/wp-content\/uploads\/2025\/07\/cumbre-massa-kicillof-maximo-paso.jpg 862w, https:\/\/infotep.com.ar\/wp-content\/uploads\/2025\/07\/cumbre-massa-kicillof-maximo-paso-300x168.jpg 300w, https:\/\/infotep.com.ar\/wp-content\/uploads\/2025\/07\/cumbre-massa-kicillof-maximo-paso-768x430.jpg 768w, https:\/\/infotep.com.ar\/wp-content\/uploads\/2025\/07\/cumbre-massa-kicillof-maximo-paso-107x60.jpg 107w\" sizes=\"(max-width: 862px) 100vw, 862px\" \/><figcaption class=\"wp-element-caption\">Hoy martes se concreta la segunda reuni\u00f3n.<\/figcaption><\/figure>\n\n\n\n<p class=\"has-white-background-color has-background\"><br>Otro eje importante es la definici\u00f3n de quien lidera la estrategia electoral, todos los presentes acordaron que debe ser el gobernador y el armado de las listas en acuerdo con los tres.  <strong>Para ir consensuando los candidatos se acord\u00f3 conformar triunviratos para la campa\u00f1a y el cierre de distritos. Una mesa chica empezar\u00e1 a definir en las pr\u00f3ximas horas los candidatos.<\/strong><br><br>Un dato m\u00e1s que importante es la intenci\u00f3n de que est\u00e9n todos contenidos, que nadie quede afuera, por eso tambi\u00e9n estuvieron presentes los representantes de Grabois. Itai Hagman y Federico Fagioli.<br>Hoy martes se concreta la segunda reuni\u00f3n.<\/p>\n","protected":false},"excerpt":{"rendered":"<p>Se concretan las primeras definiciones del armado bonaerense del PJ. El gobernador junto a intendentes y referentes distritales organizan el cierre de listas. Por Rub&eacute;n MagliottiEl domingo a la noche se encontraron en La Plata el gobernador Axel Kicillof con M&aacute;ximo Kirchner y Sergio Masa, para delinear los ejes de la campa&ntilde;a electoral de cara &hellip; <\/p>\n","protected":false},"author":5,"featured_media":24527,"comment_status":"closed","ping_status":"closed","sticky":false,"template":"","format":"standard","meta":{"om_disable_all_campaigns":false,"_joinchat":[]},"categories":[31,8,4],"tags":[46,59,43,569],"featured_image_urls":{"full":["https:\/\/infotep.com.ar\/wp-content\/uploads\/2025\/06\/KICI.jpg",853,568,false],"thumbnail":["https:\/\/infotep.com.ar\/wp-content\/uploads\/2025\/06\/KICI-150x150.jpg",150,150,true],"medium":["https:\/\/infotep.com.ar\/wp-content\/uploads\/2025\/06\/KICI-300x200.jpg",300,200,true],"medium_large":["https:\/\/infotep.com.ar\/wp-content\/uploads\/2025\/06\/KICI-768x511.jpg",768,511,true],"large":["https:\/\/infotep.com.ar\/wp-content\/uploads\/2025\/06\/KICI.jpg",853,568,false],"1536x1536":["https:\/\/infotep.com.ar\/wp-content\/uploads\/2025\/06\/KICI.jpg",853,568,false],"2048x2048":["https:\/\/infotep.com.ar\/wp-content\/uploads\/2025\/06\/KICI.jpg",853,568,false],"blossom-feminine-slider":["https:\/\/infotep.com.ar\/wp-content\/uploads\/2025\/06\/KICI.jpg",853,568,false],"blossom-feminine-featured":["https:\/\/infotep.com.ar\/wp-content\/uploads\/2025\/06\/KICI.jpg",853,568,false],"blossom-feminine-with-sidebar":["https:\/\/infotep.com.ar\/wp-content\/uploads\/2025\/06\/KICI.jpg",853,568,false],"blossom-feminine-blog":["https:\/\/infotep.com.ar\/wp-content\/uploads\/2025\/06\/KICI-435x435.jpg",435,435,true],"blossom-feminine-cat":["https:\/\/infotep.com.ar\/wp-content\/uploads\/2025\/06\/KICI-450x300.jpg",450,300,true],"blossom-feminine-related":["https:\/\/infotep.com.ar\/wp-content\/uploads\/2025\/06\/KICI-320x200.jpg",320,200,true],"blossom-feminine-schema":["https:\/\/infotep.com.ar\/wp-content\/uploads\/2025\/06\/KICI-90x60.jpg",90,60,true],"blossom-mommy-blog-slider-big":["https:\/\/infotep.com.ar\/wp-content\/uploads\/2025\/06\/KICI.jpg",853,568,false],"blossom-mommy-blog-slider":["https:\/\/infotep.com.ar\/wp-content\/uploads\/2025\/06\/KICI-460x310.jpg",460,310,true],"blossom-mommy-blog-two":["https:\/\/infotep.com.ar\/wp-content\/uploads\/2025\/06\/KICI-768x480.jpg",768,480,true]},"author_info":{"info":["Angela Tobar"]},"category_info":"<a href=\"https:\/\/infotep.com.ar\/index.php\/category\/destacadas\/\" rel=\"category tag\">Destacadas<\/a> <a href=\"https:\/\/infotep.com.ar\/index.php\/category\/municipales\/ituzaingo\/\" rel=\"category tag\">Ituzaing\u00f3<\/a> <a href=\"https:\/\/infotep.com.ar\/index.php\/category\/provinciales\/\" rel=\"category tag\">Provinciales<\/a>","tag_info":"Provinciales","comment_count":"0","_links":{"self":[{"href":"https:\/\/infotep.com.ar\/index.php\/wp-json\/wp\/v2\/posts\/25315"}],"collection":[{"href":"https:\/\/infotep.com.ar\/index.php\/wp-json\/wp\/v2\/posts"}],"about":[{"href":"https:\/\/infotep.com.ar\/index.php\/wp-json\/wp\/v2\/types\/post"}],"author":[{"embeddable":true,"href":"https:\/\/infotep.com.ar\/index.php\/wp-json\/wp\/v2\/users\/5"}],"replies":[{"embeddable":true,"href":"https:\/\/infotep.com.ar\/index.php\/wp-json\/wp\/v2\/comments?post=25315"}],"version-history":[{"count":1,"href":"https:\/\/infotep.com.ar\/index.php\/wp-json\/wp\/v2\/posts\/25315\/revisions"}],"predecessor-version":[{"id":25317,"href":"https:\/\/infotep.com.ar\/index.php\/wp-json\/wp\/v2\/posts\/25315\/revisions\/25317"}],"wp:featuredmedia":[{"embeddable":true,"href":"https:\/\/infotep.com.ar\/index.php\/wp-json\/wp\/v2\/media\/24527"}],"wp:attachment":[{"href":"https:\/\/infotep.com.ar\/index.php\/wp-json\/wp\/v2\/media?parent=25315"}],"wp:term":[{"taxonomy":"category","embeddable":true,"href":"https:\/\/infotep.com.ar\/index.php\/wp-json\/wp\/v2\/categories?post=25315"},{"taxonomy":"post_tag","embeddable":true,"href":"https:\/\/infotep.com.ar\/index.php\/wp-json\/wp\/v2\/tags?post=25315"}],"curies":[{"name":"wp","href":"https:\/\/api.w.org\/{rel}","templated":true}]}}