{"id":25431,"date":"2025-07-04T00:10:07","date_gmt":"2025-07-04T03:10:07","guid":{"rendered":"https:\/\/infotep.com.ar\/?p=25431"},"modified":"2025-07-04T00:10:07","modified_gmt":"2025-07-04T03:10:07","slug":"medicos-residentes-resisten-la-quita-de-derechos-laborales-del-nuevo-regimen-y-aumenta-la-tension-en-salud","status":"publish","type":"post","link":"https:\/\/infotep.com.ar\/index.php\/2025\/07\/04\/medicos-residentes-resisten-la-quita-de-derechos-laborales-del-nuevo-regimen-y-aumenta-la-tension-en-salud\/","title":{"rendered":"M\u00e9dicos residentes resisten la \u00abquita de derechos laborales\u00bb del nuevo r\u00e9gimen y aumenta la tensi\u00f3n en salud"},"content":{"rendered":"\n<p>Los trabajadores del Hospital Garrahan llevaron adelante este mi\u00e9rcoles un paro de 24 horas con movilizaci\u00f3n a Plaza de Mayo en reclamo por un incremento salarial y en rechazo al nuevo r\u00e9gimen de residencias que elimina derechos b\u00e1sicos como el aguinaldo, vacaciones pagas y aportes jubilatorios.<\/p>\n\n\n\n<p>En el marco del paro de 24 horas en el Hospital Garrahan, los trabajadores del nosocomio se movilizaron a Plaza de Mayo para denunciar la alarmante p\u00e9rdida de derechos laborales tras la implementaci\u00f3n de un nuevo r\u00e9gimen para residentes por parte del Ministerio de Salud. La medida, que busca modificar el sistema de residencias, es percibida por los profesionales como un grave retroceso que pone en peligro no solo sus condiciones de trabajo, sino tambi\u00e9n la calidad de la salud p\u00fablica.<\/p>\n\n\n\n<p>La convocatoria, que llam\u00f3 a \u00abdefender las condiciones de trabajo\u00bb para \u00abdefender el derecho a una salud p\u00fablica de calidad\u00bb, surge luego de que el Gobierno oficializara cambios en el sistema de residencias y de que pegara el tercer faltazo a la audiencia de conciliaci\u00f3n por el conflicto.<\/p>\n\n\n\n<p>A partir de ahora, se ofrecer\u00e1 un \u00abcontrato directo con el hospital\u00bb, que si bien promete ingresos sin descuentos y la posibilidad de bonos, es visto por los residentes como una trampa. \u00abEs angustiante. Nos quieren poner m\u00e1s plata en el bolsillo a costa de volver para atr\u00e1s y quitarnos derechos laborales tremendos. Todo lo ganado en la resoluci\u00f3n de 2015 se pierde. Es terrible\u00bb, expres\u00f3 una de las m\u00e9dicas que particip\u00f3 de la manifestaci\u00f3n.<\/p>\n\n\n\n<p>La principal preocupaci\u00f3n de los residentes se encuentra en la eliminaci\u00f3n de derechos fundamentales adquiridos a lo largo de d\u00e9cadas con el sistema de residencias anterior. Con el nuevo esquema, se eliminar\u00e1n beneficios esenciales como el aguinaldo, las vacaciones pagas y el reconocimiento de la antig\u00fcedad para los m\u00e9dicos residentes. Adem\u00e1s, esta nueva modalidad implicar\u00eda la desviaci\u00f3n de los aportes al sueldo, eliminando la posibilidad de derivar a prepagas con libertad de elecci\u00f3n y dejando a los profesionales sin aporte jubilatorio.<\/p>\n\n\n\n<p>\u00abEsta es la gran respuesta y soluci\u00f3n que tiene el Ministerio de Salud, que inform\u00f3 Lugones\u00bb, sentenci\u00f3 Mar\u00eda Bel\u00e9n Mansilla, residente del Garrahan, en di\u00e1logo con A24 durante la jornada de movilizaci\u00f3n. \u00abLo que hicieron fue anular y suspender definitivamente la residencia, algo que funciona hace tantas d\u00e9cadas de manera excelente, y en la que se han adquirido muchos derechos como licencias, aguinaldos, vacaciones, un postguardia\u00bb.<\/p>\n\n\n\n<p>Mansilla subray\u00f3 que las opciones ofrecidas por el Ministerio una \u00abbeca institucional\u00bb y una \u00abbeca del ministerio\u00bb solo se diferencian en el nivel de precariedad, pero advirti\u00f3 que en ambos casos, no se considera a los residentes como trabajadores.<\/p>\n\n\n\n<p>A la p\u00e9rdida de derechos se suma la persistente denuncia sobre los salarios que contin\u00faan por debajo de la canasta b\u00e1sica total. \u00abNuestra situaci\u00f3n es angustiante, preocupante y a\u00fan mucho m\u00e1s desesperante de lo que fue la \u00faltima vez, porque no solo nuestro salario sigue por debajo de la canasta b\u00e1sica total, y nuestro reclamo de recomposici\u00f3n salarial sigue en pie\u00bb, se\u00f1al\u00f3 Laura Capobianco, otra de las residentes presentes en la movilizaci\u00f3n, a A24.<\/p>\n\n\n\n<p>Los profesionales tambi\u00e9n denuncian jornadas laborales extenuantes, superando las 70 horas semanales. Con el nuevo esquema, la pretensi\u00f3n es sumar a las 24 horas de guardia una media jornada laboral adicional. \u00abQueremos trabajar en blanco, tener nuestro salario, recibos de sueldo y un aguinaldo como cualquier trabajador\u00bb, reclam\u00f3 otra residente durante la marcha.<\/p>\n\n\n\n<p>El ministro de Salud, Mario Lugones, defendi\u00f3 por su parte los cambios argumentando que buscan ofrecer \u00abm\u00e1s libertad, m\u00e1s transparencia. Residencias como tienen que ser: formaci\u00f3n, no explotaci\u00f3n\u00bb. Sin embargo, los residentes desmienten esta afirmaci\u00f3n, asegurando que las opciones son \u00abcontinuar siendo residente y cobrar por debajo de la l\u00ednea de pobreza\u00bb o \u00abser becario y cobrar un poco m\u00e1s en forma informal perdiendo derechos laborales\u00bb.<\/p>\n","protected":false},"excerpt":{"rendered":"<p>Los trabajadores del Hospital Garrahan llevaron adelante este mi&eacute;rcoles un paro de 24 horas con movilizaci&oacute;n a Plaza de Mayo en reclamo por un incremento salarial y en rechazo al nuevo r&eacute;gimen de residencias que elimina derechos b&aacute;sicos como el aguinaldo, vacaciones pagas y aportes jubilatorios. En el marco del paro de 24 horas en &hellip; <\/p>\n","protected":false},"author":5,"featured_media":25432,"comment_status":"closed","ping_status":"closed","sticky":false,"template":"","format":"standard","meta":{"om_disable_all_campaigns":false,"_joinchat":[]},"categories":[7,3],"tags":[46,43,569],"featured_image_urls":{"full":["https:\/\/infotep.com.ar\/wp-content\/uploads\/2025\/07\/residentes-garraham.jpeg",1600,1066,false],"thumbnail":["https:\/\/infotep.com.ar\/wp-content\/uploads\/2025\/07\/residentes-garraham-150x150.jpeg",150,150,true],"medium":["https:\/\/infotep.com.ar\/wp-content\/uploads\/2025\/07\/residentes-garraham-300x200.jpeg",300,200,true],"medium_large":["https:\/\/infotep.com.ar\/wp-content\/uploads\/2025\/07\/residentes-garraham-768x512.jpeg",768,512,true],"large":["https:\/\/infotep.com.ar\/wp-content\/uploads\/2025\/07\/residentes-garraham-1024x682.jpeg",1020,679,true],"1536x1536":["https:\/\/infotep.com.ar\/wp-content\/uploads\/2025\/07\/residentes-garraham-1536x1023.jpeg",1536,1023,true],"2048x2048":["https:\/\/infotep.com.ar\/wp-content\/uploads\/2025\/07\/residentes-garraham.jpeg",1600,1066,false],"blossom-feminine-slider":["https:\/\/infotep.com.ar\/wp-content\/uploads\/2025\/07\/residentes-garraham-1600x649.jpeg",1600,649,true],"blossom-feminine-featured":["https:\/\/infotep.com.ar\/wp-content\/uploads\/2025\/07\/residentes-garraham-1410x600.jpeg",1410,600,true],"blossom-feminine-with-sidebar":["https:\/\/infotep.com.ar\/wp-content\/uploads\/2025\/07\/residentes-garraham-1020x600.jpeg",1020,600,true],"blossom-feminine-blog":["https:\/\/infotep.com.ar\/wp-content\/uploads\/2025\/07\/residentes-garraham-435x435.jpeg",435,435,true],"blossom-feminine-cat":["https:\/\/infotep.com.ar\/wp-content\/uploads\/2025\/07\/residentes-garraham-450x300.jpeg",450,300,true],"blossom-feminine-related":["https:\/\/infotep.com.ar\/wp-content\/uploads\/2025\/07\/residentes-garraham-320x200.jpeg",320,200,true],"blossom-feminine-schema":["https:\/\/infotep.com.ar\/wp-content\/uploads\/2025\/07\/residentes-garraham-90x60.jpeg",90,60,true],"blossom-mommy-blog-slider-big":["https:\/\/infotep.com.ar\/wp-content\/uploads\/2025\/07\/residentes-garraham-920x650.jpeg",920,650,true],"blossom-mommy-blog-slider":["https:\/\/infotep.com.ar\/wp-content\/uploads\/2025\/07\/residentes-garraham-460x310.jpeg",460,310,true],"blossom-mommy-blog-two":["https:\/\/infotep.com.ar\/wp-content\/uploads\/2025\/07\/residentes-garraham-768x480.jpeg",768,480,true]},"author_info":{"info":["Angela Tobar"]},"category_info":"<a href=\"https:\/\/infotep.com.ar\/index.php\/category\/gremios\/\" rel=\"category tag\">Gremios<\/a> <a href=\"https:\/\/infotep.com.ar\/index.php\/category\/nacionales\/\" rel=\"category tag\">Nacionales<\/a>","tag_info":"Nacionales","comment_count":"0","_links":{"self":[{"href":"https:\/\/infotep.com.ar\/index.php\/wp-json\/wp\/v2\/posts\/25431"}],"collection":[{"href":"https:\/\/infotep.com.ar\/index.php\/wp-json\/wp\/v2\/posts"}],"about":[{"href":"https:\/\/infotep.com.ar\/index.php\/wp-json\/wp\/v2\/types\/post"}],"author":[{"embeddable":true,"href":"https:\/\/infotep.com.ar\/index.php\/wp-json\/wp\/v2\/users\/5"}],"replies":[{"embeddable":true,"href":"https:\/\/infotep.com.ar\/index.php\/wp-json\/wp\/v2\/comments?post=25431"}],"version-history":[{"count":1,"href":"https:\/\/infotep.com.ar\/index.php\/wp-json\/wp\/v2\/posts\/25431\/revisions"}],"predecessor-version":[{"id":25433,"href":"https:\/\/infotep.com.ar\/index.php\/wp-json\/wp\/v2\/posts\/25431\/revisions\/25433"}],"wp:featuredmedia":[{"embeddable":true,"href":"https:\/\/infotep.com.ar\/index.php\/wp-json\/wp\/v2\/media\/25432"}],"wp:attachment":[{"href":"https:\/\/infotep.com.ar\/index.php\/wp-json\/wp\/v2\/media?parent=25431"}],"wp:term":[{"taxonomy":"category","embeddable":true,"href":"https:\/\/infotep.com.ar\/index.php\/wp-json\/wp\/v2\/categories?post=25431"},{"taxonomy":"post_tag","embeddable":true,"href":"https:\/\/infotep.com.ar\/index.php\/wp-json\/wp\/v2\/tags?post=25431"}],"curies":[{"name":"wp","href":"https:\/\/api.w.org\/{rel}","templated":true}]}}