{"id":25550,"date":"2025-07-08T21:10:52","date_gmt":"2025-07-09T00:10:52","guid":{"rendered":"https:\/\/infotep.com.ar\/?p=25550"},"modified":"2025-07-08T21:31:00","modified_gmt":"2025-07-09T00:31:00","slug":"la-matanza-junto-a-la-provincia-invierten-fuerte-en-educacion-universitaria","status":"publish","type":"post","link":"https:\/\/infotep.com.ar\/index.php\/2025\/07\/08\/la-matanza-junto-a-la-provincia-invierten-fuerte-en-educacion-universitaria\/","title":{"rendered":"La Matanza junto a la provincia invierten fuerte en educaci\u00f3n universitaria"},"content":{"rendered":"\n<p><\/p>\n\n\n\n<p>M\u00e1s de 250 nuevos j\u00f3venes graduadas y graduados del Centro Universitario de la Innovaci\u00f3n (CUDI), recibieron su diploma gracias a la decisi\u00f3n pol\u00edtica del Gobierno local y el Gobierno provincial de continuar priorizando la educaci\u00f3n, a pesar del desfinanciamiento del Gobierno de Milei. De esta manera, se garantiza el derecho, el acceso y la continuidad de la educaci\u00f3n p\u00fablica, gratuita y de calidad para toda la poblaci\u00f3n universitaria del distrito.<\/p>\n\n\n\n<p>En el Centro Universitario de la Innovaci\u00f3n y las Nuevas Tecnolog\u00edas (CUDI) se estudian carreras que priorizan la tecnolog\u00eda, en relaci\u00f3n con la industria y la inform\u00e1tica; como las tecnicaturas universitarias en biotecnolog\u00eda, dise\u00f1o industrial, tecnolog\u00eda de los alimentos, producci\u00f3n de videojuegos, y programaci\u00f3n. En materia de salud, se dictan las carreras de enfermer\u00eda universitaria y licenciatura en obstetricia. Adem\u00e1s, cuenta con diplomaturas de Desarrollo Web, Inteligencia Artificial (IA) y Dise\u00f1o e Impresi\u00f3n 3D.<\/p>\n\n\n\n<p>Al celebrarse el acto de entrega de diplomas a m\u00e1s de 250 graduadas y graduados el intendente de La Matanza y presidente de la Federaci\u00f3n Argentina de Municipios (FAM), Fernando Espinoza, particip\u00f3 junto al gobernador de la provincia de Buenos Aires, Axel Kicillof; la vicegobernadora, Ver\u00f3nica Magario; la secretaria de Pol\u00edticas Educativas local, Silvina Gvirtz; y el director general de Cultura y Educaci\u00f3n de la Provincia, Alberto Sileoni.<\/p>\n\n\n\n<figure class=\"wp-block-image size-large\"><img decoding=\"async\" loading=\"lazy\" width=\"1024\" height=\"683\" src=\"https:\/\/infotep.com.ar\/wp-content\/uploads\/2025\/07\/FE-GRADUADOS-CUDI-MTZ-1-1024x683.jpg\" alt=\"\" class=\"wp-image-25560\" srcset=\"https:\/\/infotep.com.ar\/wp-content\/uploads\/2025\/07\/FE-GRADUADOS-CUDI-MTZ-1-1024x683.jpg 1024w, https:\/\/infotep.com.ar\/wp-content\/uploads\/2025\/07\/FE-GRADUADOS-CUDI-MTZ-1-300x200.jpg 300w, https:\/\/infotep.com.ar\/wp-content\/uploads\/2025\/07\/FE-GRADUADOS-CUDI-MTZ-1-768x512.jpg 768w, https:\/\/infotep.com.ar\/wp-content\/uploads\/2025\/07\/FE-GRADUADOS-CUDI-MTZ-1-1536x1024.jpg 1536w, https:\/\/infotep.com.ar\/wp-content\/uploads\/2025\/07\/FE-GRADUADOS-CUDI-MTZ-1-2048x1365.jpg 2048w, https:\/\/infotep.com.ar\/wp-content\/uploads\/2025\/07\/FE-GRADUADOS-CUDI-MTZ-1-450x300.jpg 450w, https:\/\/infotep.com.ar\/wp-content\/uploads\/2025\/07\/FE-GRADUADOS-CUDI-MTZ-1-90x60.jpg 90w\" sizes=\"(max-width: 1024px) 100vw, 1024px\" \/><\/figure>\n\n\n\n<p><strong>\u201cHoy es un d\u00eda de festejo para los 2 millones y medio de vecinas y vecinos que somos en La Matanza, porque en nuestro querido Centro Universitario de la Innovaci\u00f3n (CUDI) en Gonz\u00e1lez Cat\u00e1n, se est\u00e1n graduando m\u00e1s de 250 estudiantes\u201d, expres\u00f3 Fernando Espinoza y remarc\u00f3: \u201cEste Centro Universitario para nosotros era un sue\u00f1o inalcanzable y hoy es un sue\u00f1o hecho realidad\u201d.<\/strong><\/p>\n\n\n\n<p>\u201cLos nuevos graduados universitarios son chicas y chicos que les era dif\u00edcil asistir a la universidad, especialmente por las distancias. Muchos ten\u00edan que trasladarse m\u00e1s de 30 km para llegar a la Universidad m\u00e1s cercana, pero hoy este hermoso y confortable edificio, que tiene todas las comodidades, hace que las y los chicos del sur de La Matanza puedan tener una Universidad muy cerca de su casa\u201d, sostuvo Fernando Espinoza.<\/p>\n\n\n\n<p>\u201cNo solo van a cambiar su vida y su futuro, sino tambi\u00e9n la vida de sus familias, de su barrio, de la provincia, de La Matanza y de la Argentina\u201d, afirm\u00f3 Fernando Espinoza y subray\u00f3: \u201cNo es lo mismo tener un pa\u00eds con pocos graduados universitarios que tener muchos\u201d.<\/p>\n\n\n\n<p>En ese marco, Axel Kicillof se\u00f1al\u00f3: \u201cEs un d\u00eda de mucha emoci\u00f3n y alegr\u00eda para los 250 pibes y pibas de La Matanza, para sus familias, sus afectos y para su comunidad\u201d. \u201cEn este lugar hab\u00eda un descampado y ahora hay un Centro universitario con carreras vinculadas a la tecnolog\u00eda\u201d, indic\u00f3 y agreg\u00f3: \u201cFelicito a Fernando y a Ver\u00f3nica porque el CUDI es un elemento de desarrollo, de m\u00e1s recursos, de mayor dignidad y de mejores trabajos para La Matanza\u201d.<\/p>\n\n\n\n<p>Luego, Fernando Espinoza resalt\u00f3: \u201cEn La Matanza logramos ser la Ciudad universitaria del Gran Buenos Aires. Hoy tenemos 77 mil estudiantes universitarios, de los cuales 12 mil estudian en el CUDI, en carreras de tecnolog\u00eda e IA, que son las carreras del futuro, que demanda el mundo de hoy. Seguramente, muchos de estos chicos van a trabajar en el flamante Polo Cient\u00edfico Tecnol\u00f3gico que vamos a inaugurar en Ciudad Evita antes de fin de a\u00f1o\u201d, advirti\u00f3.<\/p>\n\n\n\n<p>\u201cMilei cort\u00f3 los fondos de las universidades y este Centro Universitario corr\u00eda el riesgo de cerrarse. Hablamos con Axel Kicillof y con Ver\u00f3nica Magario y se tom\u00f3 la decisi\u00f3n pol\u00edtica de hacer una inversi\u00f3n para sostenerlo, a trav\u00e9s del programa Puentes, y hacer realidad que hoy m\u00e1s de 250 graduados y sus familias empiecen a cambiar La Matanza, la provincia y la Argentina\u201d, concluy\u00f3 Fernando Espinoza<\/p>\n","protected":false},"excerpt":{"rendered":"<p>M&aacute;s de 250 nuevos j&oacute;venes graduadas y graduados del Centro Universitario de la Innovaci&oacute;n (CUDI), recibieron su diploma gracias a la decisi&oacute;n pol&iacute;tica del Gobierno local y el Gobierno provincial de continuar priorizando la educaci&oacute;n, a pesar del desfinanciamiento del Gobierno de Milei. De esta manera, se garantiza el derecho, el acceso y la continuidad &hellip; <\/p>\n","protected":false},"author":5,"featured_media":25559,"comment_status":"closed","ping_status":"closed","sticky":false,"template":"","format":"standard","meta":{"om_disable_all_campaigns":false,"_joinchat":[]},"categories":[31,4,6],"tags":[46,43,569],"featured_image_urls":{"full":["https:\/\/infotep.com.ar\/wp-content\/uploads\/2025\/07\/Gu97LOLXQAAdhzO.jpg",1200,800,false],"thumbnail":["https:\/\/infotep.com.ar\/wp-content\/uploads\/2025\/07\/Gu97LOLXQAAdhzO-150x150.jpg",150,150,true],"medium":["https:\/\/infotep.com.ar\/wp-content\/uploads\/2025\/07\/Gu97LOLXQAAdhzO-300x200.jpg",300,200,true],"medium_large":["https:\/\/infotep.com.ar\/wp-content\/uploads\/2025\/07\/Gu97LOLXQAAdhzO-768x512.jpg",768,512,true],"large":["https:\/\/infotep.com.ar\/wp-content\/uploads\/2025\/07\/Gu97LOLXQAAdhzO-1024x683.jpg",1020,680,true],"1536x1536":["https:\/\/infotep.com.ar\/wp-content\/uploads\/2025\/07\/Gu97LOLXQAAdhzO.jpg",1200,800,false],"2048x2048":["https:\/\/infotep.com.ar\/wp-content\/uploads\/2025\/07\/Gu97LOLXQAAdhzO.jpg",1200,800,false],"blossom-feminine-slider":["https:\/\/infotep.com.ar\/wp-content\/uploads\/2025\/07\/Gu97LOLXQAAdhzO-1200x649.jpg",1200,649,true],"blossom-feminine-featured":["https:\/\/infotep.com.ar\/wp-content\/uploads\/2025\/07\/Gu97LOLXQAAdhzO-1200x600.jpg",1200,600,true],"blossom-feminine-with-sidebar":["https:\/\/infotep.com.ar\/wp-content\/uploads\/2025\/07\/Gu97LOLXQAAdhzO-1020x600.jpg",1020,600,true],"blossom-feminine-blog":["https:\/\/infotep.com.ar\/wp-content\/uploads\/2025\/07\/Gu97LOLXQAAdhzO-435x435.jpg",435,435,true],"blossom-feminine-cat":["https:\/\/infotep.com.ar\/wp-content\/uploads\/2025\/07\/Gu97LOLXQAAdhzO-450x300.jpg",450,300,true],"blossom-feminine-related":["https:\/\/infotep.com.ar\/wp-content\/uploads\/2025\/07\/Gu97LOLXQAAdhzO-320x200.jpg",320,200,true],"blossom-feminine-schema":["https:\/\/infotep.com.ar\/wp-content\/uploads\/2025\/07\/Gu97LOLXQAAdhzO-90x60.jpg",90,60,true],"blossom-mommy-blog-slider-big":["https:\/\/infotep.com.ar\/wp-content\/uploads\/2025\/07\/Gu97LOLXQAAdhzO-920x650.jpg",920,650,true],"blossom-mommy-blog-slider":["https:\/\/infotep.com.ar\/wp-content\/uploads\/2025\/07\/Gu97LOLXQAAdhzO-460x310.jpg",460,310,true],"blossom-mommy-blog-two":["https:\/\/infotep.com.ar\/wp-content\/uploads\/2025\/07\/Gu97LOLXQAAdhzO-768x480.jpg",768,480,true]},"author_info":{"info":["Angela Tobar"]},"category_info":"<a href=\"https:\/\/infotep.com.ar\/index.php\/category\/destacadas\/\" rel=\"category tag\">Destacadas<\/a> <a href=\"https:\/\/infotep.com.ar\/index.php\/category\/provinciales\/\" rel=\"category tag\">Provinciales<\/a> <a href=\"https:\/\/infotep.com.ar\/index.php\/category\/universitarias\/\" rel=\"category tag\">Universitarias<\/a>","tag_info":"Universitarias","comment_count":"0","_links":{"self":[{"href":"https:\/\/infotep.com.ar\/index.php\/wp-json\/wp\/v2\/posts\/25550"}],"collection":[{"href":"https:\/\/infotep.com.ar\/index.php\/wp-json\/wp\/v2\/posts"}],"about":[{"href":"https:\/\/infotep.com.ar\/index.php\/wp-json\/wp\/v2\/types\/post"}],"author":[{"embeddable":true,"href":"https:\/\/infotep.com.ar\/index.php\/wp-json\/wp\/v2\/users\/5"}],"replies":[{"embeddable":true,"href":"https:\/\/infotep.com.ar\/index.php\/wp-json\/wp\/v2\/comments?post=25550"}],"version-history":[{"count":2,"href":"https:\/\/infotep.com.ar\/index.php\/wp-json\/wp\/v2\/posts\/25550\/revisions"}],"predecessor-version":[{"id":25561,"href":"https:\/\/infotep.com.ar\/index.php\/wp-json\/wp\/v2\/posts\/25550\/revisions\/25561"}],"wp:featuredmedia":[{"embeddable":true,"href":"https:\/\/infotep.com.ar\/index.php\/wp-json\/wp\/v2\/media\/25559"}],"wp:attachment":[{"href":"https:\/\/infotep.com.ar\/index.php\/wp-json\/wp\/v2\/media?parent=25550"}],"wp:term":[{"taxonomy":"category","embeddable":true,"href":"https:\/\/infotep.com.ar\/index.php\/wp-json\/wp\/v2\/categories?post=25550"},{"taxonomy":"post_tag","embeddable":true,"href":"https:\/\/infotep.com.ar\/index.php\/wp-json\/wp\/v2\/tags?post=25550"}],"curies":[{"name":"wp","href":"https:\/\/api.w.org\/{rel}","templated":true}]}}