{"id":25575,"date":"2025-07-09T17:07:51","date_gmt":"2025-07-09T20:07:51","guid":{"rendered":"https:\/\/infotep.com.ar\/?p=25575"},"modified":"2025-07-09T17:07:52","modified_gmt":"2025-07-09T20:07:52","slug":"en-contraposicion-al-gobierno-nacional-kicillof-presencio-el-tedeum-por-el-9-de-julio-en-la-plata","status":"publish","type":"post","link":"https:\/\/infotep.com.ar\/index.php\/2025\/07\/09\/en-contraposicion-al-gobierno-nacional-kicillof-presencio-el-tedeum-por-el-9-de-julio-en-la-plata\/","title":{"rendered":"En contraposici\u00f3n al Gobierno Nacional, Kicillof presenci\u00f3 el tedeum por el 9 de Julio en La Plata"},"content":{"rendered":"\n<p>El gobernador de Buenos Aires asisti\u00f3 a la tradicional misa, que se brinda en la Catedral platense, por la conmemoraci\u00f3n del D\u00eda de la Independencia.<br><br>El gobernador de la provincia de Buenos Aires, Axel Kicillof, en contraposici\u00f3n al Gobierno Nacional que decidi\u00f3 no realizar ning\u00fan acto conmemorativo por el D\u00eda de la Independencia, particip\u00f3 del tradicional Tedeum del 9 de Julio que se llev\u00f3 adelante en la Catedral de La Plata.<\/p>\n\n\n\n<p>Al finalizar, el mandatario afirm\u00f3 que se suma a las palabras del Arzobispo Gustavo Carrara referidas \u201ca la necesidad de luchar contra la desigualdad, fortalecer los lazos solidarios y garantizar la dignidad de los m\u00e1s vulnerables\u201d: \u201cSolo as\u00ed ser\u00e1 posible construir una Patria para todos y todas\u201d, a\u00f1adi\u00f3.<\/p>\n\n\n\n<p>Previamente, y durante las primeras horas de la ma\u00f1ana, Kicillof public\u00f3 un mensaje desde sus redes sociales por la conmemoraci\u00f3n del 9 de Julio y manifest\u00f3 que \u201cla verdadera independencia se construye defendiendo la soberan\u00eda\u201d.<\/p>\n\n\n\n<p>Asimismo, reivindic\u00f3 la importancia de la justicia social, en respuesta a los \u00faltimos dichos del presidente Javier Milei, quien sostuvo en el acto que realiz\u00f3 en una iglesia evang\u00e9lica en Chaco que era una \u201caberraci\u00f3n\u201d dentro de una \u201csociedad de envidiosos\u201d.<\/p>\n\n\n\n<p>\u201cLa verdadera independencia se construye defendiendo la soberan\u00eda, los recursos, el trabajo, la educaci\u00f3n y la producci\u00f3n nacional. Es sin\u00f3nimo de libertad pero tambi\u00e9n de justicia social, porque todos tienen derecho a un futuro mejor\u201d, expres\u00f3 Kicillof.<\/p>\n\n\n\n<p>En la misma l\u00ednea, el mensaje del Gobierno de la Provincia de Buenos Aires por la conmemoraci\u00f3n de los 209 a\u00f1os de nuestra Independencia, remarc\u00f3 que \u201cdefender la Patria es trabajar todos los d\u00edas para que las y los bonaerenses tengan una vida mejor\u201d y se\u00f1al\u00f3 que \u201ccon m\u00e1s educaci\u00f3n, m\u00e1s salud y m\u00e1s soberan\u00eda\u201d se construye la independencia y el futuro.<\/p>\n\n\n\n<p>\u201c\u00c9ste es el modelo que nos representa y por el que vamos a seguir luchando desde nuestra provincia. \u00a1Feliz D\u00eda de la Independencia!\u201d, concluy\u00f3 el gobernador bonaerense.<\/p>\n","protected":false},"excerpt":{"rendered":"<p>El gobernador de Buenos Aires asisti&oacute; a la tradicional misa, que se brinda en la Catedral platense, por la conmemoraci&oacute;n del D&iacute;a de la Independencia. El gobernador de la provincia de Buenos Aires, Axel Kicillof, en contraposici&oacute;n al Gobierno Nacional que decidi&oacute; no realizar ning&uacute;n acto conmemorativo por el D&iacute;a de la Independencia, particip&oacute; del &hellip; <\/p>\n","protected":false},"author":5,"featured_media":25577,"comment_status":"closed","ping_status":"closed","sticky":false,"template":"","format":"standard","meta":{"om_disable_all_campaigns":false,"_joinchat":[]},"categories":[4],"tags":[46,43,569],"featured_image_urls":{"full":["https:\/\/infotep.com.ar\/wp-content\/uploads\/2025\/07\/720-14.webp",1082,720,false],"thumbnail":["https:\/\/infotep.com.ar\/wp-content\/uploads\/2025\/07\/720-14-150x150.webp",150,150,true],"medium":["https:\/\/infotep.com.ar\/wp-content\/uploads\/2025\/07\/720-14-300x200.webp",300,200,true],"medium_large":["https:\/\/infotep.com.ar\/wp-content\/uploads\/2025\/07\/720-14-768x511.webp",768,511,true],"large":["https:\/\/infotep.com.ar\/wp-content\/uploads\/2025\/07\/720-14-1024x681.webp",1020,678,true],"1536x1536":["https:\/\/infotep.com.ar\/wp-content\/uploads\/2025\/07\/720-14.webp",1082,720,false],"2048x2048":["https:\/\/infotep.com.ar\/wp-content\/uploads\/2025\/07\/720-14.webp",1082,720,false],"blossom-feminine-slider":["https:\/\/infotep.com.ar\/wp-content\/uploads\/2025\/07\/720-14-1082x649.webp",1082,649,true],"blossom-feminine-featured":["https:\/\/infotep.com.ar\/wp-content\/uploads\/2025\/07\/720-14-1082x600.webp",1082,600,true],"blossom-feminine-with-sidebar":["https:\/\/infotep.com.ar\/wp-content\/uploads\/2025\/07\/720-14-1020x600.webp",1020,600,true],"blossom-feminine-blog":["https:\/\/infotep.com.ar\/wp-content\/uploads\/2025\/07\/720-14-435x435.webp",435,435,true],"blossom-feminine-cat":["https:\/\/infotep.com.ar\/wp-content\/uploads\/2025\/07\/720-14-450x300.webp",450,300,true],"blossom-feminine-related":["https:\/\/infotep.com.ar\/wp-content\/uploads\/2025\/07\/720-14-320x200.webp",320,200,true],"blossom-feminine-schema":["https:\/\/infotep.com.ar\/wp-content\/uploads\/2025\/07\/720-14-90x60.webp",90,60,true],"blossom-mommy-blog-slider-big":["https:\/\/infotep.com.ar\/wp-content\/uploads\/2025\/07\/720-14-920x650.webp",920,650,true],"blossom-mommy-blog-slider":["https:\/\/infotep.com.ar\/wp-content\/uploads\/2025\/07\/720-14-460x310.webp",460,310,true],"blossom-mommy-blog-two":["https:\/\/infotep.com.ar\/wp-content\/uploads\/2025\/07\/720-14-768x480.webp",768,480,true]},"author_info":{"info":["Angela Tobar"]},"category_info":"<a href=\"https:\/\/infotep.com.ar\/index.php\/category\/provinciales\/\" rel=\"category tag\">Provinciales<\/a>","tag_info":"Provinciales","comment_count":"0","_links":{"self":[{"href":"https:\/\/infotep.com.ar\/index.php\/wp-json\/wp\/v2\/posts\/25575"}],"collection":[{"href":"https:\/\/infotep.com.ar\/index.php\/wp-json\/wp\/v2\/posts"}],"about":[{"href":"https:\/\/infotep.com.ar\/index.php\/wp-json\/wp\/v2\/types\/post"}],"author":[{"embeddable":true,"href":"https:\/\/infotep.com.ar\/index.php\/wp-json\/wp\/v2\/users\/5"}],"replies":[{"embeddable":true,"href":"https:\/\/infotep.com.ar\/index.php\/wp-json\/wp\/v2\/comments?post=25575"}],"version-history":[{"count":1,"href":"https:\/\/infotep.com.ar\/index.php\/wp-json\/wp\/v2\/posts\/25575\/revisions"}],"predecessor-version":[{"id":25578,"href":"https:\/\/infotep.com.ar\/index.php\/wp-json\/wp\/v2\/posts\/25575\/revisions\/25578"}],"wp:featuredmedia":[{"embeddable":true,"href":"https:\/\/infotep.com.ar\/index.php\/wp-json\/wp\/v2\/media\/25577"}],"wp:attachment":[{"href":"https:\/\/infotep.com.ar\/index.php\/wp-json\/wp\/v2\/media?parent=25575"}],"wp:term":[{"taxonomy":"category","embeddable":true,"href":"https:\/\/infotep.com.ar\/index.php\/wp-json\/wp\/v2\/categories?post=25575"},{"taxonomy":"post_tag","embeddable":true,"href":"https:\/\/infotep.com.ar\/index.php\/wp-json\/wp\/v2\/tags?post=25575"}],"curies":[{"name":"wp","href":"https:\/\/api.w.org\/{rel}","templated":true}]}}