{"id":25592,"date":"2025-07-10T16:26:26","date_gmt":"2025-07-10T19:26:26","guid":{"rendered":"https:\/\/infotep.com.ar\/?p=25592"},"modified":"2025-07-10T16:26:27","modified_gmt":"2025-07-10T19:26:27","slug":"organismos-de-personas-con-discapacidad-se-concentran-en-el-congreso-por-la-ley-de-emergencia","status":"publish","type":"post","link":"https:\/\/infotep.com.ar\/index.php\/2025\/07\/10\/organismos-de-personas-con-discapacidad-se-concentran-en-el-congreso-por-la-ley-de-emergencia\/","title":{"rendered":"Organismos de personas con discapacidad se concentran en el Congreso por la Ley de emergencia"},"content":{"rendered":"\n<p>Luego de haber sido aprobada en Diputados, asociaciones y ONGs que nuclean al colectivo \u201cexigir\u00e1n\u201d la sanci\u00f3n definitiva en el Senado.<br><br>La Fundaci\u00f3n de Desarrollo Humano Integral, la organizaci\u00f3n Argentina Humana Inclusiva y el Foro Permanente para la Promoci\u00f3n y la Defensa de los Derechos de las Personas con Discapacidad, entre otras asociaciones, concentraron en el Congreso para \u201cexigir\u201d la sanci\u00f3n definitiva de la Ley de Emergencia que se tratar\u00e1 hoy en el Senado de la Naci\u00f3n.<\/p>\n\n\n\n<p>Desde la Fundaci\u00f3n de Desarrollo Humano Integral, indicaron que \u201cla discapacidad est\u00e1 en una crisis al borde del colapso\u201d, no s\u00f3lo por las asignaciones que muchas personas ya no reciben, sino tambi\u00e9n porque hay un \u201cvaciamiento\u201d en la Agencia Nacional de Discapacidad (ANDIS), instituci\u00f3n que debe bregar por sus derechos.<\/p>\n\n\n\n<p>\u201cEn la ANDIS hubo 340 despidos y un retroceso al modelo m\u00e9dico, adem\u00e1s de un recorte del -19% acumulado del presupuesto desde 2023. Las prestaciones est\u00e1n paralizadas, sin aumentos desde noviembre de 2024 y las obras sociales est\u00e1n desreguladas. Hay m\u00e1s de 500.000 personas afectadas y un mill\u00f3n auditadas sin garant\u00edas y sin nuevas pensiones\u201d, se\u00f1alaron.<\/p>\n\n\n\n<p>Asimismo, remarcaron que tambi\u00e9n hubo recortes en transporte y en tratamientos de salud mental y aseguraron que la discapacidad \u201cno puede ser una variable de ajuste\u201d: \u201cLe pedimos a la sociedad toda que nos ayude a visibilizar esta emergencia\u201d, a\u00f1adieron.<\/p>\n\n\n\n<p>Por otra parte, fuentes de ANDIS que prefieren mantenerse en el anonimato, declararon a Noticias Argentinas que, en los pr\u00f3ximos meses, las problem\u00e1ticas dentro del \u00e1rea \u201ccada vez ser\u00e1n peores\u201d y que casi el \u00fanico \u00edtem importante que tiene la Agencia en agenda es \u201crecortar pensiones\u201d sin importar el modo o a quienes afecte.<\/p>\n\n\n\n<p>Para finalizar, el Foro Permanente asegur\u00f3 que el sistema de atenci\u00f3n a las personas con discapacidad \u201catraviesa una situaci\u00f3n de colapso total y absoluto\u201d y que el \u201cincumplimiento del Estado, la desfinanciaci\u00f3n y la vulneraci\u00f3n sistem\u00e1tica de derechos\u201d afecta a m\u00e1s de 250.000 personas que reciben atenci\u00f3n y m\u00e1s de 150.000 personas que trabajan en estos servicios.<\/p>\n\n\n\n<p>\u201cNo podemos permitir este maltrato. No se trata de pedir privilegios, sino de garantizar derechos que ya est\u00e1n reconocidos por la ley\u201d, concluy\u00f3 Eduardo Maidana, secretario de la Asociaci\u00f3n de Institutos Educativos Privados Especiales Argentinos (AIEPESA), organizaci\u00f3n miembro del Foro Permanente.<\/p>\n","protected":false},"excerpt":{"rendered":"<p>Luego de haber sido aprobada en Diputados, asociaciones y ONGs que nuclean al colectivo &ldquo;exigir&aacute;n&rdquo; la sanci&oacute;n definitiva en el Senado. La Fundaci&oacute;n de Desarrollo Humano Integral, la organizaci&oacute;n Argentina Humana Inclusiva y el Foro Permanente para la Promoci&oacute;n y la Defensa de los Derechos de las Personas con Discapacidad, entre otras asociaciones, concentraron en &hellip; <\/p>\n","protected":false},"author":5,"featured_media":25593,"comment_status":"closed","ping_status":"closed","sticky":false,"template":"","format":"standard","meta":{"om_disable_all_campaigns":false,"_joinchat":[]},"categories":[3],"tags":[46,43,569],"featured_image_urls":{"full":["https:\/\/infotep.com.ar\/wp-content\/uploads\/2025\/07\/720-16.webp",1003,720,false],"thumbnail":["https:\/\/infotep.com.ar\/wp-content\/uploads\/2025\/07\/720-16-150x150.webp",150,150,true],"medium":["https:\/\/infotep.com.ar\/wp-content\/uploads\/2025\/07\/720-16-300x215.webp",300,215,true],"medium_large":["https:\/\/infotep.com.ar\/wp-content\/uploads\/2025\/07\/720-16-768x551.webp",768,551,true],"large":["https:\/\/infotep.com.ar\/wp-content\/uploads\/2025\/07\/720-16.webp",1003,720,false],"1536x1536":["https:\/\/infotep.com.ar\/wp-content\/uploads\/2025\/07\/720-16.webp",1003,720,false],"2048x2048":["https:\/\/infotep.com.ar\/wp-content\/uploads\/2025\/07\/720-16.webp",1003,720,false],"blossom-feminine-slider":["https:\/\/infotep.com.ar\/wp-content\/uploads\/2025\/07\/720-16-1003x649.webp",1003,649,true],"blossom-feminine-featured":["https:\/\/infotep.com.ar\/wp-content\/uploads\/2025\/07\/720-16-1003x600.webp",1003,600,true],"blossom-feminine-with-sidebar":["https:\/\/infotep.com.ar\/wp-content\/uploads\/2025\/07\/720-16-1003x600.webp",1003,600,true],"blossom-feminine-blog":["https:\/\/infotep.com.ar\/wp-content\/uploads\/2025\/07\/720-16-435x435.webp",435,435,true],"blossom-feminine-cat":["https:\/\/infotep.com.ar\/wp-content\/uploads\/2025\/07\/720-16-450x300.webp",450,300,true],"blossom-feminine-related":["https:\/\/infotep.com.ar\/wp-content\/uploads\/2025\/07\/720-16-320x200.webp",320,200,true],"blossom-feminine-schema":["https:\/\/infotep.com.ar\/wp-content\/uploads\/2025\/07\/720-16-84x60.webp",84,60,true],"blossom-mommy-blog-slider-big":["https:\/\/infotep.com.ar\/wp-content\/uploads\/2025\/07\/720-16-920x650.webp",920,650,true],"blossom-mommy-blog-slider":["https:\/\/infotep.com.ar\/wp-content\/uploads\/2025\/07\/720-16-460x310.webp",460,310,true],"blossom-mommy-blog-two":["https:\/\/infotep.com.ar\/wp-content\/uploads\/2025\/07\/720-16-768x480.webp",768,480,true]},"author_info":{"info":["Angela Tobar"]},"category_info":"<a href=\"https:\/\/infotep.com.ar\/index.php\/category\/nacionales\/\" rel=\"category tag\">Nacionales<\/a>","tag_info":"Nacionales","comment_count":"0","_links":{"self":[{"href":"https:\/\/infotep.com.ar\/index.php\/wp-json\/wp\/v2\/posts\/25592"}],"collection":[{"href":"https:\/\/infotep.com.ar\/index.php\/wp-json\/wp\/v2\/posts"}],"about":[{"href":"https:\/\/infotep.com.ar\/index.php\/wp-json\/wp\/v2\/types\/post"}],"author":[{"embeddable":true,"href":"https:\/\/infotep.com.ar\/index.php\/wp-json\/wp\/v2\/users\/5"}],"replies":[{"embeddable":true,"href":"https:\/\/infotep.com.ar\/index.php\/wp-json\/wp\/v2\/comments?post=25592"}],"version-history":[{"count":1,"href":"https:\/\/infotep.com.ar\/index.php\/wp-json\/wp\/v2\/posts\/25592\/revisions"}],"predecessor-version":[{"id":25594,"href":"https:\/\/infotep.com.ar\/index.php\/wp-json\/wp\/v2\/posts\/25592\/revisions\/25594"}],"wp:featuredmedia":[{"embeddable":true,"href":"https:\/\/infotep.com.ar\/index.php\/wp-json\/wp\/v2\/media\/25593"}],"wp:attachment":[{"href":"https:\/\/infotep.com.ar\/index.php\/wp-json\/wp\/v2\/media?parent=25592"}],"wp:term":[{"taxonomy":"category","embeddable":true,"href":"https:\/\/infotep.com.ar\/index.php\/wp-json\/wp\/v2\/categories?post=25592"},{"taxonomy":"post_tag","embeddable":true,"href":"https:\/\/infotep.com.ar\/index.php\/wp-json\/wp\/v2\/tags?post=25592"}],"curies":[{"name":"wp","href":"https:\/\/api.w.org\/{rel}","templated":true}]}}