{"id":25595,"date":"2025-07-10T16:34:13","date_gmt":"2025-07-10T19:34:13","guid":{"rendered":"https:\/\/infotep.com.ar\/?p=25595"},"modified":"2025-07-10T16:34:14","modified_gmt":"2025-07-10T19:34:14","slug":"fernando-espinoza-el-pueblo-de-la-matanza-dijo-que-quiere-ser-libre-de-verdad","status":"publish","type":"post","link":"https:\/\/infotep.com.ar\/index.php\/2025\/07\/10\/fernando-espinoza-el-pueblo-de-la-matanza-dijo-que-quiere-ser-libre-de-verdad\/","title":{"rendered":"Fernando Espinoza: \u201cEl pueblo de La Matanza dijo que quiere ser libre de verdad\u201d."},"content":{"rendered":"\n<p><\/p>\n\n\n\n<p>En el D\u00eda de la Independencia, La Matanza celebr\u00f3 la importante fecha patria del 9 de Julio con miles de vecinas y vecinos, en un acto y un desfile cargado de tradiciones, danzas folkl\u00f3ricas, gastronom\u00eda y actividades para toda la familia.<\/p>\n\n\n\n<p><em><strong>El intendente de La Matanza y presidente de la Federaci\u00f3n Argentina de Municipios (FAM), Fernando Espinoza, encabez\u00f3 el emotivo acto del 9 de Julio en la peatonal de Gregorio de Laferrere, y comparti\u00f3 con toda la comunidad un colorido desfile, en el que participaron escuelas, jardines de infantes y diversas entidades y fuerzas vivas locales.<\/strong><\/em><\/p>\n\n\n\n<p>\u201cEn este 9 de Julio, el D\u00eda de la Independencia de nuestra Patria, el pueblo de La Matanza sali\u00f3 a la calle y disfrut\u00f3 de una jornada multitudinaria con m\u00e1s de 20 mil personas. Desde abuelos hasta los m\u00e1s chicos, desfilaron y mostraron el orgullo de ser argentinos levantando bien alto la bandera celeste y blanca\u201d, expres\u00f3 Fernando Espinoza.<\/p>\n\n\n\n<p>\u201cEl pueblo de La Matanza dijo muy fuerte que quiere ser libre de verdad, no quiere ser oprimido, ni seguir viviendo as\u00ed\u201d, sostuvo Fernando Espinoza y enfatiz\u00f3: \u201cLos trabajadores y trabajadoras son cada d\u00eda m\u00e1s pobres y la clase media se est\u00e1 transformando en clase baja. Sufren nuestros jubilados, nuestros estudiantes y nuestros comerciantes\u201d. \u201cHoy la mayor\u00eda de los argentinos la est\u00e1 pasando muy mal\u201d, subray\u00f3.<\/p>\n\n\n\n<p>\u201cMilei abandon\u00f3 las universidades, la salud p\u00fablica y nos sac\u00f3 todos los recursos que ten\u00edamos en seguridad, pero nosotros seguimos adelante, invirtiendo\u201d, se\u00f1al\u00f3 Fernando Espinoza y afirm\u00f3: \u201cHay que transformar la desilusi\u00f3n y la desesperanza en alegr\u00eda, porque tenemos todo para ser un gran pa\u00eds y para que Argentina sea potencia\u201d.<\/p>\n\n\n\n<p>Para finalizar, Fernando Espinoza resalt\u00f3: \u201cVamos unidos por un gran frente amplio electoral, a las pr\u00f3ximas elecciones del 7 septiembre. Desde La Matanza, vamos por una nueva Argentina para todas las argentinas y argentinos\u201d.<\/p>\n","protected":false},"excerpt":{"rendered":"<p>En el D&iacute;a de la Independencia, La Matanza celebr&oacute; la importante fecha patria del 9 de Julio con miles de vecinas y vecinos, en un acto y un desfile cargado de tradiciones, danzas folkl&oacute;ricas, gastronom&iacute;a y actividades para toda la familia. El intendente de La Matanza y presidente de la Federaci&oacute;n Argentina de Municipios (FAM), &hellip; <\/p>\n","protected":false},"author":5,"featured_media":25596,"comment_status":"closed","ping_status":"closed","sticky":false,"template":"","format":"standard","meta":{"om_disable_all_campaigns":false,"_joinchat":[]},"categories":[26],"tags":[60,59,43,569],"featured_image_urls":{"full":["https:\/\/infotep.com.ar\/wp-content\/uploads\/2025\/07\/4-1.jpg",1434,956,false],"thumbnail":["https:\/\/infotep.com.ar\/wp-content\/uploads\/2025\/07\/4-1-150x150.jpg",150,150,true],"medium":["https:\/\/infotep.com.ar\/wp-content\/uploads\/2025\/07\/4-1-300x200.jpg",300,200,true],"medium_large":["https:\/\/infotep.com.ar\/wp-content\/uploads\/2025\/07\/4-1-768x512.jpg",768,512,true],"large":["https:\/\/infotep.com.ar\/wp-content\/uploads\/2025\/07\/4-1-1024x683.jpg",1020,680,true],"1536x1536":["https:\/\/infotep.com.ar\/wp-content\/uploads\/2025\/07\/4-1.jpg",1434,956,false],"2048x2048":["https:\/\/infotep.com.ar\/wp-content\/uploads\/2025\/07\/4-1.jpg",1434,956,false],"blossom-feminine-slider":["https:\/\/infotep.com.ar\/wp-content\/uploads\/2025\/07\/4-1-1434x649.jpg",1434,649,true],"blossom-feminine-featured":["https:\/\/infotep.com.ar\/wp-content\/uploads\/2025\/07\/4-1-1410x600.jpg",1410,600,true],"blossom-feminine-with-sidebar":["https:\/\/infotep.com.ar\/wp-content\/uploads\/2025\/07\/4-1-1020x600.jpg",1020,600,true],"blossom-feminine-blog":["https:\/\/infotep.com.ar\/wp-content\/uploads\/2025\/07\/4-1-435x435.jpg",435,435,true],"blossom-feminine-cat":["https:\/\/infotep.com.ar\/wp-content\/uploads\/2025\/07\/4-1-450x300.jpg",450,300,true],"blossom-feminine-related":["https:\/\/infotep.com.ar\/wp-content\/uploads\/2025\/07\/4-1-320x200.jpg",320,200,true],"blossom-feminine-schema":["https:\/\/infotep.com.ar\/wp-content\/uploads\/2025\/07\/4-1-90x60.jpg",90,60,true],"blossom-mommy-blog-slider-big":["https:\/\/infotep.com.ar\/wp-content\/uploads\/2025\/07\/4-1-920x650.jpg",920,650,true],"blossom-mommy-blog-slider":["https:\/\/infotep.com.ar\/wp-content\/uploads\/2025\/07\/4-1-460x310.jpg",460,310,true],"blossom-mommy-blog-two":["https:\/\/infotep.com.ar\/wp-content\/uploads\/2025\/07\/4-1-768x480.jpg",768,480,true]},"author_info":{"info":["Angela Tobar"]},"category_info":"<a href=\"https:\/\/infotep.com.ar\/index.php\/category\/municipales\/la-matanza\/\" rel=\"category tag\">La Matanza<\/a>","tag_info":"La Matanza","comment_count":"0","_links":{"self":[{"href":"https:\/\/infotep.com.ar\/index.php\/wp-json\/wp\/v2\/posts\/25595"}],"collection":[{"href":"https:\/\/infotep.com.ar\/index.php\/wp-json\/wp\/v2\/posts"}],"about":[{"href":"https:\/\/infotep.com.ar\/index.php\/wp-json\/wp\/v2\/types\/post"}],"author":[{"embeddable":true,"href":"https:\/\/infotep.com.ar\/index.php\/wp-json\/wp\/v2\/users\/5"}],"replies":[{"embeddable":true,"href":"https:\/\/infotep.com.ar\/index.php\/wp-json\/wp\/v2\/comments?post=25595"}],"version-history":[{"count":1,"href":"https:\/\/infotep.com.ar\/index.php\/wp-json\/wp\/v2\/posts\/25595\/revisions"}],"predecessor-version":[{"id":25597,"href":"https:\/\/infotep.com.ar\/index.php\/wp-json\/wp\/v2\/posts\/25595\/revisions\/25597"}],"wp:featuredmedia":[{"embeddable":true,"href":"https:\/\/infotep.com.ar\/index.php\/wp-json\/wp\/v2\/media\/25596"}],"wp:attachment":[{"href":"https:\/\/infotep.com.ar\/index.php\/wp-json\/wp\/v2\/media?parent=25595"}],"wp:term":[{"taxonomy":"category","embeddable":true,"href":"https:\/\/infotep.com.ar\/index.php\/wp-json\/wp\/v2\/categories?post=25595"},{"taxonomy":"post_tag","embeddable":true,"href":"https:\/\/infotep.com.ar\/index.php\/wp-json\/wp\/v2\/tags?post=25595"}],"curies":[{"name":"wp","href":"https:\/\/api.w.org\/{rel}","templated":true}]}}