{"id":25642,"date":"2025-07-10T19:48:30","date_gmt":"2025-07-10T22:48:30","guid":{"rendered":"https:\/\/infotep.com.ar\/?p=25642"},"modified":"2025-07-10T19:48:31","modified_gmt":"2025-07-10T22:48:31","slug":"declaracion-cin-universidades-sin-soluciones-del-gobierno-peligra-el-segundo-cuatrimestre","status":"publish","type":"post","link":"https:\/\/infotep.com.ar\/index.php\/2025\/07\/10\/declaracion-cin-universidades-sin-soluciones-del-gobierno-peligra-el-segundo-cuatrimestre\/","title":{"rendered":"Declaraci\u00f3n CIN. Universidades: Sin soluciones del gobierno, peligra el segundo cuatrimestre"},"content":{"rendered":"\n<p>Por medio de un comunicado se alert\u00f3 que &#8220;el segundo cuatrimestre en las universidades nacionales corre peligro: lo vamos a reiterar porque lo que est\u00e1 en juego es el funcionamiento de un sistema al que asisten m\u00e1s de 2,5 millones de estudiantes&#8221;.<\/p>\n\n\n\n<p>&#8220;En lugar de atender y ocuparse de la cr\u00edtica situaci\u00f3n que atraviesan las universidades, sin siquiera responder formalmente una nota elevada por los canales institucionales para advertir las dificultades que atravesamos, el gobierno nacional intenta correr el eje de la discusi\u00f3n&#8221;, se detall\u00f3.<\/p>\n\n\n\n<p>Y se agreg\u00f3: &#8220;Pretende poner en duda que se fueron del sistema 10.000 docentes, calificados, con prestigio y con historia que, por supuesto, afectan la calidad y la excelencia educativa que distingue a nuestras universidades&#8221;.<\/p>\n\n\n\n<p>&#8220;Docentes con vocaci\u00f3n, que defienden la universidad p\u00fablica, pero a los que les es imposible sobrevivir con los bajos salarios que perciben. En algunos casos ni siquiera les alcanza para cubrir el transporte&#8221;, se especific\u00f3.<\/p>\n\n\n\n<p>Adem\u00e1s se expres\u00f3: &#8220;Por supuesto que esos cargos tuvieron que tener un reemplazo para poder garantizar la cursada de los estudiantes. Pero la premura y la urgencia no es la mejor soluci\u00f3n para estos casos. Y deber\u00edan saberlo, un recurso humano formado que se pierde no se recupera solo en un acto administrativo, son a\u00f1os de formaci\u00f3n. Como deber\u00edan saber tambi\u00e9n que hay carreras nuevas en marcha que para completar sus a\u00f1os de dictado exigen la designaci\u00f3n de personal docente a cargo de cada materia. Para esas carreras no hay un solo fondo de financiamiento y, en algunos casos, los que estaban previstos para su puesta en marcha se han dejado de transferir&#8221;.<\/p>\n\n\n\n<p>&#8220;Es grave que la ministra y el subsecretario reconozcan en su propia nota que los docentes tuvieron una p\u00e9rdida del 35 % del poder adquisitivo de los salarios y no hagan nada al respecto&#8221;, se critic\u00f3.<\/p>\n\n\n\n<p>&#8220;Es esa una de las principales causas que afecta el desarrollo del segundo cuatrimestre de 2025. Las cifras que presentamos desde las universidades reflejan fielmente esa realidad&#8221;, analiz\u00f3.<\/p>\n\n\n\n<p>Por lo que se afirm\u00f3: &#8220;Nos complace que las autoridades del ministerio en el mismo comunicado reconozcan que disponen de toda la informaci\u00f3n detallada, mes a mes, del personal docente y nodocente (nombre y CUIT). Durante m\u00e1s de un a\u00f1o han sostenido sin fundamento no tener informaci\u00f3n alguna. Es una muestra clara de la transparencia de un sistema universitario nacional que rinde cuentas&#8221;.<\/p>\n\n\n\n<p>Finalmente, el documento del ministerio estima los valores salariales de 2023 a diciembre de 2024 de acuerdo con el \u00cdndice de Precios al Consumidor, lo que implica, en los hechos, una coincidencia con los principios b\u00e1sicos que sostiene el proyecto de Ley de Financiamiento Universitario, dictaminado favorablemente ayer en la C\u00e1mara de Diputados.<\/p>\n\n\n\n<p>&#8220;Hubi\u00e9ramos preferido que, en lugar de contestar una nota formal a trav\u00e9s de redes sociales, convocaran a las autoridades del Consejo Interuniversitario Nacional (CIN) para trabajar soluciones posibles. La situaci\u00f3n es grave, lo saben. Y nuestra disposici\u00f3n al di\u00e1logo estar\u00e1 siempre. Urge encontrar respuestas que garanticen el normal funcionamiento de nuestras instituciones&#8221;, cerr\u00f3.<\/p>\n","protected":false},"excerpt":{"rendered":"<p>Por medio de un comunicado se alert&oacute; que &ldquo;el segundo cuatrimestre en las universidades nacionales corre peligro: lo vamos a reiterar porque lo que est&aacute; en juego es el funcionamiento de un sistema al que asisten m&aacute;s de 2,5 millones de estudiantes&rdquo;. &ldquo;En lugar de atender y ocuparse de la cr&iacute;tica situaci&oacute;n que atraviesan las &hellip; <\/p>\n","protected":false},"author":5,"featured_media":25177,"comment_status":"closed","ping_status":"closed","sticky":false,"template":"","format":"standard","meta":{"om_disable_all_campaigns":false,"_joinchat":[]},"categories":[6],"tags":[46,43,569],"featured_image_urls":{"full":["https:\/\/infotep.com.ar\/wp-content\/uploads\/2025\/06\/universidad-marcha.jpg",880,512,false],"thumbnail":["https:\/\/infotep.com.ar\/wp-content\/uploads\/2025\/06\/universidad-marcha-150x150.jpg",150,150,true],"medium":["https:\/\/infotep.com.ar\/wp-content\/uploads\/2025\/06\/universidad-marcha-300x175.jpg",300,175,true],"medium_large":["https:\/\/infotep.com.ar\/wp-content\/uploads\/2025\/06\/universidad-marcha-768x447.jpg",768,447,true],"large":["https:\/\/infotep.com.ar\/wp-content\/uploads\/2025\/06\/universidad-marcha.jpg",880,512,false],"1536x1536":["https:\/\/infotep.com.ar\/wp-content\/uploads\/2025\/06\/universidad-marcha.jpg",880,512,false],"2048x2048":["https:\/\/infotep.com.ar\/wp-content\/uploads\/2025\/06\/universidad-marcha.jpg",880,512,false],"blossom-feminine-slider":["https:\/\/infotep.com.ar\/wp-content\/uploads\/2025\/06\/universidad-marcha.jpg",880,512,false],"blossom-feminine-featured":["https:\/\/infotep.com.ar\/wp-content\/uploads\/2025\/06\/universidad-marcha.jpg",880,512,false],"blossom-feminine-with-sidebar":["https:\/\/infotep.com.ar\/wp-content\/uploads\/2025\/06\/universidad-marcha.jpg",880,512,false],"blossom-feminine-blog":["https:\/\/infotep.com.ar\/wp-content\/uploads\/2025\/06\/universidad-marcha-435x435.jpg",435,435,true],"blossom-feminine-cat":["https:\/\/infotep.com.ar\/wp-content\/uploads\/2025\/06\/universidad-marcha-450x300.jpg",450,300,true],"blossom-feminine-related":["https:\/\/infotep.com.ar\/wp-content\/uploads\/2025\/06\/universidad-marcha-320x200.jpg",320,200,true],"blossom-feminine-schema":["https:\/\/infotep.com.ar\/wp-content\/uploads\/2025\/06\/universidad-marcha-103x60.jpg",103,60,true],"blossom-mommy-blog-slider-big":["https:\/\/infotep.com.ar\/wp-content\/uploads\/2025\/06\/universidad-marcha.jpg",880,512,false],"blossom-mommy-blog-slider":["https:\/\/infotep.com.ar\/wp-content\/uploads\/2025\/06\/universidad-marcha-460x310.jpg",460,310,true],"blossom-mommy-blog-two":["https:\/\/infotep.com.ar\/wp-content\/uploads\/2025\/06\/universidad-marcha-768x480.jpg",768,480,true]},"author_info":{"info":["Angela Tobar"]},"category_info":"<a href=\"https:\/\/infotep.com.ar\/index.php\/category\/universitarias\/\" rel=\"category tag\">Universitarias<\/a>","tag_info":"Universitarias","comment_count":"0","_links":{"self":[{"href":"https:\/\/infotep.com.ar\/index.php\/wp-json\/wp\/v2\/posts\/25642"}],"collection":[{"href":"https:\/\/infotep.com.ar\/index.php\/wp-json\/wp\/v2\/posts"}],"about":[{"href":"https:\/\/infotep.com.ar\/index.php\/wp-json\/wp\/v2\/types\/post"}],"author":[{"embeddable":true,"href":"https:\/\/infotep.com.ar\/index.php\/wp-json\/wp\/v2\/users\/5"}],"replies":[{"embeddable":true,"href":"https:\/\/infotep.com.ar\/index.php\/wp-json\/wp\/v2\/comments?post=25642"}],"version-history":[{"count":1,"href":"https:\/\/infotep.com.ar\/index.php\/wp-json\/wp\/v2\/posts\/25642\/revisions"}],"predecessor-version":[{"id":25643,"href":"https:\/\/infotep.com.ar\/index.php\/wp-json\/wp\/v2\/posts\/25642\/revisions\/25643"}],"wp:featuredmedia":[{"embeddable":true,"href":"https:\/\/infotep.com.ar\/index.php\/wp-json\/wp\/v2\/media\/25177"}],"wp:attachment":[{"href":"https:\/\/infotep.com.ar\/index.php\/wp-json\/wp\/v2\/media?parent=25642"}],"wp:term":[{"taxonomy":"category","embeddable":true,"href":"https:\/\/infotep.com.ar\/index.php\/wp-json\/wp\/v2\/categories?post=25642"},{"taxonomy":"post_tag","embeddable":true,"href":"https:\/\/infotep.com.ar\/index.php\/wp-json\/wp\/v2\/tags?post=25642"}],"curies":[{"name":"wp","href":"https:\/\/api.w.org\/{rel}","templated":true}]}}