{"id":25654,"date":"2025-07-11T00:00:00","date_gmt":"2025-07-11T03:00:00","guid":{"rendered":"https:\/\/infotep.com.ar\/?p=25654"},"modified":"2025-07-10T23:35:07","modified_gmt":"2025-07-11T02:35:07","slug":"la-marca-de-caramelos-no-hay-plata-es-golpeado-por-la-crisis-economica","status":"publish","type":"post","link":"https:\/\/infotep.com.ar\/index.php\/2025\/07\/11\/la-marca-de-caramelos-no-hay-plata-es-golpeado-por-la-crisis-economica\/","title":{"rendered":"La marca de caramelos &#8220;No hay Plata&#8221; es golpeado por la crisis econ\u00f3mica"},"content":{"rendered":"\n<p>La firma rafaelina Marengo S.A., reconocida por utilizar el slogan que llev\u00f3 a la presidencia a Javier Milei, suspendi\u00f3 a 60 operarios en su planta en Santa Fe por razones de fuerza mayor.<\/p>\n\n\n\n<p>Seg\u00fan fuentes gremiales consultadas, la ca\u00edda en las ventas explica la decisi\u00f3n intempestiva de la direcci\u00f3n de la compa\u00f1\u00eda alimenticia, que afectar\u00e1 al personal de producci\u00f3n y mantenimiento entre el 14 y el 27 de julio pr\u00f3ximo.<\/p>\n\n\n\n<p>La empresa es reconocida por su tradici\u00f3n en el rubro de las golosinas, pero atraviesa un momento dif\u00edcil en sus finanzas que lo llev\u00f3 a tomar una decisi\u00f3n calificada como \u201cdr\u00e1stica\u201d por los dirigentes sindicales consultados.<\/p>\n\n\n\n<p>Desde la empresa trascendi\u00f3 que la recesi\u00f3n, sumada a una tormenta fuerte que caus\u00f3 un siniestro en los dep\u00f3sitos a comienzos del a\u00f1o, generaron el escenario para comenzar a preparar un procedimiento preventivo de crisis ante el ministerio de Trabajo de la Naci\u00f3n.<\/p>\n\n\n\n<p>Esta es una herramienta laboral legal, establecida por la Ley de Empleo N\u00ba 24.013, que permite a las empresas afrontar situaciones econ\u00f3micas complejas o falta de trabajo mediante la negociaci\u00f3n con los sindicatos en el ministerio de Trabajo, buscando las maneras de evitar despidos masivos o suspensiones prolongadas, m\u00e1s all\u00e1 de los 15 d\u00edas, como ocurre en Marengo.<\/p>\n\n\n\n<p>En el caso de la firma de Rafaela existe un historial de dificultades recientes en el cumplimiento de los pagos a sus empleados que hab\u00edan generado reclamos y protestas.<\/p>\n\n\n\n<p>En ese contexto, la preocupaci\u00f3n entre los trabajadores por el futuro de la compa\u00f1\u00eda se extiende al tiempo que las cr\u00edticas de la CGT local se hacen o\u00edr. Calificaron la suspensi\u00f3n decidida como \u201carbitraria\u201d y criticaron que los trabajadores hayan sido notificados por whatsapp y no a trav\u00e9s de una notificaci\u00f3n de recursos humanos al gremio de la alimentaci\u00f3n.<\/p>\n\n\n\n<p>Financieramente, la central de deudores del Banco Central informa que Marengo S.A. se encuentra dentro de los par\u00e1metros normales. S\u00f3lo posee una calificaci\u00f3n 2 en el Banco Patagonia que est\u00e1 lejos de ser un problema.<\/p>\n\n\n\n<p>Sin embargo, las perspectivas ante la ca\u00edda de la actividad comercial, representa el principal escollo para la empresa que pertenece a un rubro en el que vienen creciendo los problemas financieros.<\/p>\n","protected":false},"excerpt":{"rendered":"<p>La firma rafaelina Marengo S.A., reconocida por utilizar el slogan que llev&oacute; a la presidencia a Javier Milei, suspendi&oacute; a 60 operarios en su planta en Santa Fe por razones de fuerza mayor. Seg&uacute;n fuentes gremiales consultadas, la ca&iacute;da en las ventas explica la decisi&oacute;n intempestiva de la direcci&oacute;n de la compa&ntilde;&iacute;a alimenticia, que afectar&aacute; &hellip; <\/p>\n","protected":false},"author":5,"featured_media":25655,"comment_status":"closed","ping_status":"closed","sticky":false,"template":"","format":"standard","meta":{"om_disable_all_campaigns":false,"_joinchat":[]},"categories":[4],"tags":[46,43,569],"featured_image_urls":{"full":["https:\/\/infotep.com.ar\/wp-content\/uploads\/2025\/07\/720-17.webp",1280,720,false],"thumbnail":["https:\/\/infotep.com.ar\/wp-content\/uploads\/2025\/07\/720-17-150x150.webp",150,150,true],"medium":["https:\/\/infotep.com.ar\/wp-content\/uploads\/2025\/07\/720-17-300x169.webp",300,169,true],"medium_large":["https:\/\/infotep.com.ar\/wp-content\/uploads\/2025\/07\/720-17-768x432.webp",768,432,true],"large":["https:\/\/infotep.com.ar\/wp-content\/uploads\/2025\/07\/720-17-1024x576.webp",1020,574,true],"1536x1536":["https:\/\/infotep.com.ar\/wp-content\/uploads\/2025\/07\/720-17.webp",1280,720,false],"2048x2048":["https:\/\/infotep.com.ar\/wp-content\/uploads\/2025\/07\/720-17.webp",1280,720,false],"blossom-feminine-slider":["https:\/\/infotep.com.ar\/wp-content\/uploads\/2025\/07\/720-17-1280x649.webp",1280,649,true],"blossom-feminine-featured":["https:\/\/infotep.com.ar\/wp-content\/uploads\/2025\/07\/720-17-1280x600.webp",1280,600,true],"blossom-feminine-with-sidebar":["https:\/\/infotep.com.ar\/wp-content\/uploads\/2025\/07\/720-17-1020x600.webp",1020,600,true],"blossom-feminine-blog":["https:\/\/infotep.com.ar\/wp-content\/uploads\/2025\/07\/720-17-435x435.webp",435,435,true],"blossom-feminine-cat":["https:\/\/infotep.com.ar\/wp-content\/uploads\/2025\/07\/720-17-450x300.webp",450,300,true],"blossom-feminine-related":["https:\/\/infotep.com.ar\/wp-content\/uploads\/2025\/07\/720-17-320x200.webp",320,200,true],"blossom-feminine-schema":["https:\/\/infotep.com.ar\/wp-content\/uploads\/2025\/07\/720-17-107x60.webp",107,60,true],"blossom-mommy-blog-slider-big":["https:\/\/infotep.com.ar\/wp-content\/uploads\/2025\/07\/720-17-920x650.webp",920,650,true],"blossom-mommy-blog-slider":["https:\/\/infotep.com.ar\/wp-content\/uploads\/2025\/07\/720-17-460x310.webp",460,310,true],"blossom-mommy-blog-two":["https:\/\/infotep.com.ar\/wp-content\/uploads\/2025\/07\/720-17-768x480.webp",768,480,true]},"author_info":{"info":["Angela Tobar"]},"category_info":"<a href=\"https:\/\/infotep.com.ar\/index.php\/category\/provinciales\/\" rel=\"category tag\">Provinciales<\/a>","tag_info":"Provinciales","comment_count":"0","_links":{"self":[{"href":"https:\/\/infotep.com.ar\/index.php\/wp-json\/wp\/v2\/posts\/25654"}],"collection":[{"href":"https:\/\/infotep.com.ar\/index.php\/wp-json\/wp\/v2\/posts"}],"about":[{"href":"https:\/\/infotep.com.ar\/index.php\/wp-json\/wp\/v2\/types\/post"}],"author":[{"embeddable":true,"href":"https:\/\/infotep.com.ar\/index.php\/wp-json\/wp\/v2\/users\/5"}],"replies":[{"embeddable":true,"href":"https:\/\/infotep.com.ar\/index.php\/wp-json\/wp\/v2\/comments?post=25654"}],"version-history":[{"count":1,"href":"https:\/\/infotep.com.ar\/index.php\/wp-json\/wp\/v2\/posts\/25654\/revisions"}],"predecessor-version":[{"id":25656,"href":"https:\/\/infotep.com.ar\/index.php\/wp-json\/wp\/v2\/posts\/25654\/revisions\/25656"}],"wp:featuredmedia":[{"embeddable":true,"href":"https:\/\/infotep.com.ar\/index.php\/wp-json\/wp\/v2\/media\/25655"}],"wp:attachment":[{"href":"https:\/\/infotep.com.ar\/index.php\/wp-json\/wp\/v2\/media?parent=25654"}],"wp:term":[{"taxonomy":"category","embeddable":true,"href":"https:\/\/infotep.com.ar\/index.php\/wp-json\/wp\/v2\/categories?post=25654"},{"taxonomy":"post_tag","embeddable":true,"href":"https:\/\/infotep.com.ar\/index.php\/wp-json\/wp\/v2\/tags?post=25654"}],"curies":[{"name":"wp","href":"https:\/\/api.w.org\/{rel}","templated":true}]}}