{"id":25726,"date":"2025-07-14T03:16:27","date_gmt":"2025-07-14T06:16:27","guid":{"rendered":"https:\/\/infotep.com.ar\/?p=25726"},"modified":"2025-07-14T03:16:27","modified_gmt":"2025-07-14T06:16:27","slug":"nueva-manifestacion-frente-al-rectorado-de-la-uba-en-contra-del-arancelamiento-del-hospital-de-clinicas","status":"publish","type":"post","link":"https:\/\/infotep.com.ar\/index.php\/2025\/07\/14\/nueva-manifestacion-frente-al-rectorado-de-la-uba-en-contra-del-arancelamiento-del-hospital-de-clinicas\/","title":{"rendered":"Nueva manifestaci\u00f3n frente al rectorado de la UBA, en contra del arancelamiento del Hospital de Cl\u00ednicas"},"content":{"rendered":"\n<p>Ser\u00e1 el pr\u00f3ximo el mi\u00e9rcoles, \u201cen defensa de la salud y la educaci\u00f3n p\u00fablicas\u201d y en contra de los \u201crecortes presupuestarios\u201d que afectan a la instituci\u00f3n.<br><br>Trabajadores de la salud, docentes universitarios, estudiantes y personas autoconvocadas realizar\u00e1n, esta semana, una manifestaci\u00f3n frente al rectorado de la Universidad de Buenos Aires, en contra del arancelamiento del Hospital de Cl\u00ednicas y \u201cen defensa de la salud y la educaci\u00f3n p\u00fablicas\u201d, debido a que es una instituci\u00f3n universitaria.<\/p>\n\n\n\n<p>Esta medida pretende visibilizar la situaci\u00f3n actual que enfrenta el Cl\u00ednicas, debido a que su arancelamiento \u201cpodr\u00eda afectar la atenci\u00f3n p\u00fablica y la gratuidad de la salud\u201d en los pacientes que utilizan sus servicios y que se atienden all\u00ed, muchas veces por no poseer obra social o prepaga.<\/p>\n\n\n\n<p>La Asociaci\u00f3n Gremial Docente de la UBA (AGD), uno de los sindicatos que formar\u00e1n parte de la movilizaci\u00f3n, manifest\u00f3 que la Comisi\u00f3n de Presupuesto del Consejo Superior de la Universidad \u201celev\u00f3 un proyecto para arancelar las prestaciones m\u00e9dicas\u201d, en \u201cun intento de privatizar el Hospital\u201d, siendo \u00e9sta una instituci\u00f3n \u201cejemplo\u201d en todo el pa\u00eds y en Latinoam\u00e9rica.<\/p>\n\n\n\n<p>\u201cEl Rectorado y el Consejo Superior se alinean con la motosierra del gobierno de (Javier) Milei. As\u00ed se manifest\u00f3 en el 2022 cuando el Consejo Superior decidi\u00f3 retirar de la Obra Social DOSUBA a nuestros compa\u00f1eros jubilados, luego de aportar durante toda su vida, y tambi\u00e9n, tempranamente el a\u00f1o pasado, cuando tras la m\u00e1s masiva movilizaci\u00f3n universitaria de la historia, el Rectorado se apur\u00f3 a cerrar el conflicto con el anuncio de un aporte de fondos del Gobierno Nacional, que apenas cubr\u00edan los costos m\u00e1s elementales. As\u00ed decidieron levantar la emergencia presupuestaria\u201d, sostuvieron mediante un comunicado.<\/p>\n\n\n\n<p>En la misma l\u00ednea, expresaron que estos \u00faltimos meses, la situaci\u00f3n \u201cempeor\u00f3\u201d y que al ajuste presupuestario, se suman a los \u201csalarios de miseria\u201d que perciben.<\/p>\n\n\n\n<p>La concentraci\u00f3n se llevar\u00e1 a cabo el pr\u00f3ximo mi\u00e9rcoles 16 en la sede porte\u00f1a del Rectorado de la Universidad de Buenos Aires, en Viamonte al 400 (Ciudad de Buenos Aires), a las 10hs.<\/p>\n\n\n\n<p>\u201cLlamamos a la docencia a movilizarse. El Cl\u00ednicas no se arancela ni se privatiza. Se abraza y se defiende\u201d, concluyeron.<\/p>\n","protected":false},"excerpt":{"rendered":"<p>Ser&aacute; el pr&oacute;ximo el mi&eacute;rcoles, &ldquo;en defensa de la salud y la educaci&oacute;n p&uacute;blicas&rdquo; y en contra de los &ldquo;recortes presupuestarios&rdquo; que afectan a la instituci&oacute;n. Trabajadores de la salud, docentes universitarios, estudiantes y personas autoconvocadas realizar&aacute;n, esta semana, una manifestaci&oacute;n frente al rectorado de la Universidad de Buenos Aires, en contra del arancelamiento del &hellip; <\/p>\n","protected":false},"author":5,"featured_media":25727,"comment_status":"closed","ping_status":"closed","sticky":false,"template":"","format":"standard","meta":{"om_disable_all_campaigns":false,"_joinchat":[]},"categories":[7,3],"tags":[46,43,569],"featured_image_urls":{"full":["https:\/\/infotep.com.ar\/wp-content\/uploads\/2025\/07\/hospital-de-clinicas.webp",1080,720,false],"thumbnail":["https:\/\/infotep.com.ar\/wp-content\/uploads\/2025\/07\/hospital-de-clinicas-150x150.webp",150,150,true],"medium":["https:\/\/infotep.com.ar\/wp-content\/uploads\/2025\/07\/hospital-de-clinicas-300x200.webp",300,200,true],"medium_large":["https:\/\/infotep.com.ar\/wp-content\/uploads\/2025\/07\/hospital-de-clinicas-768x512.webp",768,512,true],"large":["https:\/\/infotep.com.ar\/wp-content\/uploads\/2025\/07\/hospital-de-clinicas-1024x683.webp",1020,680,true],"1536x1536":["https:\/\/infotep.com.ar\/wp-content\/uploads\/2025\/07\/hospital-de-clinicas.webp",1080,720,false],"2048x2048":["https:\/\/infotep.com.ar\/wp-content\/uploads\/2025\/07\/hospital-de-clinicas.webp",1080,720,false],"blossom-feminine-slider":["https:\/\/infotep.com.ar\/wp-content\/uploads\/2025\/07\/hospital-de-clinicas-1080x649.webp",1080,649,true],"blossom-feminine-featured":["https:\/\/infotep.com.ar\/wp-content\/uploads\/2025\/07\/hospital-de-clinicas-1080x600.webp",1080,600,true],"blossom-feminine-with-sidebar":["https:\/\/infotep.com.ar\/wp-content\/uploads\/2025\/07\/hospital-de-clinicas-1020x600.webp",1020,600,true],"blossom-feminine-blog":["https:\/\/infotep.com.ar\/wp-content\/uploads\/2025\/07\/hospital-de-clinicas-435x435.webp",435,435,true],"blossom-feminine-cat":["https:\/\/infotep.com.ar\/wp-content\/uploads\/2025\/07\/hospital-de-clinicas-450x300.webp",450,300,true],"blossom-feminine-related":["https:\/\/infotep.com.ar\/wp-content\/uploads\/2025\/07\/hospital-de-clinicas-320x200.webp",320,200,true],"blossom-feminine-schema":["https:\/\/infotep.com.ar\/wp-content\/uploads\/2025\/07\/hospital-de-clinicas-90x60.webp",90,60,true],"blossom-mommy-blog-slider-big":["https:\/\/infotep.com.ar\/wp-content\/uploads\/2025\/07\/hospital-de-clinicas-920x650.webp",920,650,true],"blossom-mommy-blog-slider":["https:\/\/infotep.com.ar\/wp-content\/uploads\/2025\/07\/hospital-de-clinicas-460x310.webp",460,310,true],"blossom-mommy-blog-two":["https:\/\/infotep.com.ar\/wp-content\/uploads\/2025\/07\/hospital-de-clinicas-768x480.webp",768,480,true]},"author_info":{"info":["Angela Tobar"]},"category_info":"<a href=\"https:\/\/infotep.com.ar\/index.php\/category\/gremios\/\" rel=\"category tag\">Gremios<\/a> <a href=\"https:\/\/infotep.com.ar\/index.php\/category\/nacionales\/\" rel=\"category tag\">Nacionales<\/a>","tag_info":"Nacionales","comment_count":"0","_links":{"self":[{"href":"https:\/\/infotep.com.ar\/index.php\/wp-json\/wp\/v2\/posts\/25726"}],"collection":[{"href":"https:\/\/infotep.com.ar\/index.php\/wp-json\/wp\/v2\/posts"}],"about":[{"href":"https:\/\/infotep.com.ar\/index.php\/wp-json\/wp\/v2\/types\/post"}],"author":[{"embeddable":true,"href":"https:\/\/infotep.com.ar\/index.php\/wp-json\/wp\/v2\/users\/5"}],"replies":[{"embeddable":true,"href":"https:\/\/infotep.com.ar\/index.php\/wp-json\/wp\/v2\/comments?post=25726"}],"version-history":[{"count":1,"href":"https:\/\/infotep.com.ar\/index.php\/wp-json\/wp\/v2\/posts\/25726\/revisions"}],"predecessor-version":[{"id":25728,"href":"https:\/\/infotep.com.ar\/index.php\/wp-json\/wp\/v2\/posts\/25726\/revisions\/25728"}],"wp:featuredmedia":[{"embeddable":true,"href":"https:\/\/infotep.com.ar\/index.php\/wp-json\/wp\/v2\/media\/25727"}],"wp:attachment":[{"href":"https:\/\/infotep.com.ar\/index.php\/wp-json\/wp\/v2\/media?parent=25726"}],"wp:term":[{"taxonomy":"category","embeddable":true,"href":"https:\/\/infotep.com.ar\/index.php\/wp-json\/wp\/v2\/categories?post=25726"},{"taxonomy":"post_tag","embeddable":true,"href":"https:\/\/infotep.com.ar\/index.php\/wp-json\/wp\/v2\/tags?post=25726"}],"curies":[{"name":"wp","href":"https:\/\/api.w.org\/{rel}","templated":true}]}}