{"id":2580,"date":"2022-12-12T16:58:08","date_gmt":"2022-12-12T19:58:08","guid":{"rendered":"https:\/\/infotep.com.ar\/?p=2580"},"modified":"2022-12-20T17:08:52","modified_gmt":"2022-12-20T20:08:52","slug":"el-senado-aprobo-el-dictamen-del-proyecto-de-ley-de-cardiopatias-congenitas","status":"publish","type":"post","link":"https:\/\/infotep.com.ar\/index.php\/2022\/12\/12\/el-senado-aprobo-el-dictamen-del-proyecto-de-ley-de-cardiopatias-congenitas\/","title":{"rendered":"El Senado aprob\u00f3 el dictamen del proyecto de ley de Cardiopat\u00edas Cong\u00e9nitas"},"content":{"rendered":"\n<p>La iniciativa, venida en revisi\u00f3n de Diputados, incorpora la evaluaci\u00f3n card\u00edaca fetal entre las semanas 18 y 24 de embarazo al PMO de obras sociales y prepagas.<\/p>\n\n\n\n<p><br>Tiene como objetivo de dar con la detecci\u00f3n temprana de estas cardiopat\u00edas que afectan a alrededor de 7.000 ni\u00f1os, ni\u00f1as y beb\u00e9s.Tiene como objetivo de dar con la detecci\u00f3n temprana de estas cardiopat\u00edas que afectan a alrededor de 7.000 ni\u00f1os, ni\u00f1as y beb\u00e9s.<br><\/p>\n\n\n\n<p>El Senado aprob\u00f3 este mi\u00e9rcoles el dictamen del proyecto de ley que apunta a ampliar y jerarquizar el Programa Nacional de Cardiopat\u00edas Cong\u00e9nitas en el \u00e1mbito del Ministerio de Salud de la Naci\u00f3n.<\/p>\n\n\n\n<p>La iniciativa, que vuelve en revisi\u00f3n de la C\u00e1mara de Diputados, tuvo el visto bueno en una reuni\u00f3n de la comisi\u00f3n de Salud, presidida por el oficialista Pablo Yedlin.<\/p>\n\n\n\n<p>El proyecto propone jerarquizar con fuerza de ley y ampliar este plan nacional creado en el 2008, y que desde el 2010 funciona en el Hospital Garraham, con el objetivo de dar con la detecci\u00f3n temprana de estas cardiopat\u00edas que afectan a alrededor de 7.000 ni\u00f1os, ni\u00f1as y beb\u00e9s.<\/p>\n\n\n\n<p>La norma propuesta sostiene que &#8220;las personas con cardiopat\u00edas cong\u00e9nitas tienen derecho a todas las instancias de detecci\u00f3n y tratamiento correspondientes en cada etapa vital&#8221;. &#8220;Asimismo, todas las mujeres embarazadas y\/o personas gestantes tienen derecho a un control prenatal que incluya la detecci\u00f3n precoz de cardiopat\u00edas cong\u00e9nitas, garantizando, si correspondiera, el traslado intrauterino&#8221;, agrega el texto.<\/p>\n\n\n\n<p>Mediante la ley se incorpora como &#8220;estudio de rutina obligatorio para todas las mujeres embarazadas y\/o personas gestantes entre las semanas 18 y 24, como primer nivel de detecci\u00f3n, la evaluaci\u00f3n card\u00edaca fetal&#8221;.<\/p>\n\n\n\n<p>&#8220;Las personas gestantes que resulten con alguna sospecha de gestar un feto con una cardiopat\u00eda cong\u00e9nita deber\u00e1n ser derivadas para la realizaci\u00f3n de la ecocardiograf\u00eda fetal a cargo de un cardi\u00f3logo pedi\u00e1trico, como segundo nivel de detecci\u00f3n&#8221;, indica el proyecto, que estipula que estos estudios de detecci\u00f3n temprana de cardiopat\u00edas deber\u00e1n incorporarse al Programa M\u00e9dico Obligatorio (PMO) de obras sociales y prepagas.<\/p>\n\n\n\n<p>Adem\u00e1s, la iniciativa prev\u00e9 la creaci\u00f3n de un Consejo Asesor de Cardiopat\u00edas Cong\u00e9nitas, que ser\u00e1 de car\u00e1cter honorario y estar\u00e1 integrado por representantes del Ministerio de Salud de la Naci\u00f3n, asociaciones de familiares de pacientes con cardiopat\u00edas cong\u00e9nitas y sociedades cient\u00edficas que aborden esta tem\u00e1tica.<\/p>\n\n\n\n<p>En Diputados, la iniciativa hab\u00eda sido aprobada por abrumadora mayor\u00eda el 24 de noviembre pasado con 209 votos a favor y apenas dos rechazos de los libertarios de La Libertad Avanza Javier Milei y Victoria Villarruel.<\/p>\n\n\n\n<p>Por otra parte, la comisi\u00f3n de Salud comenz\u00f3 a tratar el proyecto sobre derechos laborales en las residencias en un plenario conjunto con la comisi\u00f3n de Trabajo.<\/p>\n","protected":false},"excerpt":{"rendered":"<p>La iniciativa, venida en revisi&oacute;n de Diputados, incorpora la evaluaci&oacute;n card&iacute;aca fetal entre las semanas 18 y 24 de embarazo al PMO de obras sociales y prepagas. Tiene como objetivo de dar con la detecci&oacute;n temprana de estas cardiopat&iacute;as que afectan a alrededor de 7.000 ni&ntilde;os, ni&ntilde;as y beb&eacute;s.Tiene como objetivo de dar con la &hellip; <\/p>\n","protected":false},"author":5,"featured_media":1258,"comment_status":"closed","ping_status":"closed","sticky":false,"template":"","format":"standard","meta":{"om_disable_all_campaigns":false,"_joinchat":[]},"categories":[3],"tags":[],"featured_image_urls":{"full":["https:\/\/infotep.com.ar\/wp-content\/uploads\/2022\/09\/comgreso.jpg",900,506,false],"thumbnail":["https:\/\/infotep.com.ar\/wp-content\/uploads\/2022\/09\/comgreso-150x150.jpg",150,150,true],"medium":["https:\/\/infotep.com.ar\/wp-content\/uploads\/2022\/09\/comgreso-300x169.jpg",300,169,true],"medium_large":["https:\/\/infotep.com.ar\/wp-content\/uploads\/2022\/09\/comgreso-768x432.jpg",768,432,true],"large":["https:\/\/infotep.com.ar\/wp-content\/uploads\/2022\/09\/comgreso.jpg",900,506,false],"1536x1536":["https:\/\/infotep.com.ar\/wp-content\/uploads\/2022\/09\/comgreso.jpg",900,506,false],"2048x2048":["https:\/\/infotep.com.ar\/wp-content\/uploads\/2022\/09\/comgreso.jpg",900,506,false],"blossom-feminine-slider":["https:\/\/infotep.com.ar\/wp-content\/uploads\/2022\/09\/comgreso.jpg",900,506,false],"blossom-feminine-featured":["https:\/\/infotep.com.ar\/wp-content\/uploads\/2022\/09\/comgreso.jpg",900,506,false],"blossom-feminine-with-sidebar":["https:\/\/infotep.com.ar\/wp-content\/uploads\/2022\/09\/comgreso.jpg",900,506,false],"blossom-feminine-blog":["https:\/\/infotep.com.ar\/wp-content\/uploads\/2022\/09\/comgreso-435x435.jpg",435,435,true],"blossom-feminine-cat":["https:\/\/infotep.com.ar\/wp-content\/uploads\/2022\/09\/comgreso-450x300.jpg",450,300,true],"blossom-feminine-related":["https:\/\/infotep.com.ar\/wp-content\/uploads\/2022\/09\/comgreso-320x200.jpg",320,200,true],"blossom-feminine-schema":["https:\/\/infotep.com.ar\/wp-content\/uploads\/2022\/09\/comgreso-107x60.jpg",107,60,true],"blossom-mommy-blog-slider-big":["https:\/\/infotep.com.ar\/wp-content\/uploads\/2022\/09\/comgreso.jpg",900,506,false],"blossom-mommy-blog-slider":["https:\/\/infotep.com.ar\/wp-content\/uploads\/2022\/09\/comgreso-460x310.jpg",460,310,true],"blossom-mommy-blog-two":["https:\/\/infotep.com.ar\/wp-content\/uploads\/2022\/09\/comgreso-768x480.jpg",768,480,true]},"author_info":{"info":["Angela Tobar"]},"category_info":"<a href=\"https:\/\/infotep.com.ar\/index.php\/category\/nacionales\/\" rel=\"category tag\">Nacionales<\/a>","tag_info":"Nacionales","comment_count":"0","_links":{"self":[{"href":"https:\/\/infotep.com.ar\/index.php\/wp-json\/wp\/v2\/posts\/2580"}],"collection":[{"href":"https:\/\/infotep.com.ar\/index.php\/wp-json\/wp\/v2\/posts"}],"about":[{"href":"https:\/\/infotep.com.ar\/index.php\/wp-json\/wp\/v2\/types\/post"}],"author":[{"embeddable":true,"href":"https:\/\/infotep.com.ar\/index.php\/wp-json\/wp\/v2\/users\/5"}],"replies":[{"embeddable":true,"href":"https:\/\/infotep.com.ar\/index.php\/wp-json\/wp\/v2\/comments?post=2580"}],"version-history":[{"count":1,"href":"https:\/\/infotep.com.ar\/index.php\/wp-json\/wp\/v2\/posts\/2580\/revisions"}],"predecessor-version":[{"id":2581,"href":"https:\/\/infotep.com.ar\/index.php\/wp-json\/wp\/v2\/posts\/2580\/revisions\/2581"}],"wp:featuredmedia":[{"embeddable":true,"href":"https:\/\/infotep.com.ar\/index.php\/wp-json\/wp\/v2\/media\/1258"}],"wp:attachment":[{"href":"https:\/\/infotep.com.ar\/index.php\/wp-json\/wp\/v2\/media?parent=2580"}],"wp:term":[{"taxonomy":"category","embeddable":true,"href":"https:\/\/infotep.com.ar\/index.php\/wp-json\/wp\/v2\/categories?post=2580"},{"taxonomy":"post_tag","embeddable":true,"href":"https:\/\/infotep.com.ar\/index.php\/wp-json\/wp\/v2\/tags?post=2580"}],"curies":[{"name":"wp","href":"https:\/\/api.w.org\/{rel}","templated":true}]}}