{"id":25838,"date":"2025-07-16T15:30:00","date_gmt":"2025-07-16T18:30:00","guid":{"rendered":"https:\/\/infotep.com.ar\/?p=25838"},"modified":"2025-07-16T15:37:41","modified_gmt":"2025-07-16T18:37:41","slug":"moreno-realiza-una-nueva-capacitacion-en-primera-escucha-y-prevencion-de-consumos","status":"publish","type":"post","link":"https:\/\/infotep.com.ar\/index.php\/2025\/07\/16\/moreno-realiza-una-nueva-capacitacion-en-primera-escucha-y-prevencion-de-consumos\/","title":{"rendered":"Moreno realiza una nueva capacitaci\u00f3n en primera Escucha y prevenci\u00f3n de consumos"},"content":{"rendered":"\n<p>Abierta la inscripci\u00f3n para los encuentros que se realizar\u00e1n los jueves 7, 14, 21 y 28 de agosto, de 10 a 12 horas, en la Sede de la U.N.A<\/p>\n\n\n\n<p><strong>El Municipio de Moreno impulsa distintos espacios de formaci\u00f3n para fortalecer las redes comunitarias de cuidado. En esta oportunidad, se lanza una nueva edici\u00f3n del Taller de Promotoras y Promotores en Primera Escucha y Prevenci\u00f3n de los Consumos, con el objetivo de capacitar a vecinas y vecinos en herramientas de acompa\u00f1amiento, orientaci\u00f3n y articulaci\u00f3n frente a situaciones relacionadas con consumos.<\/strong><\/p>\n\n\n\n<p>Los encuentros se llevar\u00e1n a cabo los jueves 7, 14, 21 y 28 de agosto, en el horario de 10 a 12 horas, en la Sede de la Universidad Nacional de las Artes U.N.A, ubicada en Alcorta 2854, Moreno Centro. Las inscripciones est\u00e1n disponibles a trav\u00e9s del siguiente formulario en l\u00ednea: <a href=\"https:\/\/docs.google.com\/forms\/d\/e\/1FAIpQLSdQDokoDdlX5WGSGi768SkouI_scZx8H-UeW2awa_TeaWIASg\/viewform\" target=\"_blank\" rel=\"noreferrer noopener\">https:\/\/docs.google.com\/forms\/d\/e\/1FAIpQLSdQDokoDdlX5WGSGi768SkouI_scZx8H-UeW2awa_TeaWIASg\/viewform<\/a><\/p>\n\n\n\n<p>La propuesta est\u00e1 dise\u00f1ada especialmente para personas que deseen involucrarse y brindar ayuda desde un enfoque cercano y emp\u00e1tico. No se requieren conocimientos previos para participar y la formaci\u00f3n est\u00e1 abierta a todas las personas interesadas.<\/p>\n\n\n\n<p>La iniciativa se enmarca en las pol\u00edticas p\u00fablicas locales de prevenci\u00f3n, atenci\u00f3n y contenci\u00f3n frente a los consumos, y forma parte de una estrategia de salud integral que se fortalece con la participaci\u00f3n activa de la comunidad organizada.<\/p>\n","protected":false},"excerpt":{"rendered":"<p>Abierta la inscripci&oacute;n para los encuentros que se realizar&aacute;n los jueves 7, 14, 21 y 28 de agosto, de 10 a 12 horas, en la Sede de la U.N.A El Municipio de Moreno impulsa distintos espacios de formaci&oacute;n para fortalecer las redes comunitarias de cuidado. En esta oportunidad, se lanza una nueva edici&oacute;n del Taller &hellip; <\/p>\n","protected":false},"author":5,"featured_media":15179,"comment_status":"closed","ping_status":"closed","sticky":false,"template":"","format":"standard","meta":{"om_disable_all_campaigns":false,"_joinchat":[]},"categories":[85],"tags":[46,107,43,569],"featured_image_urls":{"full":["https:\/\/infotep.com.ar\/wp-content\/uploads\/2024\/08\/casa-pueblo.jpg",1080,720,false],"thumbnail":["https:\/\/infotep.com.ar\/wp-content\/uploads\/2024\/08\/casa-pueblo-150x150.jpg",150,150,true],"medium":["https:\/\/infotep.com.ar\/wp-content\/uploads\/2024\/08\/casa-pueblo-300x200.jpg",300,200,true],"medium_large":["https:\/\/infotep.com.ar\/wp-content\/uploads\/2024\/08\/casa-pueblo-768x512.jpg",768,512,true],"large":["https:\/\/infotep.com.ar\/wp-content\/uploads\/2024\/08\/casa-pueblo-1024x683.jpg",1020,680,true],"1536x1536":["https:\/\/infotep.com.ar\/wp-content\/uploads\/2024\/08\/casa-pueblo.jpg",1080,720,false],"2048x2048":["https:\/\/infotep.com.ar\/wp-content\/uploads\/2024\/08\/casa-pueblo.jpg",1080,720,false],"blossom-feminine-slider":["https:\/\/infotep.com.ar\/wp-content\/uploads\/2024\/08\/casa-pueblo-1080x649.jpg",1080,649,true],"blossom-feminine-featured":["https:\/\/infotep.com.ar\/wp-content\/uploads\/2024\/08\/casa-pueblo-1080x600.jpg",1080,600,true],"blossom-feminine-with-sidebar":["https:\/\/infotep.com.ar\/wp-content\/uploads\/2024\/08\/casa-pueblo-1020x600.jpg",1020,600,true],"blossom-feminine-blog":["https:\/\/infotep.com.ar\/wp-content\/uploads\/2024\/08\/casa-pueblo-435x435.jpg",435,435,true],"blossom-feminine-cat":["https:\/\/infotep.com.ar\/wp-content\/uploads\/2024\/08\/casa-pueblo-450x300.jpg",450,300,true],"blossom-feminine-related":["https:\/\/infotep.com.ar\/wp-content\/uploads\/2024\/08\/casa-pueblo-320x200.jpg",320,200,true],"blossom-feminine-schema":["https:\/\/infotep.com.ar\/wp-content\/uploads\/2024\/08\/casa-pueblo-90x60.jpg",90,60,true],"blossom-mommy-blog-slider-big":["https:\/\/infotep.com.ar\/wp-content\/uploads\/2024\/08\/casa-pueblo-920x650.jpg",920,650,true],"blossom-mommy-blog-slider":["https:\/\/infotep.com.ar\/wp-content\/uploads\/2024\/08\/casa-pueblo-460x310.jpg",460,310,true],"blossom-mommy-blog-two":["https:\/\/infotep.com.ar\/wp-content\/uploads\/2024\/08\/casa-pueblo-768x480.jpg",768,480,true]},"author_info":{"info":["Angela Tobar"]},"category_info":"<a href=\"https:\/\/infotep.com.ar\/index.php\/category\/municipales\/moreno\/\" rel=\"category tag\">Moreno<\/a>","tag_info":"Moreno","comment_count":"0","_links":{"self":[{"href":"https:\/\/infotep.com.ar\/index.php\/wp-json\/wp\/v2\/posts\/25838"}],"collection":[{"href":"https:\/\/infotep.com.ar\/index.php\/wp-json\/wp\/v2\/posts"}],"about":[{"href":"https:\/\/infotep.com.ar\/index.php\/wp-json\/wp\/v2\/types\/post"}],"author":[{"embeddable":true,"href":"https:\/\/infotep.com.ar\/index.php\/wp-json\/wp\/v2\/users\/5"}],"replies":[{"embeddable":true,"href":"https:\/\/infotep.com.ar\/index.php\/wp-json\/wp\/v2\/comments?post=25838"}],"version-history":[{"count":1,"href":"https:\/\/infotep.com.ar\/index.php\/wp-json\/wp\/v2\/posts\/25838\/revisions"}],"predecessor-version":[{"id":25840,"href":"https:\/\/infotep.com.ar\/index.php\/wp-json\/wp\/v2\/posts\/25838\/revisions\/25840"}],"wp:featuredmedia":[{"embeddable":true,"href":"https:\/\/infotep.com.ar\/index.php\/wp-json\/wp\/v2\/media\/15179"}],"wp:attachment":[{"href":"https:\/\/infotep.com.ar\/index.php\/wp-json\/wp\/v2\/media?parent=25838"}],"wp:term":[{"taxonomy":"category","embeddable":true,"href":"https:\/\/infotep.com.ar\/index.php\/wp-json\/wp\/v2\/categories?post=25838"},{"taxonomy":"post_tag","embeddable":true,"href":"https:\/\/infotep.com.ar\/index.php\/wp-json\/wp\/v2\/tags?post=25838"}],"curies":[{"name":"wp","href":"https:\/\/api.w.org\/{rel}","templated":true}]}}