{"id":25856,"date":"2025-07-17T11:56:10","date_gmt":"2025-07-17T14:56:10","guid":{"rendered":"https:\/\/infotep.com.ar\/?p=25856"},"modified":"2025-07-17T11:56:32","modified_gmt":"2025-07-17T14:56:32","slug":"men-defensa-del-garrahan-y-la-salud-publica-ate-y-otros-gremios-se-movilizaran-a-plaza-de-mayo","status":"publish","type":"post","link":"https:\/\/infotep.com.ar\/index.php\/2025\/07\/17\/men-defensa-del-garrahan-y-la-salud-publica-ate-y-otros-gremios-se-movilizaran-a-plaza-de-mayo\/","title":{"rendered":"En defensa del Garrahan y la salud p\u00fablica, ATE y otros gremios se movilizar\u00e1n a Plaza de Mayo"},"content":{"rendered":"\n<p>Varios sindicatos, que conforman el Frente por la Soberan\u00eda, el Trabajo Justo y el Salario Digno, apoyan el reclamo de los trabajadores del hospital pedi\u00e1trico.<\/p>\n\n\n\n<figure class=\"wp-block-audio\"><audio controls src=\"https:\/\/infotep.com.ar\/wp-content\/uploads\/2025\/07\/rec0716-190446-mp3cut.net_.mp3\"><\/audio><\/figure>\n\n\n\n<p><br><br>La Asociaci\u00f3n de Trabajadores del Estado (ATE), diversos gremios de la salud y otros sectores como docentes, estudiantes, artistas y jubilados, se movilizar\u00e1n, hoy por la tarde, desde el Congreso de la Naci\u00f3n hasta Plaza de Mayo, \u201cen defensa del Garrahan y la Salud P\u00fablica\u201d.<\/p>\n\n\n\n<p>Esta iniciativa llevada adelante por el Frente por la Soberan\u00eda, el Trabajo Justo y el Salario Digno, no s\u00f3lo se realizar\u00e1 en la Ciudad de Buenos Aires, sino que tambi\u00e9n habr\u00e1 jornadas de lucha a nivel nacional, debido a que los recortes presupuestarios, en el \u00e1mbito de la salud, impactaron en todo el territorio.<\/p>\n\n\n\n<p><strong>Cristina Alonso doctora en bioqu\u00edmica jefa del \u00e1rea de laboratorios especializados y comisi\u00f3n directiva de La Asociaci\u00f3n de Profesionales y T\u00e9cnicos del Hospital Garrahan (APyT), detall\u00f3 en di\u00e1logo con Todo es Pol\u00edtica, <\/strong>que se movilizar\u00e1 un gran frente federal de contenci\u00f3n que &#8220;sabe lo que significa el Garrahan y valora la salud p\u00fablica&#8221; para defenderse ante las pol\u00edticas de ajuste y destrucci\u00f3n que lleva adelante el gobierno nacional. <\/p>\n\n\n\n<p>Y se marc\u00f3 que el hospital atiende 600 mil consultas por a\u00f1o, de las cuales 400 mil son de alta complejidad. El 40 por ciento de los ni\u00f1os con c\u00e1ncer del pa\u00eds se atienden en el Garrahan. Es un centro de referencia tambi\u00e9n en trasplantes de \u00f3rganos&#8221;.<\/p>\n\n\n\n<p>La profesional record\u00f3 los puntos fundamentales del reclamo: &#8220;lo salarial es el principal reclamo, las jornadas son extensas y se hace dificil poder tener otro trabajo&#8221;. Adem\u00e1s, de la protesta salarial se exige una actualizaci\u00f3n del presupuesto del hospital, &#8220;se compra menos y hace que administrativamente sea complicado&#8221; y el tercer punto &#8220;las residencias, que estan deterioradas, el residente de primer a\u00f1o cobra menos de 800 mil pesos y le cambiaron el reglamento a los nuevos residentes que pasaran a ser becarios&#8221;. <\/p>\n\n\n\n<p>Consultada sobre si se puede comparar esta crisis que atraviesa la instituci\u00f3n con otro momento historico, marc\u00f3 &#8220;no nunca &#8220;Muchos compa\u00f1eros votaron a este gobierno porque pens\u00f3 que al Garrahan no le iba a tocar, y ac\u00e1 estamos&#8221;.<\/p>\n\n\n\n<p>Con respecto a las renuncias de al menos 200 profesionales que decidieron ir a otros espacios con mejores salarios, lament\u00f3: &#8220;perder a esas personas, adem\u00e1s que no las est\u00e1n remplazando, hace que sea un sistema m\u00e1s precario&#8221;. <\/p>\n\n\n\n<p>Por su parte, Norma Lezana, secretaria general de la Asociaci\u00f3n de T\u00e9cnicos y Profesionales (APyT) del Hospital Garrahan, asegur\u00f3 que hoy habr\u00e1 m\u00e1s de \u201c90 organizaciones\u201d, no s\u00f3lo del campo de la salud, sino tambi\u00e9n sociales, pol\u00edticas, de derechos humanos, que integran la CTA, la CGT y del campo de la cultura \u201cque apoyan la lucha en defensa del Garrahan\u201d.<\/p>\n\n\n\n<p><strong>\u201cEl mensaje que queremos darle al Gobierno y al ministro (Mario) Lugones es que dejen de mirar para otro lado, que solucionen el problema que aqu\u00ed est\u00e1 sucediendo. A la CGT tambi\u00e9n le decimos p\u00fablicamente que los llamamos porque tienen responsabilidad para la resoluci\u00f3n de este conflicto: que llamen a un paro nacional en defensa del Garrahan y de la salud p\u00fablica, que pare con la decisi\u00f3n del Gobierno de destruir el Garrahan. Esto es necesario de manera urgente. La situaci\u00f3n en el Hospital es insostenible, pero nosotros no vamos a dejar, en ning\u00fan momento, de defenderlo\u201d, manifest\u00f3.<\/strong><\/p>\n\n\n\n<p class=\"has-light-green-cyan-background-color has-background\">A partir de las 16.30hs. todas las organizaciones y asociaciones comenzar\u00e1n la movilizaci\u00f3n desde el Congreso hasta Plaza de Mayo en rechazo al \u201cvaciamiento\u201d del Garrahan y de todos los hospitales nacionales \u201cpor la falta de personal y presupuesto\u201d y para exigir condiciones laborales y edilicias \u201cdignas\u201d.<\/p>\n\n\n\n<p><\/p>\n\n\n\n<p><\/p>\n","protected":false},"excerpt":{"rendered":"<p>Varios sindicatos, que conforman el Frente por la Soberan&iacute;a, el Trabajo Justo y el Salario Digno, apoyan el reclamo de los trabajadores del hospital pedi&aacute;trico. La Asociaci&oacute;n de Trabajadores del Estado (ATE), diversos gremios de la salud y otros sectores como docentes, estudiantes, artistas y jubilados, se movilizar&aacute;n, hoy por la tarde, desde el Congreso &hellip; <\/p>\n","protected":false},"author":5,"featured_media":25075,"comment_status":"closed","ping_status":"closed","sticky":false,"template":"","format":"standard","meta":{"om_disable_all_campaigns":false,"_joinchat":[]},"categories":[31,7],"tags":[46,43,569],"featured_image_urls":{"full":["https:\/\/infotep.com.ar\/wp-content\/uploads\/2025\/06\/garrahan-3.webp",1280,720,false],"thumbnail":["https:\/\/infotep.com.ar\/wp-content\/uploads\/2025\/06\/garrahan-3-150x150.webp",150,150,true],"medium":["https:\/\/infotep.com.ar\/wp-content\/uploads\/2025\/06\/garrahan-3-300x169.webp",300,169,true],"medium_large":["https:\/\/infotep.com.ar\/wp-content\/uploads\/2025\/06\/garrahan-3-768x432.webp",768,432,true],"large":["https:\/\/infotep.com.ar\/wp-content\/uploads\/2025\/06\/garrahan-3-1024x576.webp",1020,574,true],"1536x1536":["https:\/\/infotep.com.ar\/wp-content\/uploads\/2025\/06\/garrahan-3.webp",1280,720,false],"2048x2048":["https:\/\/infotep.com.ar\/wp-content\/uploads\/2025\/06\/garrahan-3.webp",1280,720,false],"blossom-feminine-slider":["https:\/\/infotep.com.ar\/wp-content\/uploads\/2025\/06\/garrahan-3-1280x649.webp",1280,649,true],"blossom-feminine-featured":["https:\/\/infotep.com.ar\/wp-content\/uploads\/2025\/06\/garrahan-3-1280x600.webp",1280,600,true],"blossom-feminine-with-sidebar":["https:\/\/infotep.com.ar\/wp-content\/uploads\/2025\/06\/garrahan-3-1020x600.webp",1020,600,true],"blossom-feminine-blog":["https:\/\/infotep.com.ar\/wp-content\/uploads\/2025\/06\/garrahan-3-435x435.webp",435,435,true],"blossom-feminine-cat":["https:\/\/infotep.com.ar\/wp-content\/uploads\/2025\/06\/garrahan-3-450x300.webp",450,300,true],"blossom-feminine-related":["https:\/\/infotep.com.ar\/wp-content\/uploads\/2025\/06\/garrahan-3-320x200.webp",320,200,true],"blossom-feminine-schema":["https:\/\/infotep.com.ar\/wp-content\/uploads\/2025\/06\/garrahan-3-107x60.webp",107,60,true],"blossom-mommy-blog-slider-big":["https:\/\/infotep.com.ar\/wp-content\/uploads\/2025\/06\/garrahan-3-920x650.webp",920,650,true],"blossom-mommy-blog-slider":["https:\/\/infotep.com.ar\/wp-content\/uploads\/2025\/06\/garrahan-3-460x310.webp",460,310,true],"blossom-mommy-blog-two":["https:\/\/infotep.com.ar\/wp-content\/uploads\/2025\/06\/garrahan-3-768x480.webp",768,480,true]},"author_info":{"info":["Angela Tobar"]},"category_info":"<a href=\"https:\/\/infotep.com.ar\/index.php\/category\/destacadas\/\" rel=\"category tag\">Destacadas<\/a> <a href=\"https:\/\/infotep.com.ar\/index.php\/category\/gremios\/\" rel=\"category tag\">Gremios<\/a>","tag_info":"Gremios","comment_count":"0","_links":{"self":[{"href":"https:\/\/infotep.com.ar\/index.php\/wp-json\/wp\/v2\/posts\/25856"}],"collection":[{"href":"https:\/\/infotep.com.ar\/index.php\/wp-json\/wp\/v2\/posts"}],"about":[{"href":"https:\/\/infotep.com.ar\/index.php\/wp-json\/wp\/v2\/types\/post"}],"author":[{"embeddable":true,"href":"https:\/\/infotep.com.ar\/index.php\/wp-json\/wp\/v2\/users\/5"}],"replies":[{"embeddable":true,"href":"https:\/\/infotep.com.ar\/index.php\/wp-json\/wp\/v2\/comments?post=25856"}],"version-history":[{"count":2,"href":"https:\/\/infotep.com.ar\/index.php\/wp-json\/wp\/v2\/posts\/25856\/revisions"}],"predecessor-version":[{"id":25860,"href":"https:\/\/infotep.com.ar\/index.php\/wp-json\/wp\/v2\/posts\/25856\/revisions\/25860"}],"wp:featuredmedia":[{"embeddable":true,"href":"https:\/\/infotep.com.ar\/index.php\/wp-json\/wp\/v2\/media\/25075"}],"wp:attachment":[{"href":"https:\/\/infotep.com.ar\/index.php\/wp-json\/wp\/v2\/media?parent=25856"}],"wp:term":[{"taxonomy":"category","embeddable":true,"href":"https:\/\/infotep.com.ar\/index.php\/wp-json\/wp\/v2\/categories?post=25856"},{"taxonomy":"post_tag","embeddable":true,"href":"https:\/\/infotep.com.ar\/index.php\/wp-json\/wp\/v2\/tags?post=25856"}],"curies":[{"name":"wp","href":"https:\/\/api.w.org\/{rel}","templated":true}]}}