{"id":25868,"date":"2025-07-17T12:09:47","date_gmt":"2025-07-17T15:09:47","guid":{"rendered":"https:\/\/infotep.com.ar\/?p=25868"},"modified":"2025-07-17T12:09:47","modified_gmt":"2025-07-17T15:09:47","slug":"vacaciones-de-invierno-en-la-matanza-actividades-culturales-gratuitas-para-toda-la-comunidad","status":"publish","type":"post","link":"https:\/\/infotep.com.ar\/index.php\/2025\/07\/17\/vacaciones-de-invierno-en-la-matanza-actividades-culturales-gratuitas-para-toda-la-comunidad\/","title":{"rendered":"Vacaciones de Invierno en La Matanza: Actividades culturales gratuitas para toda la comunidad"},"content":{"rendered":"\n<p><\/p>\n\n\n\n<p>Del 21 de julio al 2 de agosto, y con entrada libre y gratuita, todas las chicas, chicos, j\u00f3venes y familias del distrito podr\u00e1n disfrutar de una amplia agenda de actividades recreativas, art\u00edsticas y culturales. Una experiencia divertida para disfrutar en vacaciones de invierno, que incluir\u00e1 diferentes atracciones, eventos, obras de teatro y espect\u00e1culos infantiles.<\/p>\n\n\n\n<p>Como cada a\u00f1o, en vacaciones de invierno, el Gobierno local propone una variada agenda de shows y actividades para todas las edades, organizada por la Secretar\u00eda de Cultura y Educaci\u00f3n, y que tendr\u00e1n lugar en cada ciudad del distrito.<\/p>\n\n\n\n<p><strong>A lo largo de las dos semanas del receso escolar de invierno, los diferentes espacios municipales destinados a la Cultura ser\u00e1n escenario de innumerables propuestas, entre los que se encuentran el Teatro Municipal Leopoldo Marechal de Ramos Mej\u00eda, el Teatro Municipal de la Casa de Cultura de Gregorio de Laferrere, el Museo Hist\u00f3rico Municipal de Virrey del Pino, el Centro Cultural Pierina Dealessi, de Villa Luzuriaga, la Casa de Cultura Jos\u00e9 Hern\u00e1ndez de Rafael Castillo, el Centro Cultural Disc\u00e9polo de Gonz\u00e1lez Cat\u00e1n, la Casa de Cultura de Isidro Casanova, la Casa de Cultura El Hornero de Ciudad Evita y la Casa de Cultura de Tapiales.<\/strong><\/p>\n\n\n\n<p>Estos espacios culturales ser\u00e1n escenario de la presentaci\u00f3n de obras teatrales infantiles como Comifusas, Himno hacia la pr\u00f3xima parada, Mundo Arlequ\u00edn, Frida Saturnina, Capit\u00e1n Sanata, El Marcador M\u00e1gico, Mimo en viaje, Pinocho, un cuento diferente, Mimos la mar y yo, Dalt\u00f3 y su orquesta, D\u00fao telesc\u00f3pico, La mejor pesadilla, Viaje infinito y 1..2..3.. Magia, entre otras.<\/p>\n\n\n\n<p>Adem\u00e1s, esta edici\u00f3n 2025 de Vacaciones de Invierno en MTZ contar\u00e1 con shows de magia, actividades recreativas, t\u00edteres, clown, globolog\u00eda, y mucho m\u00e1s, que se desarrollar\u00e1n en escuelas, centros deportivos, clubes, Casas de Cultura, Centros Integradores Comunitarios (CIC), Sociedades de Fomento, plazas, salones de usos m\u00faltiples y uniones vecinales, para alcanzar todos los p\u00fablicos.<\/p>\n","protected":false},"excerpt":{"rendered":"<p>Del 21 de julio al 2 de agosto, y con entrada libre y gratuita, todas las chicas, chicos, j&oacute;venes y familias del distrito podr&aacute;n disfrutar de una amplia agenda de actividades recreativas, art&iacute;sticas y culturales. Una experiencia divertida para disfrutar en vacaciones de invierno, que incluir&aacute; diferentes atracciones, eventos, obras de teatro y espect&aacute;culos infantiles. &hellip; <\/p>\n","protected":false},"author":5,"featured_media":25869,"comment_status":"closed","ping_status":"closed","sticky":false,"template":"","format":"standard","meta":{"om_disable_all_campaigns":false,"_joinchat":[]},"categories":[26],"tags":[46,59,43,569],"featured_image_urls":{"full":["https:\/\/infotep.com.ar\/wp-content\/uploads\/2025\/07\/Vacaciones-de-invierno-1.jpeg",1600,1200,false],"thumbnail":["https:\/\/infotep.com.ar\/wp-content\/uploads\/2025\/07\/Vacaciones-de-invierno-1-150x150.jpeg",150,150,true],"medium":["https:\/\/infotep.com.ar\/wp-content\/uploads\/2025\/07\/Vacaciones-de-invierno-1-300x225.jpeg",300,225,true],"medium_large":["https:\/\/infotep.com.ar\/wp-content\/uploads\/2025\/07\/Vacaciones-de-invierno-1-768x576.jpeg",768,576,true],"large":["https:\/\/infotep.com.ar\/wp-content\/uploads\/2025\/07\/Vacaciones-de-invierno-1-1024x768.jpeg",1020,765,true],"1536x1536":["https:\/\/infotep.com.ar\/wp-content\/uploads\/2025\/07\/Vacaciones-de-invierno-1-1536x1152.jpeg",1536,1152,true],"2048x2048":["https:\/\/infotep.com.ar\/wp-content\/uploads\/2025\/07\/Vacaciones-de-invierno-1.jpeg",1600,1200,false],"blossom-feminine-slider":["https:\/\/infotep.com.ar\/wp-content\/uploads\/2025\/07\/Vacaciones-de-invierno-1-1600x649.jpeg",1600,649,true],"blossom-feminine-featured":["https:\/\/infotep.com.ar\/wp-content\/uploads\/2025\/07\/Vacaciones-de-invierno-1-1410x600.jpeg",1410,600,true],"blossom-feminine-with-sidebar":["https:\/\/infotep.com.ar\/wp-content\/uploads\/2025\/07\/Vacaciones-de-invierno-1-1020x600.jpeg",1020,600,true],"blossom-feminine-blog":["https:\/\/infotep.com.ar\/wp-content\/uploads\/2025\/07\/Vacaciones-de-invierno-1-435x435.jpeg",435,435,true],"blossom-feminine-cat":["https:\/\/infotep.com.ar\/wp-content\/uploads\/2025\/07\/Vacaciones-de-invierno-1-450x300.jpeg",450,300,true],"blossom-feminine-related":["https:\/\/infotep.com.ar\/wp-content\/uploads\/2025\/07\/Vacaciones-de-invierno-1-320x200.jpeg",320,200,true],"blossom-feminine-schema":["https:\/\/infotep.com.ar\/wp-content\/uploads\/2025\/07\/Vacaciones-de-invierno-1-80x60.jpeg",80,60,true],"blossom-mommy-blog-slider-big":["https:\/\/infotep.com.ar\/wp-content\/uploads\/2025\/07\/Vacaciones-de-invierno-1-920x650.jpeg",920,650,true],"blossom-mommy-blog-slider":["https:\/\/infotep.com.ar\/wp-content\/uploads\/2025\/07\/Vacaciones-de-invierno-1-460x310.jpeg",460,310,true],"blossom-mommy-blog-two":["https:\/\/infotep.com.ar\/wp-content\/uploads\/2025\/07\/Vacaciones-de-invierno-1-768x480.jpeg",768,480,true]},"author_info":{"info":["Angela Tobar"]},"category_info":"<a href=\"https:\/\/infotep.com.ar\/index.php\/category\/municipales\/la-matanza\/\" rel=\"category tag\">La Matanza<\/a>","tag_info":"La Matanza","comment_count":"0","_links":{"self":[{"href":"https:\/\/infotep.com.ar\/index.php\/wp-json\/wp\/v2\/posts\/25868"}],"collection":[{"href":"https:\/\/infotep.com.ar\/index.php\/wp-json\/wp\/v2\/posts"}],"about":[{"href":"https:\/\/infotep.com.ar\/index.php\/wp-json\/wp\/v2\/types\/post"}],"author":[{"embeddable":true,"href":"https:\/\/infotep.com.ar\/index.php\/wp-json\/wp\/v2\/users\/5"}],"replies":[{"embeddable":true,"href":"https:\/\/infotep.com.ar\/index.php\/wp-json\/wp\/v2\/comments?post=25868"}],"version-history":[{"count":1,"href":"https:\/\/infotep.com.ar\/index.php\/wp-json\/wp\/v2\/posts\/25868\/revisions"}],"predecessor-version":[{"id":25870,"href":"https:\/\/infotep.com.ar\/index.php\/wp-json\/wp\/v2\/posts\/25868\/revisions\/25870"}],"wp:featuredmedia":[{"embeddable":true,"href":"https:\/\/infotep.com.ar\/index.php\/wp-json\/wp\/v2\/media\/25869"}],"wp:attachment":[{"href":"https:\/\/infotep.com.ar\/index.php\/wp-json\/wp\/v2\/media?parent=25868"}],"wp:term":[{"taxonomy":"category","embeddable":true,"href":"https:\/\/infotep.com.ar\/index.php\/wp-json\/wp\/v2\/categories?post=25868"},{"taxonomy":"post_tag","embeddable":true,"href":"https:\/\/infotep.com.ar\/index.php\/wp-json\/wp\/v2\/tags?post=25868"}],"curies":[{"name":"wp","href":"https:\/\/api.w.org\/{rel}","templated":true}]}}