{"id":25885,"date":"2025-07-18T00:47:02","date_gmt":"2025-07-18T03:47:02","guid":{"rendered":"https:\/\/infotep.com.ar\/?p=25885"},"modified":"2025-07-18T12:36:54","modified_gmt":"2025-07-18T15:36:54","slug":"juan-manuel-alvarez-luna-y-valeria-susperreguy-encabezan-la-lista-de-fuerza-patria-ituzaingo","status":"publish","type":"post","link":"https:\/\/infotep.com.ar\/index.php\/2025\/07\/18\/juan-manuel-alvarez-luna-y-valeria-susperreguy-encabezan-la-lista-de-fuerza-patria-ituzaingo\/","title":{"rendered":"Juan Manuel \u00c1lvarez Luna y Valeria Susperreguy encabezan la lista de Fuerza Patria en Ituzaing\u00f3"},"content":{"rendered":"\n<p><\/p>\n\n\n\n<p>El binomio integrado por el secretario de Gobierno de Ituzaing\u00f3, Juan Manuel \u00c1lvarez Luna y la secretar\u00eda de Imagen y Comunicaci\u00f3n, Valeria Susperreguy encabezan la lista de Fuerza Patria local. En un clima de unidad y consenso el espacio eligi\u00f3 a sus mejores candidatos. Mientras, se avanza en los acuerdos para impulsar al exintendente, Alberto Descalzo a la provincia.<\/p>\n\n\n\n<p><strong><em>Por: \u00c1ngela Tobar.<br><\/em><\/strong><br>Los nombres propios que contendr\u00e1 la n\u00f3mina de Fuerza Patria en el municipio de Ituzaing\u00f3, para competir en las elecciones legislativas del pr\u00f3ximo 7 de septiembre, lograron un gran consenso y acompa\u00f1amiento por parte de la militancia. Seg\u00fan se asegur\u00f3 a este medio, <strong>\u201cTodos los espacios que integran el frente est\u00e1n representados en la lista\u201d.<\/strong><br><\/p>\n\n\n\n<p class=\"has-light-green-cyan-background-color has-background\">Ituzaing\u00f3 tom\u00f3 nota del llamado a unidad, y trabajo colectivo. Durante la presentaci\u00f3n de la propuesta electoral se convoc\u00f3 a \u201cayudar y acompa\u00f1ar a los candidatos y las candidatas\u201d que trabajaran para ser la alternativa m\u00e1s propositiva a nivel local.<\/p>\n\n\n\n<p class=\"has-white-background-color has-background\"><strong>La lista, estar\u00eda cerrada- de no existir objeci\u00f3n- y de esta manera llegar\u00eda al s\u00e1bado 19, de manera consensuada y ordenada. Y \u201ccon excelentes cuadros\u201d, se asegur\u00f3.<\/strong><\/p>\n\n\n\n<p class=\"has-light-green-cyan-background-color has-background\"><strong>Desde la conducci\u00f3n local, seg\u00fan pudo recopilar infotep, se pidi\u00f3 a la militancia que se privilegie la mirada humanista y de acci\u00f3n en la contenci\u00f3n, antes que el inter\u00e9s por el momento electoral, \u201cno hay que salir en busca del voto, si no a acompa\u00f1ar, escuchar, contener al vecino\u201d, se inst\u00f3 a las bases.<\/strong><\/p>\n\n\n\n<p>En la arenga se destac\u00f3 la unidad y la necesidad de pelear fuertemente por y para la gente, por una verdadera libertad que sea con educaci\u00f3n, salud, el bienestar de los jubilados.<br>La consigna es \u201cel peronismo ser\u00e1 revolucionario o no ser\u00e1\u201d.<br><\/p>\n\n\n\n<p class=\"has-light-green-cyan-background-color has-background\"><strong>Los candidatos:<br><\/strong><br>1- Juan Manuel \u00c1lvarez Luna, secretario de Gobierno.<br>2- Valeria Susperreguy, secretar\u00eda de Imagen y Comunicaci\u00f3n.<br>3- Luciano Crudo, responsable del programa de seguridad Ojos en Alerta.<br>4- Florencia Viola, militante feminista, referente del espacio Nuevo Encuentro.<br>5- Carlos Acu\u00f1a, exconcejal, del Frente Renovador. Gremio (SOESGyPE).<br>6- Fernanda G\u00f3mez, exconcejal y con experiencia en el \u00e1rea de acci\u00f3n social.<br>7- Gustavo \u201cPocho\u201d Medina, representante de los trabajadores.<br>8- Marcela Barcena, coordinadora del CEMETRI.<br>9- Martin Fragio, de el espacio Nuevo Centenario.<br>10- Evangelina Barrios, referente del espacio Ituzaing\u00f3 Positivo.<\/p>\n\n\n\n<p><strong>Qu\u00e9 renueva Ituzaing\u00f3<\/strong><\/p>\n\n\n\n<figure class=\"wp-block-image size-full\"><img decoding=\"async\" loading=\"lazy\" width=\"730\" height=\"420\" src=\"https:\/\/infotep.com.ar\/wp-content\/uploads\/2025\/04\/hcd-ituzaingo.webp\" alt=\"\" class=\"wp-image-22709\" srcset=\"https:\/\/infotep.com.ar\/wp-content\/uploads\/2025\/04\/hcd-ituzaingo.webp 730w, https:\/\/infotep.com.ar\/wp-content\/uploads\/2025\/04\/hcd-ituzaingo-300x173.webp 300w, https:\/\/infotep.com.ar\/wp-content\/uploads\/2025\/04\/hcd-ituzaingo-104x60.webp 104w\" sizes=\"(max-width: 730px) 100vw, 730px\" \/><\/figure>\n\n\n\n<p>10 concejales<br>3 consejeros escolares.<br><br><strong>La primera secci\u00f3n electoral, elige ocho senadores.<\/strong><\/p>\n\n\n\n<p><strong><br><\/strong>Hasta el s\u00e1bado 19 de julio se llevar\u00e1n adelante las conversaciones para acordar cu\u00e1les son los mejores candidatos para integrar la lista a nivel provincial, y desde Ituzaing\u00f3, <strong>suena fuerte el nombre de Alberto Descalzo.<\/strong><\/p>\n","protected":false},"excerpt":{"rendered":"<p>El binomio integrado por el secretario de Gobierno de Ituzaing&oacute;, Juan Manuel &Aacute;lvarez Luna y la secretar&iacute;a de Imagen y Comunicaci&oacute;n, Valeria Susperreguy encabezan la lista de Fuerza Patria local. En un clima de unidad y consenso el espacio eligi&oacute; a sus mejores candidatos. Mientras, se avanza en los acuerdos para impulsar al exintendente, Alberto &hellip; <\/p>\n","protected":false},"author":5,"featured_media":25886,"comment_status":"closed","ping_status":"closed","sticky":false,"template":"","format":"standard","meta":{"om_disable_all_campaigns":false,"_joinchat":[]},"categories":[31,8],"tags":[46,51,43,569],"featured_image_urls":{"full":["https:\/\/infotep.com.ar\/wp-content\/uploads\/2025\/07\/Juan-Manuel-Val-scaled.jpg",2560,1259,false],"thumbnail":["https:\/\/infotep.com.ar\/wp-content\/uploads\/2025\/07\/Juan-Manuel-Val-150x150.jpg",150,150,true],"medium":["https:\/\/infotep.com.ar\/wp-content\/uploads\/2025\/07\/Juan-Manuel-Val-300x148.jpg",300,148,true],"medium_large":["https:\/\/infotep.com.ar\/wp-content\/uploads\/2025\/07\/Juan-Manuel-Val-768x378.jpg",768,378,true],"large":["https:\/\/infotep.com.ar\/wp-content\/uploads\/2025\/07\/Juan-Manuel-Val-1024x504.jpg",1020,502,true],"1536x1536":["https:\/\/infotep.com.ar\/wp-content\/uploads\/2025\/07\/Juan-Manuel-Val-1536x755.jpg",1536,755,true],"2048x2048":["https:\/\/infotep.com.ar\/wp-content\/uploads\/2025\/07\/Juan-Manuel-Val-2048x1007.jpg",2048,1007,true],"blossom-feminine-slider":["https:\/\/infotep.com.ar\/wp-content\/uploads\/2025\/07\/Juan-Manuel-Val-1920x649.jpg",1920,649,true],"blossom-feminine-featured":["https:\/\/infotep.com.ar\/wp-content\/uploads\/2025\/07\/Juan-Manuel-Val-1410x600.jpg",1410,600,true],"blossom-feminine-with-sidebar":["https:\/\/infotep.com.ar\/wp-content\/uploads\/2025\/07\/Juan-Manuel-Val-1020x600.jpg",1020,600,true],"blossom-feminine-blog":["https:\/\/infotep.com.ar\/wp-content\/uploads\/2025\/07\/Juan-Manuel-Val-435x435.jpg",435,435,true],"blossom-feminine-cat":["https:\/\/infotep.com.ar\/wp-content\/uploads\/2025\/07\/Juan-Manuel-Val-450x300.jpg",450,300,true],"blossom-feminine-related":["https:\/\/infotep.com.ar\/wp-content\/uploads\/2025\/07\/Juan-Manuel-Val-320x200.jpg",320,200,true],"blossom-feminine-schema":["https:\/\/infotep.com.ar\/wp-content\/uploads\/2025\/07\/Juan-Manuel-Val-122x60.jpg",122,60,true],"blossom-mommy-blog-slider-big":["https:\/\/infotep.com.ar\/wp-content\/uploads\/2025\/07\/Juan-Manuel-Val-920x650.jpg",920,650,true],"blossom-mommy-blog-slider":["https:\/\/infotep.com.ar\/wp-content\/uploads\/2025\/07\/Juan-Manuel-Val-460x310.jpg",460,310,true],"blossom-mommy-blog-two":["https:\/\/infotep.com.ar\/wp-content\/uploads\/2025\/07\/Juan-Manuel-Val-768x480.jpg",768,480,true]},"author_info":{"info":["Angela Tobar"]},"category_info":"<a href=\"https:\/\/infotep.com.ar\/index.php\/category\/destacadas\/\" rel=\"category tag\">Destacadas<\/a> <a href=\"https:\/\/infotep.com.ar\/index.php\/category\/municipales\/ituzaingo\/\" rel=\"category tag\">Ituzaing\u00f3<\/a>","tag_info":"Ituzaing\u00f3","comment_count":"0","_links":{"self":[{"href":"https:\/\/infotep.com.ar\/index.php\/wp-json\/wp\/v2\/posts\/25885"}],"collection":[{"href":"https:\/\/infotep.com.ar\/index.php\/wp-json\/wp\/v2\/posts"}],"about":[{"href":"https:\/\/infotep.com.ar\/index.php\/wp-json\/wp\/v2\/types\/post"}],"author":[{"embeddable":true,"href":"https:\/\/infotep.com.ar\/index.php\/wp-json\/wp\/v2\/users\/5"}],"replies":[{"embeddable":true,"href":"https:\/\/infotep.com.ar\/index.php\/wp-json\/wp\/v2\/comments?post=25885"}],"version-history":[{"count":5,"href":"https:\/\/infotep.com.ar\/index.php\/wp-json\/wp\/v2\/posts\/25885\/revisions"}],"predecessor-version":[{"id":25891,"href":"https:\/\/infotep.com.ar\/index.php\/wp-json\/wp\/v2\/posts\/25885\/revisions\/25891"}],"wp:featuredmedia":[{"embeddable":true,"href":"https:\/\/infotep.com.ar\/index.php\/wp-json\/wp\/v2\/media\/25886"}],"wp:attachment":[{"href":"https:\/\/infotep.com.ar\/index.php\/wp-json\/wp\/v2\/media?parent=25885"}],"wp:term":[{"taxonomy":"category","embeddable":true,"href":"https:\/\/infotep.com.ar\/index.php\/wp-json\/wp\/v2\/categories?post=25885"},{"taxonomy":"post_tag","embeddable":true,"href":"https:\/\/infotep.com.ar\/index.php\/wp-json\/wp\/v2\/tags?post=25885"}],"curies":[{"name":"wp","href":"https:\/\/api.w.org\/{rel}","templated":true}]}}