{"id":25898,"date":"2025-07-18T14:43:40","date_gmt":"2025-07-18T17:43:40","guid":{"rendered":"https:\/\/infotep.com.ar\/?p=25898"},"modified":"2025-07-18T14:43:41","modified_gmt":"2025-07-18T17:43:41","slug":"el-gobierno-anuncio-que-se-inicio-el-proceso-para-privatizar-aysa","status":"publish","type":"post","link":"https:\/\/infotep.com.ar\/index.php\/2025\/07\/18\/el-gobierno-anuncio-que-se-inicio-el-proceso-para-privatizar-aysa\/","title":{"rendered":"El Gobierno anunci\u00f3 que se inici\u00f3 el proceso para privatizar AySA"},"content":{"rendered":"\n<p>&#8220;Se incorporar\u00e1 capital privado mediante la transferencia del 90% de las acciones de la empresa&#8221;, dijo Manuel Adorni.<br><br>El Gobierno nacional anunci\u00f3 que inici\u00f3 el proceso para comenzar con la privatizaci\u00f3n de AySA, a trav\u00e9s de la venta del 90% del capital accionario en manos del Estado, seg\u00fan anunci\u00f3 este viernes el vocero presidencial, Manuel Adorni,<\/p>\n\n\n\n<p>&#8220;El Gobierno inici\u00f3 el proceso para comenzar con la privatizaci\u00f3n de AySA. Se incorporar\u00e1 capital privado mediante la transferencia del 90% de las acciones de la empresa&#8221;, comunic\u00f3 el portavoz durante una conferencia de prensa en la Casa Rosada.<\/p>\n\n\n\n<p>Adorni explic\u00f3 que la privatizaci\u00f3n se a trav\u00e9s de un esquema mixto, \u201cque combina una licitaci\u00f3n p\u00fablica nacional e internacional para seleccionar un operador estrat\u00e9gico y una oferta p\u00fablica inicial para abrir el capital de la empresa a otros inversores\u201d.<\/p>\n\n\n\n<p>El 10% restante est\u00e1 en poder de los empleados de la empresa, quienes se quedar\u00e1n con esas acciones. Este mecanismo responde al<\/p>\n\n\n\n<p><strong>Programa de Propiedad Participada.<\/strong><\/p>\n\n\n\n<p>Adorni precis\u00f3 que \u201cdesde su estatizaci\u00f3n en 2006, AySA requiri\u00f3 aportes de los argentinos por US$ 13.400 millones\u201d.<\/p>\n\n\n\n<p>El vocero afirm\u00f3 que \u201cindicadores claves muestran que hubo un fuerte deterioro en la infraestructura de la empresa\u201d, y subray\u00f3 los costos operativos.<\/p>\n\n\n\n<p>En ese sentido indic\u00f3 que \u201cla dotaci\u00f3n creci\u00f3 un 90% durante la gesti\u00f3n estatal y el nivel de morosidad por parte de los usuarios alcanz\u00f3 el 16% cuando supo ser del 4% promedio\u201d.<\/p>\n\n\n\n<p>Seg\u00fan informaci\u00f3n oficial, el proceso de privatizaci\u00f3n ser\u00e1 regulado por la Comisi\u00f3n Nacional de Valores y permitir\u00e1 modernizar el sector y mejorar el precio y la calidad del servicio.<\/p>\n\n\n\n<p>Adorni dijo que en la \u00faltima gesti\u00f3n de gobierno \u201cse gastaron en AySA m\u00e1s de US$ 4.800 millones\u201d.<\/p>\n\n\n\n<p>\u201cCon todo este presupuesto, la empresa funcion\u00f3 como una plataforma de campa\u00f1a. Hubo 200 millones de d\u00f3lares destinados a obras y el 25% de esas obras se asignaron a Tigre y a Malvinas Argentinas, los dos municipios de donde proven\u00eda su c\u00fapula directiva\u201d, remarc\u00f3 Adorni.<\/p>\n","protected":false},"excerpt":{"rendered":"<p>&ldquo;Se incorporar&aacute; capital privado mediante la transferencia del 90% de las acciones de la empresa&rdquo;, dijo Manuel Adorni. El Gobierno nacional anunci&oacute; que inici&oacute; el proceso para comenzar con la privatizaci&oacute;n de AySA, a trav&eacute;s de la venta del 90% del capital accionario en manos del Estado, seg&uacute;n anunci&oacute; este viernes el vocero presidencial, Manuel &hellip; <\/p>\n","protected":false},"author":5,"featured_media":19263,"comment_status":"closed","ping_status":"closed","sticky":false,"template":"","format":"standard","meta":{"om_disable_all_campaigns":false,"_joinchat":[]},"categories":[3],"tags":[43,569],"featured_image_urls":{"full":["https:\/\/infotep.com.ar\/wp-content\/uploads\/2024\/12\/adorni.webp",968,720,false],"thumbnail":["https:\/\/infotep.com.ar\/wp-content\/uploads\/2024\/12\/adorni-150x150.webp",150,150,true],"medium":["https:\/\/infotep.com.ar\/wp-content\/uploads\/2024\/12\/adorni-300x223.webp",300,223,true],"medium_large":["https:\/\/infotep.com.ar\/wp-content\/uploads\/2024\/12\/adorni-768x571.webp",768,571,true],"large":["https:\/\/infotep.com.ar\/wp-content\/uploads\/2024\/12\/adorni.webp",968,720,false],"1536x1536":["https:\/\/infotep.com.ar\/wp-content\/uploads\/2024\/12\/adorni.webp",968,720,false],"2048x2048":["https:\/\/infotep.com.ar\/wp-content\/uploads\/2024\/12\/adorni.webp",968,720,false],"blossom-feminine-slider":["https:\/\/infotep.com.ar\/wp-content\/uploads\/2024\/12\/adorni-968x649.webp",968,649,true],"blossom-feminine-featured":["https:\/\/infotep.com.ar\/wp-content\/uploads\/2024\/12\/adorni-968x600.webp",968,600,true],"blossom-feminine-with-sidebar":["https:\/\/infotep.com.ar\/wp-content\/uploads\/2024\/12\/adorni-968x600.webp",968,600,true],"blossom-feminine-blog":["https:\/\/infotep.com.ar\/wp-content\/uploads\/2024\/12\/adorni-435x435.webp",435,435,true],"blossom-feminine-cat":["https:\/\/infotep.com.ar\/wp-content\/uploads\/2024\/12\/adorni-450x300.webp",450,300,true],"blossom-feminine-related":["https:\/\/infotep.com.ar\/wp-content\/uploads\/2024\/12\/adorni-320x200.webp",320,200,true],"blossom-feminine-schema":["https:\/\/infotep.com.ar\/wp-content\/uploads\/2024\/12\/adorni-81x60.webp",81,60,true],"blossom-mommy-blog-slider-big":["https:\/\/infotep.com.ar\/wp-content\/uploads\/2024\/12\/adorni-920x650.webp",920,650,true],"blossom-mommy-blog-slider":["https:\/\/infotep.com.ar\/wp-content\/uploads\/2024\/12\/adorni-460x310.webp",460,310,true],"blossom-mommy-blog-two":["https:\/\/infotep.com.ar\/wp-content\/uploads\/2024\/12\/adorni-768x480.webp",768,480,true]},"author_info":{"info":["Angela Tobar"]},"category_info":"<a href=\"https:\/\/infotep.com.ar\/index.php\/category\/nacionales\/\" rel=\"category tag\">Nacionales<\/a>","tag_info":"Nacionales","comment_count":"0","_links":{"self":[{"href":"https:\/\/infotep.com.ar\/index.php\/wp-json\/wp\/v2\/posts\/25898"}],"collection":[{"href":"https:\/\/infotep.com.ar\/index.php\/wp-json\/wp\/v2\/posts"}],"about":[{"href":"https:\/\/infotep.com.ar\/index.php\/wp-json\/wp\/v2\/types\/post"}],"author":[{"embeddable":true,"href":"https:\/\/infotep.com.ar\/index.php\/wp-json\/wp\/v2\/users\/5"}],"replies":[{"embeddable":true,"href":"https:\/\/infotep.com.ar\/index.php\/wp-json\/wp\/v2\/comments?post=25898"}],"version-history":[{"count":1,"href":"https:\/\/infotep.com.ar\/index.php\/wp-json\/wp\/v2\/posts\/25898\/revisions"}],"predecessor-version":[{"id":25899,"href":"https:\/\/infotep.com.ar\/index.php\/wp-json\/wp\/v2\/posts\/25898\/revisions\/25899"}],"wp:featuredmedia":[{"embeddable":true,"href":"https:\/\/infotep.com.ar\/index.php\/wp-json\/wp\/v2\/media\/19263"}],"wp:attachment":[{"href":"https:\/\/infotep.com.ar\/index.php\/wp-json\/wp\/v2\/media?parent=25898"}],"wp:term":[{"taxonomy":"category","embeddable":true,"href":"https:\/\/infotep.com.ar\/index.php\/wp-json\/wp\/v2\/categories?post=25898"},{"taxonomy":"post_tag","embeddable":true,"href":"https:\/\/infotep.com.ar\/index.php\/wp-json\/wp\/v2\/tags?post=25898"}],"curies":[{"name":"wp","href":"https:\/\/api.w.org\/{rel}","templated":true}]}}