{"id":25999,"date":"2025-07-21T15:34:33","date_gmt":"2025-07-21T18:34:33","guid":{"rendered":"https:\/\/infotep.com.ar\/?p=25999"},"modified":"2025-07-21T15:34:34","modified_gmt":"2025-07-21T18:34:34","slug":"gremios-aeronauticos-fuerte-advertencia-al-gobierno","status":"publish","type":"post","link":"https:\/\/infotep.com.ar\/index.php\/2025\/07\/21\/gremios-aeronauticos-fuerte-advertencia-al-gobierno\/","title":{"rendered":"Gremios Aeron\u00e1uticos: fuerte advertencia al Gobierno"},"content":{"rendered":"\n<p>Advirtieron sobre una eventual \u201ccat\u00e1strofe a\u00e9rea\u201d si no se revierten las medidas.<br><br>Este lunes por la ma\u00f1ana, Aeroparque fue escenario de una asamblea gremial convocada por cinco sindicatos del sector aeron\u00e1utico para expresar su rechazo a las reformas laborales dispuestas por el Gobierno nacional a trav\u00e9s del DNU 378\/2025.<\/p>\n\n\n\n<p>Si bien la actividad en la terminal a\u00e9rea se desarroll\u00f3 sin interrupciones ni alteraciones en el cronograma de vuelos, salvo algunas dzemoras no significativas, hubo presencia gremial visible en las instalaciones y un operativo de seguridad reforzado.<\/p>\n\n\n\n<p><strong>La protesta fue impulsada de forma conjunta por la Asociaci\u00f3n del Personal Aeron\u00e1utico (APA), la Uni\u00f3n del Personal Superior y Profesional de Empresas Aerocomerciales (UPSA), la Asociaci\u00f3n Argentina de Aeronavegantes (AAA), la Asociaci\u00f3n de T\u00e9cnicos y Empleados de Protecci\u00f3n y Seguridad a la Aeronavegaci\u00f3n (Atepsa) y ATE ANAC, el gremio que nuclea a los trabajadores de la Administraci\u00f3n Nacional de Aviaci\u00f3n Civil.<\/strong><\/p>\n\n\n\n<p>El conflicto se origin\u00f3 tras la publicaci\u00f3n, a comienzos de junio, del DNU 378\/2025, que deroga el decreto 877\/2021 y modifica de forma sustancial las condiciones laborales del personal aeron\u00e1utico. Entre los puntos m\u00e1s cuestionados por los gremios figuran:<\/p>\n\n\n\n<p>La extensi\u00f3n del l\u00edmite m\u00e1ximo de horas de vuelo: de 8 a 10 por d\u00eda y de 800 a 1.000 al a\u00f1o.<br>La reducci\u00f3n del descanso semanal obligatorio: de 36 a 30 horas.<br>El recorte del r\u00e9gimen de licencias: se establece un m\u00e1ximo de 15 d\u00edas de vacaciones corridos, sin posibilidad de acumulaci\u00f3n como hasta ahora.<br>El tiempo de traslado y espera previa ya no se considera jornada laboral.<br>Para los gremios, estas medidas no solo representan un deterioro en las condiciones laborales, sino que tambi\u00e9n implican un riesgo directo para la seguridad operacional.<\/p>\n\n\n\n<p class=\"has-light-green-cyan-background-color has-background\">Tras la asamblea, los dirigentes sindicales brindaron una conferencia de prensa con fuertes cr\u00edticas al presidente Javier Milei y al ministro de Desregulaci\u00f3n y Transformaci\u00f3n del Estado, Federico Sturzenegger.<\/p>\n\n\n\n<p>Edgardo Llano, titular de la Asociaci\u00f3n del Personal Aeron\u00e1utico (APA) los calific\u00f3 de \u201cbestias salvajes\u201d y advirti\u00f3 sobre una eventual \u201ccat\u00e1strofe a\u00e9rea\u201d si no se revierten las medidas. \u201cQueremos que la poblaci\u00f3n est\u00e9 informada. No vamos a afectar los vuelos porque el turismo ya cay\u00f3 un 50%. Pero esto va mucho m\u00e1s all\u00e1 del salario: se est\u00e1 desmantelando el sistema de control a\u00e9reo\u201d, sostuvo.<\/p>\n\n\n\n<p>Roberto Fern\u00e1ndez, de la Uni\u00f3n del Personal Superior y Profesional de Empresas Aerocomerciales (UPSA) fue m\u00e1s all\u00e1: \u201cLa Argentina perdi\u00f3 el control sobre qui\u00e9n vuela, qu\u00e9 experiencia tienen los pilotos o qu\u00e9 preparaci\u00f3n tienen los t\u00e9cnicos. As\u00ed, el pa\u00eds se convierte en un \u2018boccato di cardinale\u2019 para el narcotr\u00e1fico. Los Monos de Rosario ya deben estar armando su aerol\u00ednea con vuelos a Colombia y Estados Unidos\u201d, ironiz\u00f3, denunciando que hoy solo se requiere una declaraci\u00f3n jurada para habilitar un operador a\u00e9reo.<\/p>\n\n\n\n<p>Los sindicatos presentaron una denuncia formal ante la Organizaci\u00f3n Internacional del Trabajo (OIT), alertando sobre el impacto que puede tener la desregulaci\u00f3n en la seguridad a\u00e9rea y en los derechos laborales.<\/p>\n\n\n\n<p>M\u00e1s all\u00e1 de las reformas normativas, los gremios tambi\u00e9n denuncian una p\u00e9rdida del poder adquisitivo del 70% en Aerol\u00edneas Argentinas y sueldos congelados desde agosto de 2024 para los controladores de vuelo nucleados en Atepsa. Adem\u00e1s, ATE ANAC denunci\u00f3 m\u00e1s de 100 despidos en el organismo desde que comenz\u00f3 la actual gesti\u00f3n.<\/p>\n\n\n\n<p>Tanto APLA como Atepsa est\u00e1n actualmente alcanzados por conciliaciones obligatorias que les impiden realizar paros, aunque no les impiden acciones de visibilizaci\u00f3n como la del lunes.<\/p>\n\n\n\n<p>Paola Barrita, dirigente de Atepsa, denunci\u00f3 que la conciliaci\u00f3n fue utilizada \u201cde manera dilatoria\u201d para evitar protestas durante las vacaciones de invierno: \u201cTenemos despidos desde abril y nos dictaron conciliaci\u00f3n en mayo. Ya pasaron diez d\u00edas y ni siquiera propusieron una audiencia. Si no hay respuesta en agosto, vamos a tomar medidas\u201d, advirti\u00f3. La dirigenta record\u00f3 que el 15 de agosto vence el plazo m\u00e1ximo legal, incluida la eventual pr\u00f3rroga, y que esa fecha coincide con un fin de semana largo.<\/p>\n\n\n\n<p>\u201cGarantizar la paz social es responsabilidad del Gobierno, y eso se logra con di\u00e1logo, no con maniobras dilatorias\u201d, remat\u00f3 el titular de ATE, sum\u00e1ndose a los cuestionamientos.<\/p>\n\n\n\n<p>Pese a que la asamblea no afect\u00f3 los vuelos de este lunes, los gremios advirtieron que el conflicto sigue abierto. De no haber avances concretos en materia salarial, laboral y de regulaci\u00f3n a\u00e9rea, no descartan medidas m\u00e1s contundentes una vez superado el per\u00edodo de vacaciones de invierno.<\/p>\n","protected":false},"excerpt":{"rendered":"<p>Advirtieron sobre una eventual &ldquo;cat&aacute;strofe a&eacute;rea&rdquo; si no se revierten las medidas. Este lunes por la ma&ntilde;ana, Aeroparque fue escenario de una asamblea gremial convocada por cinco sindicatos del sector aeron&aacute;utico para expresar su rechazo a las reformas laborales dispuestas por el Gobierno nacional a trav&eacute;s del DNU 378\/2025. Si bien la actividad en la &hellip; <\/p>\n","protected":false},"author":5,"featured_media":26000,"comment_status":"closed","ping_status":"closed","sticky":false,"template":"","format":"standard","meta":{"om_disable_all_campaigns":false,"_joinchat":[]},"categories":[7,3],"tags":[46,43,569],"featured_image_urls":{"full":["https:\/\/infotep.com.ar\/wp-content\/uploads\/2025\/07\/aero.webp",1080,720,false],"thumbnail":["https:\/\/infotep.com.ar\/wp-content\/uploads\/2025\/07\/aero-150x150.webp",150,150,true],"medium":["https:\/\/infotep.com.ar\/wp-content\/uploads\/2025\/07\/aero-300x200.webp",300,200,true],"medium_large":["https:\/\/infotep.com.ar\/wp-content\/uploads\/2025\/07\/aero-768x512.webp",768,512,true],"large":["https:\/\/infotep.com.ar\/wp-content\/uploads\/2025\/07\/aero-1024x683.webp",1020,680,true],"1536x1536":["https:\/\/infotep.com.ar\/wp-content\/uploads\/2025\/07\/aero.webp",1080,720,false],"2048x2048":["https:\/\/infotep.com.ar\/wp-content\/uploads\/2025\/07\/aero.webp",1080,720,false],"blossom-feminine-slider":["https:\/\/infotep.com.ar\/wp-content\/uploads\/2025\/07\/aero-1080x649.webp",1080,649,true],"blossom-feminine-featured":["https:\/\/infotep.com.ar\/wp-content\/uploads\/2025\/07\/aero-1080x600.webp",1080,600,true],"blossom-feminine-with-sidebar":["https:\/\/infotep.com.ar\/wp-content\/uploads\/2025\/07\/aero-1020x600.webp",1020,600,true],"blossom-feminine-blog":["https:\/\/infotep.com.ar\/wp-content\/uploads\/2025\/07\/aero-435x435.webp",435,435,true],"blossom-feminine-cat":["https:\/\/infotep.com.ar\/wp-content\/uploads\/2025\/07\/aero-450x300.webp",450,300,true],"blossom-feminine-related":["https:\/\/infotep.com.ar\/wp-content\/uploads\/2025\/07\/aero-320x200.webp",320,200,true],"blossom-feminine-schema":["https:\/\/infotep.com.ar\/wp-content\/uploads\/2025\/07\/aero-90x60.webp",90,60,true],"blossom-mommy-blog-slider-big":["https:\/\/infotep.com.ar\/wp-content\/uploads\/2025\/07\/aero-920x650.webp",920,650,true],"blossom-mommy-blog-slider":["https:\/\/infotep.com.ar\/wp-content\/uploads\/2025\/07\/aero-460x310.webp",460,310,true],"blossom-mommy-blog-two":["https:\/\/infotep.com.ar\/wp-content\/uploads\/2025\/07\/aero-768x480.webp",768,480,true]},"author_info":{"info":["Angela Tobar"]},"category_info":"<a href=\"https:\/\/infotep.com.ar\/index.php\/category\/gremios\/\" rel=\"category tag\">Gremios<\/a> <a href=\"https:\/\/infotep.com.ar\/index.php\/category\/nacionales\/\" rel=\"category tag\">Nacionales<\/a>","tag_info":"Nacionales","comment_count":"0","_links":{"self":[{"href":"https:\/\/infotep.com.ar\/index.php\/wp-json\/wp\/v2\/posts\/25999"}],"collection":[{"href":"https:\/\/infotep.com.ar\/index.php\/wp-json\/wp\/v2\/posts"}],"about":[{"href":"https:\/\/infotep.com.ar\/index.php\/wp-json\/wp\/v2\/types\/post"}],"author":[{"embeddable":true,"href":"https:\/\/infotep.com.ar\/index.php\/wp-json\/wp\/v2\/users\/5"}],"replies":[{"embeddable":true,"href":"https:\/\/infotep.com.ar\/index.php\/wp-json\/wp\/v2\/comments?post=25999"}],"version-history":[{"count":1,"href":"https:\/\/infotep.com.ar\/index.php\/wp-json\/wp\/v2\/posts\/25999\/revisions"}],"predecessor-version":[{"id":26001,"href":"https:\/\/infotep.com.ar\/index.php\/wp-json\/wp\/v2\/posts\/25999\/revisions\/26001"}],"wp:featuredmedia":[{"embeddable":true,"href":"https:\/\/infotep.com.ar\/index.php\/wp-json\/wp\/v2\/media\/26000"}],"wp:attachment":[{"href":"https:\/\/infotep.com.ar\/index.php\/wp-json\/wp\/v2\/media?parent=25999"}],"wp:term":[{"taxonomy":"category","embeddable":true,"href":"https:\/\/infotep.com.ar\/index.php\/wp-json\/wp\/v2\/categories?post=25999"},{"taxonomy":"post_tag","embeddable":true,"href":"https:\/\/infotep.com.ar\/index.php\/wp-json\/wp\/v2\/tags?post=25999"}],"curies":[{"name":"wp","href":"https:\/\/api.w.org\/{rel}","templated":true}]}}