{"id":2605,"date":"2022-12-21T23:37:38","date_gmt":"2022-12-22T02:37:38","guid":{"rendered":"https:\/\/infotep.com.ar\/?p=2605"},"modified":"2022-12-26T16:30:28","modified_gmt":"2022-12-26T19:30:28","slug":"los-ninos-y-ninas-de-ituzaingo-se-podran-sacar-una-foto-con-papa-noel","status":"publish","type":"post","link":"https:\/\/infotep.com.ar\/index.php\/2022\/12\/21\/los-ninos-y-ninas-de-ituzaingo-se-podran-sacar-una-foto-con-papa-noel\/","title":{"rendered":"Los ni\u00f1os y ni\u00f1as de Ituzaing\u00f3 se podran sacar una foto con Pap\u00e1 Noel"},"content":{"rendered":"\n<p>El distrito de Ituzaing\u00f3 inform\u00f3 que se invita a la comunudad a recibir a Pap\u00e1 Noel en la Plaza 20 de Febrero (Soler y Zufriategui), donde los ni\u00f1os y ni\u00f1as podr\u00e1n acercarle su cartita y llevarse la foto de recuerdo.<\/p>\n\n\n\n<p class=\"has-light-green-cyan-background-color has-background\">La actividad ser\u00e1 el 21, 22 y 23 de diciembre desde las 19hs hasta las 22hs, y las familias podr\u00e1n acercarse a compartir una tarde llena de alegr\u00eda, m\u00fasica y la ilusi\u00f3n que trae la Navidad. Cabe aclarar que el evento es gratuito y abierto a toda la comunidad.<\/p>\n\n\n\n<p>Adem\u00e1s, como parte de las celebraciones, los centros comerciales se suman a los festejos con las Postas Navide\u00f1as que recorrer\u00e1n diferentes barrios de Ituzaing\u00f3. Los mismos recibir\u00e1n la visita de Pap\u00e1 Noel, que estar\u00e1 acompa\u00f1ado de una troupe navide\u00f1a con artistas circenses que brindar\u00e1n un show para todas las familias, recorriendo las calles con m\u00fasica para acompa\u00f1ar las compras de fin de a\u00f1o.<\/p>\n\n\n\n<p>El cronograma es el siguiente:<\/p>\n\n\n\n<p>Centro Comercial Almagro: 21\/12, desde las 17:30 hasta las 18:30hs.<br>Centro Comercial Mart\u00edn Fierro: 22\/12, desde las 17:30 hasta las 18:30hs.<br>Centro Comercial Brandsen: 23\/12, desde las 17:30 hasta las 18:30hs.<br>Centro Comercial Ituzaing\u00f3 Sur: 21, 22 y 23 de diciembre, desde las 19hs hasta las 20hs.<\/p>\n","protected":false},"excerpt":{"rendered":"<p>El distrito de Ituzaing&oacute; inform&oacute; que se invita a la comunudad a recibir a Pap&aacute; Noel en la Plaza 20 de Febrero (Soler y Zufriategui), donde los ni&ntilde;os y ni&ntilde;as podr&aacute;n acercarle su cartita y llevarse la foto de recuerdo. La actividad ser&aacute; el 21, 22 y 23 de diciembre desde las 19hs hasta las &hellip; <\/p>\n","protected":false},"author":5,"featured_media":2606,"comment_status":"closed","ping_status":"closed","sticky":false,"template":"","format":"standard","meta":{"om_disable_all_campaigns":false,"_joinchat":[]},"categories":[8],"tags":[46,43],"featured_image_urls":{"full":["https:\/\/infotep.com.ar\/wp-content\/uploads\/2022\/12\/NAVIDAD-2022.jpeg",1280,719,false],"thumbnail":["https:\/\/infotep.com.ar\/wp-content\/uploads\/2022\/12\/NAVIDAD-2022-150x150.jpeg",150,150,true],"medium":["https:\/\/infotep.com.ar\/wp-content\/uploads\/2022\/12\/NAVIDAD-2022-300x169.jpeg",300,169,true],"medium_large":["https:\/\/infotep.com.ar\/wp-content\/uploads\/2022\/12\/NAVIDAD-2022-768x431.jpeg",768,431,true],"large":["https:\/\/infotep.com.ar\/wp-content\/uploads\/2022\/12\/NAVIDAD-2022-1024x575.jpeg",1020,573,true],"1536x1536":["https:\/\/infotep.com.ar\/wp-content\/uploads\/2022\/12\/NAVIDAD-2022.jpeg",1280,719,false],"2048x2048":["https:\/\/infotep.com.ar\/wp-content\/uploads\/2022\/12\/NAVIDAD-2022.jpeg",1280,719,false],"blossom-feminine-slider":["https:\/\/infotep.com.ar\/wp-content\/uploads\/2022\/12\/NAVIDAD-2022-1280x649.jpeg",1280,649,true],"blossom-feminine-featured":["https:\/\/infotep.com.ar\/wp-content\/uploads\/2022\/12\/NAVIDAD-2022-1280x600.jpeg",1280,600,true],"blossom-feminine-with-sidebar":["https:\/\/infotep.com.ar\/wp-content\/uploads\/2022\/12\/NAVIDAD-2022-1020x600.jpeg",1020,600,true],"blossom-feminine-blog":["https:\/\/infotep.com.ar\/wp-content\/uploads\/2022\/12\/NAVIDAD-2022-435x435.jpeg",435,435,true],"blossom-feminine-cat":["https:\/\/infotep.com.ar\/wp-content\/uploads\/2022\/12\/NAVIDAD-2022-450x300.jpeg",450,300,true],"blossom-feminine-related":["https:\/\/infotep.com.ar\/wp-content\/uploads\/2022\/12\/NAVIDAD-2022-320x200.jpeg",320,200,true],"blossom-feminine-schema":["https:\/\/infotep.com.ar\/wp-content\/uploads\/2022\/12\/NAVIDAD-2022-107x60.jpeg",107,60,true],"blossom-mommy-blog-slider-big":["https:\/\/infotep.com.ar\/wp-content\/uploads\/2022\/12\/NAVIDAD-2022-920x650.jpeg",920,650,true],"blossom-mommy-blog-slider":["https:\/\/infotep.com.ar\/wp-content\/uploads\/2022\/12\/NAVIDAD-2022-460x310.jpeg",460,310,true],"blossom-mommy-blog-two":["https:\/\/infotep.com.ar\/wp-content\/uploads\/2022\/12\/NAVIDAD-2022-768x480.jpeg",768,480,true]},"author_info":{"info":["Angela Tobar"]},"category_info":"<a href=\"https:\/\/infotep.com.ar\/index.php\/category\/municipales\/ituzaingo\/\" rel=\"category tag\">Ituzaing\u00f3<\/a>","tag_info":"Ituzaing\u00f3","comment_count":"0","_links":{"self":[{"href":"https:\/\/infotep.com.ar\/index.php\/wp-json\/wp\/v2\/posts\/2605"}],"collection":[{"href":"https:\/\/infotep.com.ar\/index.php\/wp-json\/wp\/v2\/posts"}],"about":[{"href":"https:\/\/infotep.com.ar\/index.php\/wp-json\/wp\/v2\/types\/post"}],"author":[{"embeddable":true,"href":"https:\/\/infotep.com.ar\/index.php\/wp-json\/wp\/v2\/users\/5"}],"replies":[{"embeddable":true,"href":"https:\/\/infotep.com.ar\/index.php\/wp-json\/wp\/v2\/comments?post=2605"}],"version-history":[{"count":1,"href":"https:\/\/infotep.com.ar\/index.php\/wp-json\/wp\/v2\/posts\/2605\/revisions"}],"predecessor-version":[{"id":2607,"href":"https:\/\/infotep.com.ar\/index.php\/wp-json\/wp\/v2\/posts\/2605\/revisions\/2607"}],"wp:featuredmedia":[{"embeddable":true,"href":"https:\/\/infotep.com.ar\/index.php\/wp-json\/wp\/v2\/media\/2606"}],"wp:attachment":[{"href":"https:\/\/infotep.com.ar\/index.php\/wp-json\/wp\/v2\/media?parent=2605"}],"wp:term":[{"taxonomy":"category","embeddable":true,"href":"https:\/\/infotep.com.ar\/index.php\/wp-json\/wp\/v2\/categories?post=2605"},{"taxonomy":"post_tag","embeddable":true,"href":"https:\/\/infotep.com.ar\/index.php\/wp-json\/wp\/v2\/tags?post=2605"}],"curies":[{"name":"wp","href":"https:\/\/api.w.org\/{rel}","templated":true}]}}