{"id":26125,"date":"2025-07-24T14:02:58","date_gmt":"2025-07-24T17:02:58","guid":{"rendered":"https:\/\/infotep.com.ar\/?p=26125"},"modified":"2025-07-24T14:02:59","modified_gmt":"2025-07-24T17:02:59","slug":"manuel-adorni-victoria-villarruel-no-forma-parte-del-proyecto","status":"publish","type":"post","link":"https:\/\/infotep.com.ar\/index.php\/2025\/07\/24\/manuel-adorni-victoria-villarruel-no-forma-parte-del-proyecto\/","title":{"rendered":"Manuel Adorni: &#8220;Victoria Villarruel no forma parte del proyecto&#8221;"},"content":{"rendered":"\n<p>El vocero presidencial asegur\u00f3 que la nulidad en el v\u00ednculo de Javier Milei y Victoria Villarruel no afecta a la gobernabilidad.<br><br><strong>El vocero presidencial, Manuel Adorni, habl\u00f3 del nulo v\u00ednculo entre el presidente Javier Milei y la vicepresidenta Victoria Villarruel, a quien desvincul\u00f3 del proyecto nacional, y asegur\u00f3 que eso no afecta el normal desarrollo de la gesti\u00f3n.<\/strong><\/p>\n\n\n\n<p class=\"has-light-green-cyan-background-color has-background\">\u201cTodo el mundo sabe que la Vicepresidente no es parte del proyecto, no es parte del norte, y el Presidente considera que no es parte de la gesti\u00f3n ya desde hace much\u00edsimo tiempo\u201d, sostuvo el funcionario en la habitual conferencia de prensa ante la consulta de la agencia Noticias Argentinas.<\/p>\n\n\n\n<p>En la misma l\u00ednea, remarc\u00f3: \u201cNo hay ninguna novedad con eso.\u00bfPor qu\u00e9 no se iba a poder gobernar? Hace un a\u00f1o y medio que gobernamos con resultados bastante prominentes\u201d.<\/p>\n\n\n\n<p>Para Adorni, se trata de \u201ccuestiones de la din\u00e1mica de todos los d\u00edas de la pol\u00edtica\u201d, y luego de que el mandatario calificara a la titular del Senado de \u201cbruta traidora\u201d durante su discurso en la Derecha Fest, pidi\u00f3 no darle \u201cdemasiado valor a determinadas definiciones\u201d.<\/p>\n\n\n\n<p>\u201cNo importa\u201d, sostuvo ante la consulta, y aclar\u00f3: \u201cEs simple, no forma parte del Gobierno, no forma parte de la gesti\u00f3n, no forma parte del d\u00eda a d\u00eda y no es parte de este proyecto. No hay mucho m\u00e1s\u201d.<\/p>\n\n\n\n<p>En otro pasaje de la conferencia, el funcionario hizo alusi\u00f3n al posteo en la cuenta de X que escribi\u00f3 la secretaria General de la Presidencia, Karina Milei, con intenciones de ordenar la interna, y plante\u00f3 que se trat\u00f3 de \u201cun mensaje para todos\u201d.<\/p>\n\n\n\n<p>\u201cEl mensaje es ese, que los cargos no importan, el qui\u00e9nes est\u00e1n en una lista o en un puesto o en una funci\u00f3n no importa y que lo que importa es que estemos todos juntos en el mismo barco, yendo todos hacia la misma direcci\u00f3n\u201d, asever\u00f3 luego de que la menor de los Milei arremetiera contra los detractores de las listas bonaerenses.<\/p>\n\n\n\n<p>Asimismo, el vocero ampli\u00f3: \u201cFue un mensaje para todos de \u2018vamos para adelante\u2019. Es razonable que en los armados de listas o en cuestiones partidarias algunos tengan pretensiones, los lugares son limitados, no ha pasado nada que uno considere anormal o at\u00edpico\u201d.<\/p>\n\n\n\n<p>\u201cM\u00e1s all\u00e1 de que somos nuevos en estas cuestiones de armados, si me permit\u00eds la opini\u00f3n personal, es que fue un mensaje para absolutamente todos, para m\u00ed tambi\u00e9n, para todos los que defendemos estas ideas\u201d, expres\u00f3 Adorni.<\/p>\n\n\n\n<p>Por \u00faltimo, hizo alusi\u00f3n al planteo del jefe de Gobierno porte\u00f1o, Jorge Macri, de cerrar un acuerdo electoral con La Libertad Avanza para los comicios nacionales en la Ciudad de Buenos Aires, aunque evit\u00f3 dar una definici\u00f3n.<\/p>\n\n\n\n<p>\u201cNo voy a entrar en temas partidarios, pero cuando se habla de tabula rasa nunca es para todos. Siempre es para quienes efectivamente tengan el deseo real y genuino de entender cu\u00e1l es el veh\u00edculo y cu\u00e1l es el norte\u201d, afirm\u00f3, y concluy\u00f3: \u201cTienen que estar esos dos elementos. Cuando alguno de esos dos elementos no est\u00e1n\u2026\u201d<\/p>\n","protected":false},"excerpt":{"rendered":"<p>El vocero presidencial asegur&oacute; que la nulidad en el v&iacute;nculo de Javier Milei y Victoria Villarruel no afecta a la gobernabilidad. El vocero presidencial, Manuel Adorni, habl&oacute; del nulo v&iacute;nculo entre el presidente Javier Milei y la vicepresidenta Victoria Villarruel, a quien desvincul&oacute; del proyecto nacional, y asegur&oacute; que eso no afecta el normal desarrollo &hellip; <\/p>\n","protected":false},"author":5,"featured_media":12137,"comment_status":"closed","ping_status":"closed","sticky":false,"template":"","format":"standard","meta":{"om_disable_all_campaigns":false,"_joinchat":[]},"categories":[3],"tags":[46,43,569],"featured_image_urls":{"full":["https:\/\/infotep.com.ar\/wp-content\/uploads\/2024\/03\/villaruel.webp",640,309,false],"thumbnail":["https:\/\/infotep.com.ar\/wp-content\/uploads\/2024\/03\/villaruel-150x150.webp",150,150,true],"medium":["https:\/\/infotep.com.ar\/wp-content\/uploads\/2024\/03\/villaruel-300x145.webp",300,145,true],"medium_large":["https:\/\/infotep.com.ar\/wp-content\/uploads\/2024\/03\/villaruel.webp",640,309,false],"large":["https:\/\/infotep.com.ar\/wp-content\/uploads\/2024\/03\/villaruel.webp",640,309,false],"1536x1536":["https:\/\/infotep.com.ar\/wp-content\/uploads\/2024\/03\/villaruel.webp",640,309,false],"2048x2048":["https:\/\/infotep.com.ar\/wp-content\/uploads\/2024\/03\/villaruel.webp",640,309,false],"blossom-feminine-slider":["https:\/\/infotep.com.ar\/wp-content\/uploads\/2024\/03\/villaruel.webp",640,309,false],"blossom-feminine-featured":["https:\/\/infotep.com.ar\/wp-content\/uploads\/2024\/03\/villaruel.webp",640,309,false],"blossom-feminine-with-sidebar":["https:\/\/infotep.com.ar\/wp-content\/uploads\/2024\/03\/villaruel.webp",640,309,false],"blossom-feminine-blog":["https:\/\/infotep.com.ar\/wp-content\/uploads\/2024\/03\/villaruel-435x309.webp",435,309,true],"blossom-feminine-cat":["https:\/\/infotep.com.ar\/wp-content\/uploads\/2024\/03\/villaruel-450x300.webp",450,300,true],"blossom-feminine-related":["https:\/\/infotep.com.ar\/wp-content\/uploads\/2024\/03\/villaruel-320x200.webp",320,200,true],"blossom-feminine-schema":["https:\/\/infotep.com.ar\/wp-content\/uploads\/2024\/03\/villaruel-124x60.webp",124,60,true],"blossom-mommy-blog-slider-big":["https:\/\/infotep.com.ar\/wp-content\/uploads\/2024\/03\/villaruel.webp",640,309,false],"blossom-mommy-blog-slider":["https:\/\/infotep.com.ar\/wp-content\/uploads\/2024\/03\/villaruel-460x309.webp",460,309,true],"blossom-mommy-blog-two":["https:\/\/infotep.com.ar\/wp-content\/uploads\/2024\/03\/villaruel.webp",640,309,false]},"author_info":{"info":["Angela Tobar"]},"category_info":"<a href=\"https:\/\/infotep.com.ar\/index.php\/category\/nacionales\/\" rel=\"category tag\">Nacionales<\/a>","tag_info":"Nacionales","comment_count":"0","_links":{"self":[{"href":"https:\/\/infotep.com.ar\/index.php\/wp-json\/wp\/v2\/posts\/26125"}],"collection":[{"href":"https:\/\/infotep.com.ar\/index.php\/wp-json\/wp\/v2\/posts"}],"about":[{"href":"https:\/\/infotep.com.ar\/index.php\/wp-json\/wp\/v2\/types\/post"}],"author":[{"embeddable":true,"href":"https:\/\/infotep.com.ar\/index.php\/wp-json\/wp\/v2\/users\/5"}],"replies":[{"embeddable":true,"href":"https:\/\/infotep.com.ar\/index.php\/wp-json\/wp\/v2\/comments?post=26125"}],"version-history":[{"count":1,"href":"https:\/\/infotep.com.ar\/index.php\/wp-json\/wp\/v2\/posts\/26125\/revisions"}],"predecessor-version":[{"id":26126,"href":"https:\/\/infotep.com.ar\/index.php\/wp-json\/wp\/v2\/posts\/26125\/revisions\/26126"}],"wp:featuredmedia":[{"embeddable":true,"href":"https:\/\/infotep.com.ar\/index.php\/wp-json\/wp\/v2\/media\/12137"}],"wp:attachment":[{"href":"https:\/\/infotep.com.ar\/index.php\/wp-json\/wp\/v2\/media?parent=26125"}],"wp:term":[{"taxonomy":"category","embeddable":true,"href":"https:\/\/infotep.com.ar\/index.php\/wp-json\/wp\/v2\/categories?post=26125"},{"taxonomy":"post_tag","embeddable":true,"href":"https:\/\/infotep.com.ar\/index.php\/wp-json\/wp\/v2\/tags?post=26125"}],"curies":[{"name":"wp","href":"https:\/\/api.w.org\/{rel}","templated":true}]}}