{"id":26293,"date":"2025-07-30T14:14:06","date_gmt":"2025-07-30T17:14:06","guid":{"rendered":"https:\/\/infotep.com.ar\/?p=26293"},"modified":"2025-07-30T14:14:07","modified_gmt":"2025-07-30T17:14:07","slug":"alberto-descalzo-participo-de-un-encuentro-entre-kicillof-massa-e-intendentes-en-la-primera-seccion","status":"publish","type":"post","link":"https:\/\/infotep.com.ar\/index.php\/2025\/07\/30\/alberto-descalzo-participo-de-un-encuentro-entre-kicillof-massa-e-intendentes-en-la-primera-seccion\/","title":{"rendered":"Alberto Descalzo particip\u00f3 de un encuentro entre Kicillof, Massa e intendentes en la primera secci\u00f3n"},"content":{"rendered":"\n<p><strong>El gobernador de la provincia de Buenos Aires, Axel Kicillof, y el ex ministro de Econom\u00eda y actual titular del Frente Renovador (FR), Sergio Massa, encabezaron una reuni\u00f3n junto a varios intendentes, que tambi\u00e9n cont\u00f3 con la presencia del ministro de Infraestructura y Servicios P\u00fablicos bonaerense, Gabriel Katopodis, y el exintendente de Ituzaing\u00f3 Alberto Descalzo.<\/strong><\/p>\n\n\n\n<p>El encuentro se produjo ayer por la noche en la localidad de San Fernando, primera secci\u00f3n electoral, con los 24 intendentes que pertenecen a las diversas fuerzas peronistas y que se unir\u00e1n en las pr\u00f3ximas legislativas de la provincia.<\/p>\n\n\n\n<p>Seg\u00fan trasendi\u00f3, cada uno de los mandatario brind\u00f3 informes de sus respectivos distritos y acordaron \u201cdejar de lado las diferencias\u201d con el objetivo de \u201ctrabajar en unidad\u201d para la campa\u00f1a de las pr\u00f3ximas elecciones, bajo un concepto de \u201cigualdad\u201d.<\/p>\n\n\n\n<p>Los mandatarios municipales, a lo largo de los d\u00edas, realizar\u00e1n actos barriales y se sumar\u00e1n recorridas \u201cpuerta a puerta\u201d para escuchar a los vecinos e invitarlos a que los acompa\u00f1en en estas votaciones, ya que el foco central es \u201cfrenar\u201d la gesti\u00f3n del presidente Javier Milei.<\/p>\n","protected":false},"excerpt":{"rendered":"<p>El gobernador de la provincia de Buenos Aires, Axel Kicillof, y el ex ministro de Econom&iacute;a y actual titular del Frente Renovador (FR), Sergio Massa, encabezaron una reuni&oacute;n junto a varios intendentes, que tambi&eacute;n cont&oacute; con la presencia del ministro de Infraestructura y Servicios P&uacute;blicos bonaerense, Gabriel Katopodis, y el exintendente de Ituzaing&oacute; Alberto Descalzo. &hellip; <\/p>\n","protected":false},"author":5,"featured_media":26295,"comment_status":"closed","ping_status":"closed","sticky":false,"template":"","format":"standard","meta":{"om_disable_all_campaigns":false,"_joinchat":[]},"categories":[31,8,4],"tags":[46,43,569],"featured_image_urls":{"full":["https:\/\/infotep.com.ar\/wp-content\/uploads\/2025\/07\/sergio-massa-con-axel-kicillof-y-alberto-descalzo-MUIAHRILEBGWBAZUMUBSBZNTSM-1.jpg",562,387,false],"thumbnail":["https:\/\/infotep.com.ar\/wp-content\/uploads\/2025\/07\/sergio-massa-con-axel-kicillof-y-alberto-descalzo-MUIAHRILEBGWBAZUMUBSBZNTSM-1-150x150.jpg",150,150,true],"medium":["https:\/\/infotep.com.ar\/wp-content\/uploads\/2025\/07\/sergio-massa-con-axel-kicillof-y-alberto-descalzo-MUIAHRILEBGWBAZUMUBSBZNTSM-1-300x207.jpg",300,207,true],"medium_large":["https:\/\/infotep.com.ar\/wp-content\/uploads\/2025\/07\/sergio-massa-con-axel-kicillof-y-alberto-descalzo-MUIAHRILEBGWBAZUMUBSBZNTSM-1.jpg",562,387,false],"large":["https:\/\/infotep.com.ar\/wp-content\/uploads\/2025\/07\/sergio-massa-con-axel-kicillof-y-alberto-descalzo-MUIAHRILEBGWBAZUMUBSBZNTSM-1.jpg",562,387,false],"1536x1536":["https:\/\/infotep.com.ar\/wp-content\/uploads\/2025\/07\/sergio-massa-con-axel-kicillof-y-alberto-descalzo-MUIAHRILEBGWBAZUMUBSBZNTSM-1.jpg",562,387,false],"2048x2048":["https:\/\/infotep.com.ar\/wp-content\/uploads\/2025\/07\/sergio-massa-con-axel-kicillof-y-alberto-descalzo-MUIAHRILEBGWBAZUMUBSBZNTSM-1.jpg",562,387,false],"blossom-feminine-slider":["https:\/\/infotep.com.ar\/wp-content\/uploads\/2025\/07\/sergio-massa-con-axel-kicillof-y-alberto-descalzo-MUIAHRILEBGWBAZUMUBSBZNTSM-1.jpg",562,387,false],"blossom-feminine-featured":["https:\/\/infotep.com.ar\/wp-content\/uploads\/2025\/07\/sergio-massa-con-axel-kicillof-y-alberto-descalzo-MUIAHRILEBGWBAZUMUBSBZNTSM-1.jpg",562,387,false],"blossom-feminine-with-sidebar":["https:\/\/infotep.com.ar\/wp-content\/uploads\/2025\/07\/sergio-massa-con-axel-kicillof-y-alberto-descalzo-MUIAHRILEBGWBAZUMUBSBZNTSM-1.jpg",562,387,false],"blossom-feminine-blog":["https:\/\/infotep.com.ar\/wp-content\/uploads\/2025\/07\/sergio-massa-con-axel-kicillof-y-alberto-descalzo-MUIAHRILEBGWBAZUMUBSBZNTSM-1-435x387.jpg",435,387,true],"blossom-feminine-cat":["https:\/\/infotep.com.ar\/wp-content\/uploads\/2025\/07\/sergio-massa-con-axel-kicillof-y-alberto-descalzo-MUIAHRILEBGWBAZUMUBSBZNTSM-1-450x300.jpg",450,300,true],"blossom-feminine-related":["https:\/\/infotep.com.ar\/wp-content\/uploads\/2025\/07\/sergio-massa-con-axel-kicillof-y-alberto-descalzo-MUIAHRILEBGWBAZUMUBSBZNTSM-1-320x200.jpg",320,200,true],"blossom-feminine-schema":["https:\/\/infotep.com.ar\/wp-content\/uploads\/2025\/07\/sergio-massa-con-axel-kicillof-y-alberto-descalzo-MUIAHRILEBGWBAZUMUBSBZNTSM-1-87x60.jpg",87,60,true],"blossom-mommy-blog-slider-big":["https:\/\/infotep.com.ar\/wp-content\/uploads\/2025\/07\/sergio-massa-con-axel-kicillof-y-alberto-descalzo-MUIAHRILEBGWBAZUMUBSBZNTSM-1.jpg",562,387,false],"blossom-mommy-blog-slider":["https:\/\/infotep.com.ar\/wp-content\/uploads\/2025\/07\/sergio-massa-con-axel-kicillof-y-alberto-descalzo-MUIAHRILEBGWBAZUMUBSBZNTSM-1-460x310.jpg",460,310,true],"blossom-mommy-blog-two":["https:\/\/infotep.com.ar\/wp-content\/uploads\/2025\/07\/sergio-massa-con-axel-kicillof-y-alberto-descalzo-MUIAHRILEBGWBAZUMUBSBZNTSM-1.jpg",562,387,false]},"author_info":{"info":["Angela Tobar"]},"category_info":"<a href=\"https:\/\/infotep.com.ar\/index.php\/category\/destacadas\/\" rel=\"category tag\">Destacadas<\/a> <a href=\"https:\/\/infotep.com.ar\/index.php\/category\/municipales\/ituzaingo\/\" rel=\"category tag\">Ituzaing\u00f3<\/a> <a href=\"https:\/\/infotep.com.ar\/index.php\/category\/provinciales\/\" rel=\"category tag\">Provinciales<\/a>","tag_info":"Provinciales","comment_count":"0","_links":{"self":[{"href":"https:\/\/infotep.com.ar\/index.php\/wp-json\/wp\/v2\/posts\/26293"}],"collection":[{"href":"https:\/\/infotep.com.ar\/index.php\/wp-json\/wp\/v2\/posts"}],"about":[{"href":"https:\/\/infotep.com.ar\/index.php\/wp-json\/wp\/v2\/types\/post"}],"author":[{"embeddable":true,"href":"https:\/\/infotep.com.ar\/index.php\/wp-json\/wp\/v2\/users\/5"}],"replies":[{"embeddable":true,"href":"https:\/\/infotep.com.ar\/index.php\/wp-json\/wp\/v2\/comments?post=26293"}],"version-history":[{"count":1,"href":"https:\/\/infotep.com.ar\/index.php\/wp-json\/wp\/v2\/posts\/26293\/revisions"}],"predecessor-version":[{"id":26296,"href":"https:\/\/infotep.com.ar\/index.php\/wp-json\/wp\/v2\/posts\/26293\/revisions\/26296"}],"wp:featuredmedia":[{"embeddable":true,"href":"https:\/\/infotep.com.ar\/index.php\/wp-json\/wp\/v2\/media\/26295"}],"wp:attachment":[{"href":"https:\/\/infotep.com.ar\/index.php\/wp-json\/wp\/v2\/media?parent=26293"}],"wp:term":[{"taxonomy":"category","embeddable":true,"href":"https:\/\/infotep.com.ar\/index.php\/wp-json\/wp\/v2\/categories?post=26293"},{"taxonomy":"post_tag","embeddable":true,"href":"https:\/\/infotep.com.ar\/index.php\/wp-json\/wp\/v2\/tags?post=26293"}],"curies":[{"name":"wp","href":"https:\/\/api.w.org\/{rel}","templated":true}]}}