{"id":26311,"date":"2025-07-31T00:45:00","date_gmt":"2025-07-31T03:45:00","guid":{"rendered":"https:\/\/infotep.com.ar\/?p=26311"},"modified":"2025-07-30T23:47:43","modified_gmt":"2025-07-31T02:47:43","slug":"moron-presento-su-nueva-guardia-urbana","status":"publish","type":"post","link":"https:\/\/infotep.com.ar\/index.php\/2025\/07\/31\/moron-presento-su-nueva-guardia-urbana\/","title":{"rendered":"Mor\u00f3n present\u00f3 su nueva Guardia Urbana"},"content":{"rendered":"\n<p>El intendente de Mor\u00f3n, Lucas Ghi present\u00f3 la nueva fuerza municipal que realizar\u00e1 tareas preventivas en toda la comuna. Desde hoy comenzar\u00e1 a recorrer corredores escolares y centros comerciales.<\/p>\n\n\n\n<p>Ayer al mediod\u00eda, el intendente de Mor\u00f3n, Lucas Ghi, encabez\u00f3 la presentaci\u00f3n de la nueva Guardia Urbana, un cuerpo que tendr\u00e1 un rol clave en la prevenci\u00f3n del delito y el cuidado del espacio p\u00fablico.<\/p>\n\n\n\n<p>La actividad se realiz\u00f3 en la Plaza San Mart\u00edn, donde se present\u00f3 al equipo que conformar\u00e1 esta nueva fuerza municipal. <strong>El cuerpo estar\u00e1 integrado por agentes especialmente capacitados para realizar tareas de patrullaje, control y asistencia ante situaciones de riesgo, en articulaci\u00f3n con las fuerzas de seguridad provinciales y distintas \u00e1reas del Estado local. La Guardia Urbana busca reforzar la presencia territorial del Municipio, con un enfoque centrado en la prevenci\u00f3n, el acompa\u00f1amiento ciudadano y el respeto por los derechos.<\/strong><\/p>\n\n\n\n<p>Luego de la presentaci\u00f3n, el jefe comunal expres\u00f3: \u201cLa puesta en marcha del nuevo cuerpo significa continuar sumando recursos en pos de lo que es la primera demanda de nuestra comunidad: la seguridad. Y en ese sentido, lo hacemos sin improvisar, con planificaci\u00f3n, con protocolos y con formaci\u00f3n. La Guardia Urbana Mor\u00f3n est\u00e1 integrada por hombres y mujeres que han sido debidamente reclutados para ejercer una tarea de disuasi\u00f3n y prevenci\u00f3n\u201d.<\/p>\n\n\n\n<p><strong>Y agreg\u00f3: \u201cEl objetivo es que puedan realizar una alerta temprana, un poder disuasivo frente a cualquier amenaza a un vecino, a un comerciante, ante cualquier circunstancia que altere el orden p\u00fablico. Que intervengan de inmediato con un protocolo y den alerta a los dispositivos de respuesta municipales. As\u00ed generamos, por un lado, una pol\u00edtica muy fuerte de prevenci\u00f3n y, por otro, una respuesta inmediata que optimice el tiempo de abordaje\u201d.<\/strong><\/p>\n\n\n\n<p class=\"has-light-green-cyan-background-color has-background\">Desde hoy la Guardia Urbana se desplegar\u00e1 en las estaciones de Mor\u00f3n, Castelar, Haedo y El Palomar, como parte del esquema de prevenci\u00f3n en los corredores escolares. Luego del ingreso de los estudiantes a los establecimientos educativos, los patrullajes se extender\u00e1n a los centros comerciales. Cada grupo contar\u00e1 con una v\u00eda de comunicaci\u00f3n directa con los Centros de Operaciones y Monitoreo.<\/p>\n\n\n\n<p>Por su parte, el secretario de Seguridad, Dami\u00e1n Cardoso, explic\u00f3: \u201cDesde muy temprano la Guardia Urbana estar\u00e1 frente a los colegios, para brindar protecci\u00f3n en ese horario tan especial. Y luego se trasladar\u00e1n a los centros comerciales para realizar una tarea de prevenci\u00f3n que permita dar una respuesta temprana ante cualquier circunstancia que se presente\u201d.<\/p>\n\n\n\n<figure class=\"wp-block-image\"><img alt=\"\"\/><\/figure>\n\n\n\n<p><strong>Los y las integrantes de la Guardia Urbana Mor\u00f3n fueron seleccionados por equipos municipales de la Secretar\u00eda de Seguridad, a trav\u00e9s de un proceso que incluy\u00f3 pruebas de aptitud f\u00edsica, certificados de antecedentes penales y evaluaciones psicol\u00f3gicas. Posteriormente, recibieron formaci\u00f3n espec\u00edfica en espacios del Municipio acondicionados especialmente para su capacitaci\u00f3n.<\/strong><\/p>\n\n\n\n<p>Estuvieron presentes los y las secretarias de Unidad Intendente, Dra. Estefania Franco; de Educaci\u00f3n y Desarrollo de la Comunidad, Jos\u00e9 Mar\u00eda Ghi; de Desarrollo Urbano y Control de Gesti\u00f3n, Guillermo Pascuero; de Econom\u00eda y Finanzas, Guido Napolitano; de Control Comunal, Claudio Rom\u00e1n; de Tr\u00e1nsito y Transporte, Oscar Conde; de Desarrollo local, Empleo y Econom\u00eda Social, Eugenia Navarro; de Mujeres, G\u00e9neros y Diversidad, Dra. Laura De Peri; de Legal y T\u00e9cnica, Hern\u00e1n Sabbatella; de Desarrollo Productivo, Santiago Mu\u00f1iz; y el presidente del HCD, Marcelo Gonz\u00e1lez.<\/p>\n","protected":false},"excerpt":{"rendered":"<p>El intendente de Mor&oacute;n, Lucas Ghi present&oacute; la nueva fuerza municipal que realizar&aacute; tareas preventivas en toda la comuna. Desde hoy comenzar&aacute; a recorrer corredores escolares y centros comerciales. Ayer al mediod&iacute;a, el intendente de Mor&oacute;n, Lucas Ghi, encabez&oacute; la presentaci&oacute;n de la nueva Guardia Urbana, un cuerpo que tendr&aacute; un rol clave en la &hellip; <\/p>\n","protected":false},"author":5,"featured_media":26312,"comment_status":"closed","ping_status":"closed","sticky":false,"template":"","format":"standard","meta":{"om_disable_all_campaigns":false,"_joinchat":[]},"categories":[31,9],"tags":[46,53,43,569],"featured_image_urls":{"full":["https:\/\/infotep.com.ar\/wp-content\/uploads\/2025\/07\/moron.jpeg",1024,683,false],"thumbnail":["https:\/\/infotep.com.ar\/wp-content\/uploads\/2025\/07\/moron-150x150.jpeg",150,150,true],"medium":["https:\/\/infotep.com.ar\/wp-content\/uploads\/2025\/07\/moron-300x200.jpeg",300,200,true],"medium_large":["https:\/\/infotep.com.ar\/wp-content\/uploads\/2025\/07\/moron-768x512.jpeg",768,512,true],"large":["https:\/\/infotep.com.ar\/wp-content\/uploads\/2025\/07\/moron.jpeg",1020,680,false],"1536x1536":["https:\/\/infotep.com.ar\/wp-content\/uploads\/2025\/07\/moron.jpeg",1024,683,false],"2048x2048":["https:\/\/infotep.com.ar\/wp-content\/uploads\/2025\/07\/moron.jpeg",1024,683,false],"blossom-feminine-slider":["https:\/\/infotep.com.ar\/wp-content\/uploads\/2025\/07\/moron-1024x649.jpeg",1024,649,true],"blossom-feminine-featured":["https:\/\/infotep.com.ar\/wp-content\/uploads\/2025\/07\/moron-1024x600.jpeg",1024,600,true],"blossom-feminine-with-sidebar":["https:\/\/infotep.com.ar\/wp-content\/uploads\/2025\/07\/moron-1020x600.jpeg",1020,600,true],"blossom-feminine-blog":["https:\/\/infotep.com.ar\/wp-content\/uploads\/2025\/07\/moron-435x435.jpeg",435,435,true],"blossom-feminine-cat":["https:\/\/infotep.com.ar\/wp-content\/uploads\/2025\/07\/moron-450x300.jpeg",450,300,true],"blossom-feminine-related":["https:\/\/infotep.com.ar\/wp-content\/uploads\/2025\/07\/moron-320x200.jpeg",320,200,true],"blossom-feminine-schema":["https:\/\/infotep.com.ar\/wp-content\/uploads\/2025\/07\/moron-90x60.jpeg",90,60,true],"blossom-mommy-blog-slider-big":["https:\/\/infotep.com.ar\/wp-content\/uploads\/2025\/07\/moron-920x650.jpeg",920,650,true],"blossom-mommy-blog-slider":["https:\/\/infotep.com.ar\/wp-content\/uploads\/2025\/07\/moron-460x310.jpeg",460,310,true],"blossom-mommy-blog-two":["https:\/\/infotep.com.ar\/wp-content\/uploads\/2025\/07\/moron-768x480.jpeg",768,480,true]},"author_info":{"info":["Angela Tobar"]},"category_info":"<a href=\"https:\/\/infotep.com.ar\/index.php\/category\/destacadas\/\" rel=\"category tag\">Destacadas<\/a> <a href=\"https:\/\/infotep.com.ar\/index.php\/category\/municipales\/moron\/\" rel=\"category tag\">Mor\u00f3n<\/a>","tag_info":"Mor\u00f3n","comment_count":"0","_links":{"self":[{"href":"https:\/\/infotep.com.ar\/index.php\/wp-json\/wp\/v2\/posts\/26311"}],"collection":[{"href":"https:\/\/infotep.com.ar\/index.php\/wp-json\/wp\/v2\/posts"}],"about":[{"href":"https:\/\/infotep.com.ar\/index.php\/wp-json\/wp\/v2\/types\/post"}],"author":[{"embeddable":true,"href":"https:\/\/infotep.com.ar\/index.php\/wp-json\/wp\/v2\/users\/5"}],"replies":[{"embeddable":true,"href":"https:\/\/infotep.com.ar\/index.php\/wp-json\/wp\/v2\/comments?post=26311"}],"version-history":[{"count":1,"href":"https:\/\/infotep.com.ar\/index.php\/wp-json\/wp\/v2\/posts\/26311\/revisions"}],"predecessor-version":[{"id":26314,"href":"https:\/\/infotep.com.ar\/index.php\/wp-json\/wp\/v2\/posts\/26311\/revisions\/26314"}],"wp:featuredmedia":[{"embeddable":true,"href":"https:\/\/infotep.com.ar\/index.php\/wp-json\/wp\/v2\/media\/26312"}],"wp:attachment":[{"href":"https:\/\/infotep.com.ar\/index.php\/wp-json\/wp\/v2\/media?parent=26311"}],"wp:term":[{"taxonomy":"category","embeddable":true,"href":"https:\/\/infotep.com.ar\/index.php\/wp-json\/wp\/v2\/categories?post=26311"},{"taxonomy":"post_tag","embeddable":true,"href":"https:\/\/infotep.com.ar\/index.php\/wp-json\/wp\/v2\/tags?post=26311"}],"curies":[{"name":"wp","href":"https:\/\/api.w.org\/{rel}","templated":true}]}}