{"id":26384,"date":"2025-08-01T02:33:00","date_gmt":"2025-08-01T05:33:00","guid":{"rendered":"https:\/\/infotep.com.ar\/?p=26384"},"modified":"2025-08-01T14:36:27","modified_gmt":"2025-08-01T17:36:27","slug":"la-libertad-avanza-prepara-la-presentacion-en-sociedad-de-los-candidatos-bonaerenses","status":"publish","type":"post","link":"https:\/\/infotep.com.ar\/index.php\/2025\/08\/01\/la-libertad-avanza-prepara-la-presentacion-en-sociedad-de-los-candidatos-bonaerenses\/","title":{"rendered":"La Libertad Avanza prepara la presentaci\u00f3n &#8220;en sociedad&#8221; de los candidatos bonaerenses"},"content":{"rendered":"\n<p><br>Con la mesa de campa\u00f1a en funciones, La Libertad Avanza trabaja en la presentaci\u00f3n de los candidatos que competir\u00e1n por las ocho secciones de la provincia de Buenos Aires, y dise\u00f1an una estrategia unificada que les permita disputar la elecci\u00f3n del 7 de septiembre y las nacionales del 26 de octubre.<\/p>\n\n\n\n<p>La pr\u00f3xima semana los ocho representantes libertarios confluir\u00e1n en una foto conjunta que podr\u00eda encabezar el presidente Javier Milei que dar\u00e1 inicio a la segunda etapa del proceso electoral en el camino a septiembre.<\/p>\n\n\n\n<p>Para eso, Diego Valenzuela (Primera), Natalia Blanco (Segunda), Maximiliano Bondarenko (Tercera), Gonzalo Cabezas (Cuarta), Guillermo Montenegro (Quinta), Oscar Liberman (Sexta), Alejandro Speroni (S\u00e9ptima) y Francisco Adorni (Octava) inmortalizar\u00e1n, en una locaci\u00f3n a definir, la alianza entre el PRO y La Libertad Avanza que apuesta a reducir al peronismo en la legislatura bonaerense.<\/p>\n\n\n\n<p>La Libertad Avanza espera a largar el 8 de agosto, fecha en la que deber\u00e1n presentarse las boletas.<\/p>\n\n\n\n<p>La confluencia del asesor presidencial, Santiago Caputo, con los armadores territoriales Eduardo \u201cLule\u201d Menem y Sebasti\u00e1n Pareja en una mesa de trabajo a pedido de la secretaria general de la Presidencia, Karina Milei, parece alinear a todos los actores detr\u00e1s la elecci\u00f3n y, por consecuencia, descomprimir la tensi\u00f3n interna.<\/p>\n\n\n\n<p>Con la distribuci\u00f3n de tareas en curso y ante el incipiente dise\u00f1o de la hoja de ruta, el esquema de discursivo ser\u00e1 sintetizado en el slogan \u201ckirchnerismo o libertad\u201d que le otorg\u00f3 el triunfo al vocero presidencial, Manuel Adorni, en la Ciudad a mediados de mayo.<\/p>\n\n\n\n<p>Si bien el cronograma de actividades est\u00e1 en pleno dise\u00f1o, fuentes del armado violeta anticiparon ante la agencia Noticias Argentinas que evitar\u00e1n actos pol\u00edticos y eventos que est\u00e9n ligados a la &#8220;pol\u00edtica tradicional&#8221;.<\/p>\n\n\n\n<p>Mientras las autoridades nacionales dise\u00f1an las f\u00f3rmulas que bajar\u00e1n a las seccionales, se vislumbra la incipiente organizaci\u00f3n local que busca dar inicio, de manera artesanal, con el operativo electoral.<\/p>\n\n\n\n<p>Este viernes, los candidatos a diputados de la Tercera Secci\u00f3n, que lleva al expolic\u00eda Maximiliano Bondarenko a la cabeza, ser\u00e1n los pioneros en aceitar el mecanismo cuando realizan una reuni\u00f3n a puertas cerradas que se celebrar\u00e1 en un conocido restaurant del partido de Ezeiza, ubicado en el barrio San Ignacio, para ordenar la discusi\u00f3n.<\/p>\n\n\n\n<p>No se descarta la presencia de Pareja y del coordinador Fabrizio Mart\u00ednez, de pasado barra brava, en el intercambio que contar\u00e1 con la asistencia del secretario de Culto y Civilizaci\u00f3n, Nahuel Sotelo, \u00fanico representante de las Fuerzas del Cielo en la n\u00f3mina.<\/p>\n\n\n\n<p>\u201cAdem\u00e1s de la l\u00ednea nacional, tenemos que empezar a pensar en lo que pasa en cada distrito, en las problem\u00e1ticas locales, para darle voz a los vecinos\u201d, resumieron ante esta agencia.<\/p>\n\n\n\n<p><\/p>\n","protected":false},"excerpt":{"rendered":"<p>Con la mesa de campa&ntilde;a en funciones, La Libertad Avanza trabaja en la presentaci&oacute;n de los candidatos que competir&aacute;n por las ocho secciones de la provincia de Buenos Aires, y dise&ntilde;an una estrategia unificada que les permita disputar la elecci&oacute;n del 7 de septiembre y las nacionales del 26 de octubre. La pr&oacute;xima semana los &hellip; <\/p>\n","protected":false},"author":5,"featured_media":26385,"comment_status":"closed","ping_status":"closed","sticky":false,"template":"","format":"standard","meta":{"om_disable_all_campaigns":false,"_joinchat":[]},"categories":[4],"tags":[46,43,569],"featured_image_urls":{"full":["https:\/\/infotep.com.ar\/wp-content\/uploads\/2025\/08\/720-7.webp",934,720,false],"thumbnail":["https:\/\/infotep.com.ar\/wp-content\/uploads\/2025\/08\/720-7-150x150.webp",150,150,true],"medium":["https:\/\/infotep.com.ar\/wp-content\/uploads\/2025\/08\/720-7-300x231.webp",300,231,true],"medium_large":["https:\/\/infotep.com.ar\/wp-content\/uploads\/2025\/08\/720-7-768x592.webp",768,592,true],"large":["https:\/\/infotep.com.ar\/wp-content\/uploads\/2025\/08\/720-7.webp",934,720,false],"1536x1536":["https:\/\/infotep.com.ar\/wp-content\/uploads\/2025\/08\/720-7.webp",934,720,false],"2048x2048":["https:\/\/infotep.com.ar\/wp-content\/uploads\/2025\/08\/720-7.webp",934,720,false],"blossom-feminine-slider":["https:\/\/infotep.com.ar\/wp-content\/uploads\/2025\/08\/720-7-934x649.webp",934,649,true],"blossom-feminine-featured":["https:\/\/infotep.com.ar\/wp-content\/uploads\/2025\/08\/720-7-934x600.webp",934,600,true],"blossom-feminine-with-sidebar":["https:\/\/infotep.com.ar\/wp-content\/uploads\/2025\/08\/720-7-934x600.webp",934,600,true],"blossom-feminine-blog":["https:\/\/infotep.com.ar\/wp-content\/uploads\/2025\/08\/720-7-435x435.webp",435,435,true],"blossom-feminine-cat":["https:\/\/infotep.com.ar\/wp-content\/uploads\/2025\/08\/720-7-450x300.webp",450,300,true],"blossom-feminine-related":["https:\/\/infotep.com.ar\/wp-content\/uploads\/2025\/08\/720-7-320x200.webp",320,200,true],"blossom-feminine-schema":["https:\/\/infotep.com.ar\/wp-content\/uploads\/2025\/08\/720-7-78x60.webp",78,60,true],"blossom-mommy-blog-slider-big":["https:\/\/infotep.com.ar\/wp-content\/uploads\/2025\/08\/720-7-920x650.webp",920,650,true],"blossom-mommy-blog-slider":["https:\/\/infotep.com.ar\/wp-content\/uploads\/2025\/08\/720-7-460x310.webp",460,310,true],"blossom-mommy-blog-two":["https:\/\/infotep.com.ar\/wp-content\/uploads\/2025\/08\/720-7-768x480.webp",768,480,true]},"author_info":{"info":["Angela Tobar"]},"category_info":"<a href=\"https:\/\/infotep.com.ar\/index.php\/category\/provinciales\/\" rel=\"category tag\">Provinciales<\/a>","tag_info":"Provinciales","comment_count":"0","_links":{"self":[{"href":"https:\/\/infotep.com.ar\/index.php\/wp-json\/wp\/v2\/posts\/26384"}],"collection":[{"href":"https:\/\/infotep.com.ar\/index.php\/wp-json\/wp\/v2\/posts"}],"about":[{"href":"https:\/\/infotep.com.ar\/index.php\/wp-json\/wp\/v2\/types\/post"}],"author":[{"embeddable":true,"href":"https:\/\/infotep.com.ar\/index.php\/wp-json\/wp\/v2\/users\/5"}],"replies":[{"embeddable":true,"href":"https:\/\/infotep.com.ar\/index.php\/wp-json\/wp\/v2\/comments?post=26384"}],"version-history":[{"count":1,"href":"https:\/\/infotep.com.ar\/index.php\/wp-json\/wp\/v2\/posts\/26384\/revisions"}],"predecessor-version":[{"id":26386,"href":"https:\/\/infotep.com.ar\/index.php\/wp-json\/wp\/v2\/posts\/26384\/revisions\/26386"}],"wp:featuredmedia":[{"embeddable":true,"href":"https:\/\/infotep.com.ar\/index.php\/wp-json\/wp\/v2\/media\/26385"}],"wp:attachment":[{"href":"https:\/\/infotep.com.ar\/index.php\/wp-json\/wp\/v2\/media?parent=26384"}],"wp:term":[{"taxonomy":"category","embeddable":true,"href":"https:\/\/infotep.com.ar\/index.php\/wp-json\/wp\/v2\/categories?post=26384"},{"taxonomy":"post_tag","embeddable":true,"href":"https:\/\/infotep.com.ar\/index.php\/wp-json\/wp\/v2\/tags?post=26384"}],"curies":[{"name":"wp","href":"https:\/\/api.w.org\/{rel}","templated":true}]}}