{"id":26387,"date":"2025-08-01T14:38:15","date_gmt":"2025-08-01T17:38:15","guid":{"rendered":"https:\/\/infotep.com.ar\/?p=26387"},"modified":"2025-08-01T14:38:16","modified_gmt":"2025-08-01T17:38:16","slug":"javier-milei-en-el-27-voy-a-ser-reelecto","status":"publish","type":"post","link":"https:\/\/infotep.com.ar\/index.php\/2025\/08\/01\/javier-milei-en-el-27-voy-a-ser-reelecto\/","title":{"rendered":"Javier Milei: &#8220;En el \u00b427 voy a ser reelecto&#8221;"},"content":{"rendered":"\n<p>Dijo que piensa en reformas para un pr\u00f3ximo mandato, dado que proyecta un triunfo en las urnas dentro de dos a\u00f1os.<br><br>El presidente Javier Milei sostuvo anoche que piensa en reformas para un pr\u00f3ximo mandato, dado que proyecta que en 2027 va a conseguir su reelecci\u00f3n.<\/p>\n\n\n\n<p>&#8220;En el \u00b427 voy a ser reelecto&#8221;, sentenci\u00f3 tras ser consultado si daba por hecho que va a gobernar en el pr\u00f3ximo per\u00edodo presidencial, durante una entrevista en el canal de streaming Neura.<\/p>\n\n\n\n<p>Tambi\u00e9n, el mandatario volvi\u00f3 a apuntar contra su vicepresidenta Victoria Villarruel: &#8220;La traidora dio lugar a una sesi\u00f3n ilegal para que rompan el equilibrio fiscal&#8221;, dijo sobre la discusi\u00f3n en el Senado semanas atr\u00e1s en la que la oposici\u00f3n convirti\u00f3 en ley un aumento para jubilados y otras iniciativas.<\/p>\n\n\n\n<p>En otro tramo, embisti\u00f3 contra el kirchnerismo, cuando se\u00f1al\u00f3 que &#8220;el 60 por ciento de la deuda es de los kukas, deuda que hoy es de 450 mil millones de d\u00f3lares&#8221;, y agreg\u00f3: &#8220;son una secta los kukas, no importa que el dato sea bueno, dicen \u00b4est\u00e1 todo mal\u00b4 y listo&#8221;.<\/p>\n\n\n\n<p>De la entrevista particip\u00f3 adem\u00e1s el ministro de Econom\u00eda, Luis Caputo, quien fue consultado por la suba del d\u00f3lar durante la jornada: &#8220;En 18 meses ya pas\u00f3 tres o cuatro veces. Argentina no est\u00e1 acostumbrada a que el tipo de cambio flote, que es que puede subir o bajar. Tenemos controlada la cantidad de dinero, la flotaci\u00f3n ahora funciona igual que en un pa\u00eds normal&#8221;.<\/p>\n\n\n\n<p>Milei, por su parte, acot\u00f3 que la suba del divisa tuvo detr\u00e1s a sectores ligados al kirchnerismo e incluso se\u00f1al\u00f3: &#8220;Mandan a la basura de (el economista estadounidense Joseph) Stiglitz a pronosticar el apocalipsis&#8221;, mientras que tambi\u00e9n lo acus\u00f3 de recibir dinero de ese sector pol\u00edtico.<\/p>\n\n\n\n<p>El jefe de Estado tambi\u00e9n rechaz\u00f3 las cr\u00edticas de la oposici\u00f3n que plantea que sus pol\u00edticas econ\u00f3micas llevar\u00edan a la pobreza: &#8220;Nosotros queremos un pa\u00eds donde el PBI sea de 80 mil d\u00f3lares como Estados Unidos, pero no se alcanza de un d\u00eda para el otro&#8221;.<\/p>\n","protected":false},"excerpt":{"rendered":"<p>Dijo que piensa en reformas para un pr&oacute;ximo mandato, dado que proyecta un triunfo en las urnas dentro de dos a&ntilde;os. El presidente Javier Milei sostuvo anoche que piensa en reformas para un pr&oacute;ximo mandato, dado que proyecta que en 2027 va a conseguir su reelecci&oacute;n. &ldquo;En el &acute;27 voy a ser reelecto&rdquo;, sentenci&oacute; tras &hellip; <\/p>\n","protected":false},"author":5,"featured_media":26388,"comment_status":"closed","ping_status":"closed","sticky":false,"template":"","format":"standard","meta":{"om_disable_all_campaigns":false,"_joinchat":[]},"categories":[3],"tags":[46,43,569],"featured_image_urls":{"full":["https:\/\/infotep.com.ar\/wp-content\/uploads\/2025\/08\/milei.webp",1280,720,false],"thumbnail":["https:\/\/infotep.com.ar\/wp-content\/uploads\/2025\/08\/milei-150x150.webp",150,150,true],"medium":["https:\/\/infotep.com.ar\/wp-content\/uploads\/2025\/08\/milei-300x169.webp",300,169,true],"medium_large":["https:\/\/infotep.com.ar\/wp-content\/uploads\/2025\/08\/milei-768x432.webp",768,432,true],"large":["https:\/\/infotep.com.ar\/wp-content\/uploads\/2025\/08\/milei-1024x576.webp",1020,574,true],"1536x1536":["https:\/\/infotep.com.ar\/wp-content\/uploads\/2025\/08\/milei.webp",1280,720,false],"2048x2048":["https:\/\/infotep.com.ar\/wp-content\/uploads\/2025\/08\/milei.webp",1280,720,false],"blossom-feminine-slider":["https:\/\/infotep.com.ar\/wp-content\/uploads\/2025\/08\/milei-1280x649.webp",1280,649,true],"blossom-feminine-featured":["https:\/\/infotep.com.ar\/wp-content\/uploads\/2025\/08\/milei-1280x600.webp",1280,600,true],"blossom-feminine-with-sidebar":["https:\/\/infotep.com.ar\/wp-content\/uploads\/2025\/08\/milei-1020x600.webp",1020,600,true],"blossom-feminine-blog":["https:\/\/infotep.com.ar\/wp-content\/uploads\/2025\/08\/milei-435x435.webp",435,435,true],"blossom-feminine-cat":["https:\/\/infotep.com.ar\/wp-content\/uploads\/2025\/08\/milei-450x300.webp",450,300,true],"blossom-feminine-related":["https:\/\/infotep.com.ar\/wp-content\/uploads\/2025\/08\/milei-320x200.webp",320,200,true],"blossom-feminine-schema":["https:\/\/infotep.com.ar\/wp-content\/uploads\/2025\/08\/milei-107x60.webp",107,60,true],"blossom-mommy-blog-slider-big":["https:\/\/infotep.com.ar\/wp-content\/uploads\/2025\/08\/milei-920x650.webp",920,650,true],"blossom-mommy-blog-slider":["https:\/\/infotep.com.ar\/wp-content\/uploads\/2025\/08\/milei-460x310.webp",460,310,true],"blossom-mommy-blog-two":["https:\/\/infotep.com.ar\/wp-content\/uploads\/2025\/08\/milei-768x480.webp",768,480,true]},"author_info":{"info":["Angela Tobar"]},"category_info":"<a href=\"https:\/\/infotep.com.ar\/index.php\/category\/nacionales\/\" rel=\"category tag\">Nacionales<\/a>","tag_info":"Nacionales","comment_count":"0","_links":{"self":[{"href":"https:\/\/infotep.com.ar\/index.php\/wp-json\/wp\/v2\/posts\/26387"}],"collection":[{"href":"https:\/\/infotep.com.ar\/index.php\/wp-json\/wp\/v2\/posts"}],"about":[{"href":"https:\/\/infotep.com.ar\/index.php\/wp-json\/wp\/v2\/types\/post"}],"author":[{"embeddable":true,"href":"https:\/\/infotep.com.ar\/index.php\/wp-json\/wp\/v2\/users\/5"}],"replies":[{"embeddable":true,"href":"https:\/\/infotep.com.ar\/index.php\/wp-json\/wp\/v2\/comments?post=26387"}],"version-history":[{"count":1,"href":"https:\/\/infotep.com.ar\/index.php\/wp-json\/wp\/v2\/posts\/26387\/revisions"}],"predecessor-version":[{"id":26389,"href":"https:\/\/infotep.com.ar\/index.php\/wp-json\/wp\/v2\/posts\/26387\/revisions\/26389"}],"wp:featuredmedia":[{"embeddable":true,"href":"https:\/\/infotep.com.ar\/index.php\/wp-json\/wp\/v2\/media\/26388"}],"wp:attachment":[{"href":"https:\/\/infotep.com.ar\/index.php\/wp-json\/wp\/v2\/media?parent=26387"}],"wp:term":[{"taxonomy":"category","embeddable":true,"href":"https:\/\/infotep.com.ar\/index.php\/wp-json\/wp\/v2\/categories?post=26387"},{"taxonomy":"post_tag","embeddable":true,"href":"https:\/\/infotep.com.ar\/index.php\/wp-json\/wp\/v2\/tags?post=26387"}],"curies":[{"name":"wp","href":"https:\/\/api.w.org\/{rel}","templated":true}]}}