{"id":26396,"date":"2025-08-02T12:50:53","date_gmt":"2025-08-02T15:50:53","guid":{"rendered":"https:\/\/infotep.com.ar\/?p=26396"},"modified":"2025-08-02T12:50:53","modified_gmt":"2025-08-02T15:50:53","slug":"milei-veto-el-aumento-a-jubilaciones-y-la-ley-de-emergencia-en-discapacidad","status":"publish","type":"post","link":"https:\/\/infotep.com.ar\/index.php\/2025\/08\/02\/milei-veto-el-aumento-a-jubilaciones-y-la-ley-de-emergencia-en-discapacidad\/","title":{"rendered":"Milei vet\u00f3 el aumento a jubilaciones y la ley de emergencia en discapacidad"},"content":{"rendered":"\n<p><br>Fuentes oficiales confirmaron este s\u00e1bado que el presidente Javier Milei firm\u00f3 los vetos a las leyes votadas en el Congreso sobre aumento a jubilaciones y discapacidad.<\/p>\n\n\n\n<p>Los vetos saldr\u00e1n publicados en el Bolet\u00edn Oficial del lunes cumpliendo los plazos legales. Ahora la oposici\u00f3n deber\u00eda juntar dos tercios para insistir.<\/p>\n\n\n\n<p>Aunque las normas hab\u00edan sido aprobadas por el Senado a comienzos de julio, el Poder Ejecutivo dilat\u00f3 la firma del rechazo con una estrategia pol\u00edtica: evitar el pronto regreso del debate a la C\u00e1mara de Diputados, donde el oficialismo teme una derrota si se logra el n\u00famero necesario para rechazar el veto presidencial.<\/p>\n\n\n\n<p><strong>Maniobra dilatoria y negociaciones en marcha<br><\/strong>La Casa Rosada se encuentra en plena ronda de negociaciones con gobernadores y bloques parlamentarios aliados con el objetivo de sostener el rechazo a las leyes vetadas. El oficialismo intenta blindar sus votos mediante ofrecimientos que incluyen el reparto de Aportes del Tesoro Nacional (ATN), as\u00ed como acuerdos puntuales con miras a las elecciones nacionales del 26 de octubre.<\/p>\n\n\n\n<p>El Ejecutivo argumenta que las leyes vetadas son &#8220;fiscalmente inviables&#8221; en el marco del plan de ajuste estructural que impulsa la administraci\u00f3n libertaria, con el objetivo de alcanzar el d\u00e9ficit cero. En esa l\u00ednea, el presidente ya hab\u00eda anticipado p\u00fablicamente su decisi\u00f3n de rechazar cualquier norma que implique un aumento del gasto p\u00fablico.<\/p>\n\n\n\n<p><strong>Los proyectos vetados<\/strong><br><strong><br><\/strong>Ley de Movilidad Jubilatoria: impulsada por la oposici\u00f3n dialoguista y el peronismo, contemplaba una f\u00f3rmula que combinaba aumentos por inflaci\u00f3n y por mejoras salariales, y establec\u00eda un piso de incremento mensual que superaba el esquema de actualizaciones por decreto utilizado actualmente por el Gobierno.<\/p>\n\n\n\n<p>Emergencia en discapacidad: declaraba la emergencia en el sector por el recorte de fondos y buscaba garantizar prestaciones b\u00e1sicas, transporte y atenci\u00f3n integral. Fue impulsada ante los m\u00faltiples reclamos de organizaciones del sector por la discontinuidad de pagos y servicios.<\/p>\n\n\n\n<p><strong>\u00bfQu\u00e9 puede pasar en Diputados?<br><\/strong>El veto presidencial puede ser rechazado si ambas c\u00e1maras del Congreso lo desestiman con mayor\u00eda especial (dos tercios). Sin embargo, el oficialismo apuesta a que la oposici\u00f3n no consiga los n\u00fameros necesarios para revertir la decisi\u00f3n en Diputados, donde el bloque de La Libertad Avanza tiene m\u00e1s margen de maniobra gracias a sus aliados circunstanciales.<\/p>\n\n\n\n<p>Mientras tanto, la tensi\u00f3n pol\u00edtica crece, sobre todo entre sectores vulnerables que hab\u00edan celebrado la aprobaci\u00f3n de ambas leyes. Diversas organizaciones ya anticiparon movilizaciones frente al Congreso si no se avanza con una soluci\u00f3n alternativa.<\/p>\n","protected":false},"excerpt":{"rendered":"<p>Fuentes oficiales confirmaron este s&aacute;bado que el presidente Javier Milei firm&oacute; los vetos a las leyes votadas en el Congreso sobre aumento a jubilaciones y discapacidad. Los vetos saldr&aacute;n publicados en el Bolet&iacute;n Oficial del lunes cumpliendo los plazos legales. Ahora la oposici&oacute;n deber&iacute;a juntar dos tercios para insistir. Aunque las normas hab&iacute;an sido aprobadas &hellip; <\/p>\n","protected":false},"author":5,"featured_media":15649,"comment_status":"closed","ping_status":"closed","sticky":false,"template":"","format":"standard","meta":{"om_disable_all_campaigns":false,"_joinchat":[]},"categories":[31,3],"tags":[46,43,569],"featured_image_urls":{"full":["https:\/\/infotep.com.ar\/wp-content\/uploads\/2024\/08\/jubilados.jpg",936,478,false],"thumbnail":["https:\/\/infotep.com.ar\/wp-content\/uploads\/2024\/08\/jubilados-150x150.jpg",150,150,true],"medium":["https:\/\/infotep.com.ar\/wp-content\/uploads\/2024\/08\/jubilados-300x153.jpg",300,153,true],"medium_large":["https:\/\/infotep.com.ar\/wp-content\/uploads\/2024\/08\/jubilados-768x392.jpg",768,392,true],"large":["https:\/\/infotep.com.ar\/wp-content\/uploads\/2024\/08\/jubilados.jpg",936,478,false],"1536x1536":["https:\/\/infotep.com.ar\/wp-content\/uploads\/2024\/08\/jubilados.jpg",936,478,false],"2048x2048":["https:\/\/infotep.com.ar\/wp-content\/uploads\/2024\/08\/jubilados.jpg",936,478,false],"blossom-feminine-slider":["https:\/\/infotep.com.ar\/wp-content\/uploads\/2024\/08\/jubilados.jpg",936,478,false],"blossom-feminine-featured":["https:\/\/infotep.com.ar\/wp-content\/uploads\/2024\/08\/jubilados.jpg",936,478,false],"blossom-feminine-with-sidebar":["https:\/\/infotep.com.ar\/wp-content\/uploads\/2024\/08\/jubilados.jpg",936,478,false],"blossom-feminine-blog":["https:\/\/infotep.com.ar\/wp-content\/uploads\/2024\/08\/jubilados-435x435.jpg",435,435,true],"blossom-feminine-cat":["https:\/\/infotep.com.ar\/wp-content\/uploads\/2024\/08\/jubilados-450x300.jpg",450,300,true],"blossom-feminine-related":["https:\/\/infotep.com.ar\/wp-content\/uploads\/2024\/08\/jubilados-320x200.jpg",320,200,true],"blossom-feminine-schema":["https:\/\/infotep.com.ar\/wp-content\/uploads\/2024\/08\/jubilados-117x60.jpg",117,60,true],"blossom-mommy-blog-slider-big":["https:\/\/infotep.com.ar\/wp-content\/uploads\/2024\/08\/jubilados-920x478.jpg",920,478,true],"blossom-mommy-blog-slider":["https:\/\/infotep.com.ar\/wp-content\/uploads\/2024\/08\/jubilados-460x310.jpg",460,310,true],"blossom-mommy-blog-two":["https:\/\/infotep.com.ar\/wp-content\/uploads\/2024\/08\/jubilados-768x478.jpg",768,478,true]},"author_info":{"info":["Angela Tobar"]},"category_info":"<a href=\"https:\/\/infotep.com.ar\/index.php\/category\/destacadas\/\" rel=\"category tag\">Destacadas<\/a> <a href=\"https:\/\/infotep.com.ar\/index.php\/category\/nacionales\/\" rel=\"category tag\">Nacionales<\/a>","tag_info":"Nacionales","comment_count":"0","_links":{"self":[{"href":"https:\/\/infotep.com.ar\/index.php\/wp-json\/wp\/v2\/posts\/26396"}],"collection":[{"href":"https:\/\/infotep.com.ar\/index.php\/wp-json\/wp\/v2\/posts"}],"about":[{"href":"https:\/\/infotep.com.ar\/index.php\/wp-json\/wp\/v2\/types\/post"}],"author":[{"embeddable":true,"href":"https:\/\/infotep.com.ar\/index.php\/wp-json\/wp\/v2\/users\/5"}],"replies":[{"embeddable":true,"href":"https:\/\/infotep.com.ar\/index.php\/wp-json\/wp\/v2\/comments?post=26396"}],"version-history":[{"count":1,"href":"https:\/\/infotep.com.ar\/index.php\/wp-json\/wp\/v2\/posts\/26396\/revisions"}],"predecessor-version":[{"id":26397,"href":"https:\/\/infotep.com.ar\/index.php\/wp-json\/wp\/v2\/posts\/26396\/revisions\/26397"}],"wp:featuredmedia":[{"embeddable":true,"href":"https:\/\/infotep.com.ar\/index.php\/wp-json\/wp\/v2\/media\/15649"}],"wp:attachment":[{"href":"https:\/\/infotep.com.ar\/index.php\/wp-json\/wp\/v2\/media?parent=26396"}],"wp:term":[{"taxonomy":"category","embeddable":true,"href":"https:\/\/infotep.com.ar\/index.php\/wp-json\/wp\/v2\/categories?post=26396"},{"taxonomy":"post_tag","embeddable":true,"href":"https:\/\/infotep.com.ar\/index.php\/wp-json\/wp\/v2\/tags?post=26396"}],"curies":[{"name":"wp","href":"https:\/\/api.w.org\/{rel}","templated":true}]}}