{"id":26412,"date":"2025-08-04T08:13:51","date_gmt":"2025-08-04T11:13:51","guid":{"rendered":"https:\/\/infotep.com.ar\/?p=26412"},"modified":"2025-08-04T08:13:52","modified_gmt":"2025-08-04T11:13:52","slug":"nuevas-jornadas-de-acompanamiento-y-asesoramiento-para-personas-con-discapacidad-de-la-matanza","status":"publish","type":"post","link":"https:\/\/infotep.com.ar\/index.php\/2025\/08\/04\/nuevas-jornadas-de-acompanamiento-y-asesoramiento-para-personas-con-discapacidad-de-la-matanza\/","title":{"rendered":"Nuevas jornadas de acompa\u00f1amiento y asesoramiento para personas con discapacidad de La Matanza"},"content":{"rendered":"\n<p><\/p>\n\n\n\n<p>Con el objetivo de proteger los derechos de todas las vecinas y vecinos con discapacidad, acercarles servicios de salud y gestiones sociales, La Matanza realizar\u00e1 dos jornadas, a cargo de la Subsecretar\u00eda de Personas con Discapacidad, el lunes 4 y martes 5 de agosto en Villa Luzuriaga.<\/p>\n\n\n\n<p>En las jornadas de cuidado y orientaci\u00f3n se brinda informaci\u00f3n sobre el Certificado \u00danico de Discapacidad (CUD), Pensi\u00f3n No Contributiva (PNC) y Pase Libre de Colectivos. Adem\u00e1s, se podr\u00e1 acceder a vacunaci\u00f3n de calendario, antigripal, sarampi\u00f3n y COVID-19.<\/p>\n\n\n\n<p><strong>Las vecinas y vecinos interesados pueden presentarse de 9 a 13 horas, sin turno previo, el lunes 4 de agosto, en la Sociedad de Fomento Barrio Parque Don Bosco, ubicada en Los Reseros 197, y el martes 5, en el Club 3 de abril, Berm\u00fadez 5974, Villa Luzuriaga.<\/strong><\/p>\n\n\n\n<p>En cada jornada que desarrolla el Municipio de La Matanza, a trav\u00e9s de la Subsecretar\u00eda de Personas con Discapacidad, dependiente de la Secretar\u00eda Desarrollo Social, y en articulaci\u00f3n con la Secretar\u00eda de Salud P\u00fablica local, se busca acompa\u00f1ar a las personas con discapacidad y sus familias, y guiarlos en las gestiones y los servicios que le permitan alcanzar una mejor calidad de vida, con salud y desarrollo.<\/p>\n","protected":false},"excerpt":{"rendered":"<p>Con el objetivo de proteger los derechos de todas las vecinas y vecinos con discapacidad, acercarles servicios de salud y gestiones sociales, La Matanza realizar&aacute; dos jornadas, a cargo de la Subsecretar&iacute;a de Personas con Discapacidad, el lunes 4 y martes 5 de agosto en Villa Luzuriaga. En las jornadas de cuidado y orientaci&oacute;n se &hellip; <\/p>\n","protected":false},"author":5,"featured_media":26413,"comment_status":"closed","ping_status":"closed","sticky":false,"template":"","format":"standard","meta":{"om_disable_all_campaigns":false,"_joinchat":[]},"categories":[31,26],"tags":[46,569],"featured_image_urls":{"full":["https:\/\/infotep.com.ar\/wp-content\/uploads\/2025\/08\/asesoramiento-integral-mtz-2.jpeg",1600,1066,false],"thumbnail":["https:\/\/infotep.com.ar\/wp-content\/uploads\/2025\/08\/asesoramiento-integral-mtz-2-150x150.jpeg",150,150,true],"medium":["https:\/\/infotep.com.ar\/wp-content\/uploads\/2025\/08\/asesoramiento-integral-mtz-2-300x200.jpeg",300,200,true],"medium_large":["https:\/\/infotep.com.ar\/wp-content\/uploads\/2025\/08\/asesoramiento-integral-mtz-2-768x512.jpeg",768,512,true],"large":["https:\/\/infotep.com.ar\/wp-content\/uploads\/2025\/08\/asesoramiento-integral-mtz-2-1024x682.jpeg",1020,679,true],"1536x1536":["https:\/\/infotep.com.ar\/wp-content\/uploads\/2025\/08\/asesoramiento-integral-mtz-2-1536x1023.jpeg",1536,1023,true],"2048x2048":["https:\/\/infotep.com.ar\/wp-content\/uploads\/2025\/08\/asesoramiento-integral-mtz-2.jpeg",1600,1066,false],"blossom-feminine-slider":["https:\/\/infotep.com.ar\/wp-content\/uploads\/2025\/08\/asesoramiento-integral-mtz-2-1600x649.jpeg",1600,649,true],"blossom-feminine-featured":["https:\/\/infotep.com.ar\/wp-content\/uploads\/2025\/08\/asesoramiento-integral-mtz-2-1410x600.jpeg",1410,600,true],"blossom-feminine-with-sidebar":["https:\/\/infotep.com.ar\/wp-content\/uploads\/2025\/08\/asesoramiento-integral-mtz-2-1020x600.jpeg",1020,600,true],"blossom-feminine-blog":["https:\/\/infotep.com.ar\/wp-content\/uploads\/2025\/08\/asesoramiento-integral-mtz-2-435x435.jpeg",435,435,true],"blossom-feminine-cat":["https:\/\/infotep.com.ar\/wp-content\/uploads\/2025\/08\/asesoramiento-integral-mtz-2-450x300.jpeg",450,300,true],"blossom-feminine-related":["https:\/\/infotep.com.ar\/wp-content\/uploads\/2025\/08\/asesoramiento-integral-mtz-2-320x200.jpeg",320,200,true],"blossom-feminine-schema":["https:\/\/infotep.com.ar\/wp-content\/uploads\/2025\/08\/asesoramiento-integral-mtz-2-90x60.jpeg",90,60,true],"blossom-mommy-blog-slider-big":["https:\/\/infotep.com.ar\/wp-content\/uploads\/2025\/08\/asesoramiento-integral-mtz-2-920x650.jpeg",920,650,true],"blossom-mommy-blog-slider":["https:\/\/infotep.com.ar\/wp-content\/uploads\/2025\/08\/asesoramiento-integral-mtz-2-460x310.jpeg",460,310,true],"blossom-mommy-blog-two":["https:\/\/infotep.com.ar\/wp-content\/uploads\/2025\/08\/asesoramiento-integral-mtz-2-768x480.jpeg",768,480,true]},"author_info":{"info":["Angela Tobar"]},"category_info":"<a href=\"https:\/\/infotep.com.ar\/index.php\/category\/destacadas\/\" rel=\"category tag\">Destacadas<\/a> <a href=\"https:\/\/infotep.com.ar\/index.php\/category\/municipales\/la-matanza\/\" rel=\"category tag\">La Matanza<\/a>","tag_info":"La Matanza","comment_count":"0","_links":{"self":[{"href":"https:\/\/infotep.com.ar\/index.php\/wp-json\/wp\/v2\/posts\/26412"}],"collection":[{"href":"https:\/\/infotep.com.ar\/index.php\/wp-json\/wp\/v2\/posts"}],"about":[{"href":"https:\/\/infotep.com.ar\/index.php\/wp-json\/wp\/v2\/types\/post"}],"author":[{"embeddable":true,"href":"https:\/\/infotep.com.ar\/index.php\/wp-json\/wp\/v2\/users\/5"}],"replies":[{"embeddable":true,"href":"https:\/\/infotep.com.ar\/index.php\/wp-json\/wp\/v2\/comments?post=26412"}],"version-history":[{"count":1,"href":"https:\/\/infotep.com.ar\/index.php\/wp-json\/wp\/v2\/posts\/26412\/revisions"}],"predecessor-version":[{"id":26414,"href":"https:\/\/infotep.com.ar\/index.php\/wp-json\/wp\/v2\/posts\/26412\/revisions\/26414"}],"wp:featuredmedia":[{"embeddable":true,"href":"https:\/\/infotep.com.ar\/index.php\/wp-json\/wp\/v2\/media\/26413"}],"wp:attachment":[{"href":"https:\/\/infotep.com.ar\/index.php\/wp-json\/wp\/v2\/media?parent=26412"}],"wp:term":[{"taxonomy":"category","embeddable":true,"href":"https:\/\/infotep.com.ar\/index.php\/wp-json\/wp\/v2\/categories?post=26412"},{"taxonomy":"post_tag","embeddable":true,"href":"https:\/\/infotep.com.ar\/index.php\/wp-json\/wp\/v2\/tags?post=26412"}],"curies":[{"name":"wp","href":"https:\/\/api.w.org\/{rel}","templated":true}]}}