{"id":26456,"date":"2025-08-05T12:13:43","date_gmt":"2025-08-05T15:13:43","guid":{"rendered":"https:\/\/infotep.com.ar\/?p=26456"},"modified":"2025-08-05T12:13:44","modified_gmt":"2025-08-05T15:13:44","slug":"se-viene-la-2a-feria-del-libro-de-moron-con-grandes-presentaciones-culturales","status":"publish","type":"post","link":"https:\/\/infotep.com.ar\/index.php\/2025\/08\/05\/se-viene-la-2a-feria-del-libro-de-moron-con-grandes-presentaciones-culturales\/","title":{"rendered":"Se viene la 2\u00aa Feria del Libro de Mor\u00f3n con grandes presentaciones culturales"},"content":{"rendered":"\n<p>Del 7 al 10 de agosto, el Municipio de Mor\u00f3n llevar\u00e1 adelante una nueva edici\u00f3n de la Feria del Libro, con entrada libre y gratuita. El evento reunir\u00e1 a editoriales, escritoras y escritores, artistas, talleres y espect\u00e1culos para toda la familia.<\/p>\n\n\n\n<p><strong>El Municipio de Mor\u00f3n llevar\u00e1 adelante la segunda edici\u00f3n de la Feria del Libro, con una propuesta cultural abierta a toda la comunidad que contar\u00e1 con m\u00e1s de 50 editoriales confirmadas, presentaciones de libros, talleres interactivos, espect\u00e1culos musicales, obras de teatro y espacios de formaci\u00f3n art\u00edstica. El evento se desarrollar\u00e1 del 7 al 10 de agosto en el Microestadio Municipal Diego A. Maradona del Polideportivo Gorki Grana \u2013 Predio Quinta Ser\u00e9 (Blas Parera 150, Castelar). La entrada ser\u00e1 libre y gratuita.<\/strong><\/p>\n\n\n\n<p>Durante el jueves 7 y el viernes 8, la feria ofrecer\u00e1 una programaci\u00f3n especial para escuelas desde las 10 hs, con actividades did\u00e1cticas y recreativas, recorridas guiadas y espect\u00e1culos.<\/p>\n\n\n\n<p>Entre las propuestas destacadas para el p\u00fablico general se encuentran: teatro musical did\u00e1ctico con la Agrupaci\u00f3n Sinf\u00f3nica y la ETAARF, talleres de rob\u00f3tica, monocopia, impresi\u00f3n bot\u00e1nica, stencil y collage, intervenciones teatrales, talleres literarios, charlas sobre escritura, recorridas por las excavaciones de Mansi\u00f3n Ser\u00e9 y el taller \u201cEscribiendo con RAP\u201d.<\/p>\n\n\n\n<figure class=\"wp-block-image size-large\"><img decoding=\"async\" loading=\"lazy\" width=\"1024\" height=\"683\" src=\"https:\/\/infotep.com.ar\/wp-content\/uploads\/2024\/09\/INAUG-FERIA-LIBRO-2023-1024x683.jpg\" alt=\"\" class=\"wp-image-16024\" srcset=\"https:\/\/infotep.com.ar\/wp-content\/uploads\/2024\/09\/INAUG-FERIA-LIBRO-2023-1024x683.jpg 1024w, https:\/\/infotep.com.ar\/wp-content\/uploads\/2024\/09\/INAUG-FERIA-LIBRO-2023-300x200.jpg 300w, https:\/\/infotep.com.ar\/wp-content\/uploads\/2024\/09\/INAUG-FERIA-LIBRO-2023-768x512.jpg 768w, https:\/\/infotep.com.ar\/wp-content\/uploads\/2024\/09\/INAUG-FERIA-LIBRO-2023-1536x1024.jpg 1536w, https:\/\/infotep.com.ar\/wp-content\/uploads\/2024\/09\/INAUG-FERIA-LIBRO-2023-2048x1365.jpg 2048w, https:\/\/infotep.com.ar\/wp-content\/uploads\/2024\/09\/INAUG-FERIA-LIBRO-2023-450x300.jpg 450w, https:\/\/infotep.com.ar\/wp-content\/uploads\/2024\/09\/INAUG-FERIA-LIBRO-2023-90x60.jpg 90w\" sizes=\"(max-width: 1024px) 100vw, 1024px\" \/><\/figure>\n\n\n\n<p><strong>Como en cada edici\u00f3n, habr\u00e1 una programaci\u00f3n de charlas y presentaciones literarias. El jueves 7 a las 16 hs, Tamara Tenenbaum abrir\u00e1 el ciclo de exposiciones; a las 17 hs, Pedro Saborido y Rep ofrecer\u00e1n una conversaci\u00f3n titulada \u201cMafalda: la creatividad que Quino nos leg\u00f3\u201d; a las 18 hs ser\u00e1 el turno de Dolores Reyes y, a las 19 hs, cerrar\u00e1 la jornada Claudia Pi\u00f1eyro.<\/strong><\/p>\n\n\n\n<p>El viernes 8, las actividades continuar\u00e1n con nuevas propuestas: a las 14 hs se presentar\u00e1 <strong>Santiago Speranza; <\/strong>a las 15 hs ser\u00e1 el turno de <strong>M\u00e1rgara Averbach<\/strong>; a las 17 hs expondr\u00e1 <strong>Carlos Sklia<\/strong>r; a las 18 hs, <strong>Ian Moche <\/strong>conversar\u00e1 con <strong>Pablo Mellichio;<\/strong> y a las 19 hs,<strong> Alejandro Bercovich<\/strong> cerrar\u00e1 la jornada.<\/p>\n\n\n\n<p class=\"has-light-green-cyan-background-color has-background\">Durante el fin de semana, la programaci\u00f3n incluir\u00e1 la participaci\u00f3n de Tute, Julia Mengolini, Gabriela Cabez\u00f3n C\u00e1mara, Jorge Consiglio, Alejandra Kamiya, Gabriela Borrelli, Hilda Lizarazu, Diego Frenkel, Pin Pau, entre otros, con el gran cierre a cargo de Alejandro Dolina.<\/p>\n\n\n\n<p><strong>La comunidad podr\u00e1 consultar el cronograma completo en las redes sociales del Municipio.<\/strong><\/p>\n\n\n\n<p>La Feria del Libro de Mor\u00f3n ya se consolida como un evento destacado que promueve el encuentro, la lectura y la participaci\u00f3n activa de la comunidad. Esta propuesta reafirma el compromiso del Estado local con el acceso a la cultura, la educaci\u00f3n y los derechos.<\/p>\n\n\n\n<p>Agenda completa<\/p>\n\n\n\n<p class=\"has-light-green-cyan-background-color has-background\">Jueves 7\/8<\/p>\n\n\n\n<p>10h ACTO DE APERTURA DE LA 2\u00aada. FERIA DEL LIBRO DE MOR\u00d3N. Segmento musical a cargo de: Orquesta Criolla de la ETAArF. ESCENARIO MARIA ELENA WALSH<\/p>\n\n\n\n<p>10.45h Taller de arte. AUDITORIO NELLY FERN\u00c1NDEZ TISCORNIA<\/p>\n\n\n\n<p>10.45h Taller de Realidad Aumentada. AUDITORIO NELLY FERN\u00c1NDEZ TISCORNIA<\/p>\n\n\n\n<p>11.30h Did\u00e1ctico de la Etaarf (Escuela de Artes y Artesan\u00edas Folkl\u00f3ricas del Municipio de Mor\u00f3n). ESCENARIO MARIA ELENA WALSH<\/p>\n\n\n\n<p>12h Taller de afiches por Refugio Gr\u00e1ficx. Espacio al aire libre<\/p>\n\n\n\n<p>12h Tommy, el ni\u00f1o veterinario (Charla). AUDITORIO NELLY FERN\u00c1NDEZ TISCORNIA<\/p>\n\n\n\n<p>12h Taller de Rob\u00f3tica por la Academia Educativa Robotear. AUDITORIO CORA PACULL<\/p>\n\n\n\n<p>12h Taller de Monocopia de Candelaria Martinez. AUDITORIO CORA PACULL<\/p>\n\n\n\n<p>13h Ronda Gur\u00ed (Espect\u00e1culo Musical). AUDITORIO NELLY FERN\u00c1NDEZ TISCORNIA<\/p>\n\n\n\n<p>13h Animal Juicio (Espect\u00e1culo teatral para infancias). ESCENARIO MARIA ELENA WALSH<\/p>\n\n\n\n<p>13.45h Taller de Kamishibai por Pachamamita libros (taller de arte). AUDITORIO NELLY FERN\u00c1NDEZ TISCORNIA<\/p>\n\n\n\n<p>14h Taller de Estrellita Caracol. AUDITORIO CORA PACULL<\/p>\n\n\n\n<p>14h Taller de impresi\u00f3n bot\u00e1nica. Espacio al aire libre<\/p>\n\n\n\n<p>14.30h Cantando Bajito (Espacio l\u00fadico para infancias). AUDITORIO NELLY FERN\u00c1NDEZ TISCORNIA<\/p>\n\n\n\n<p>14.45h Did\u00e1ctico de la Agrupaci\u00f3n Sinf\u00f3nica de Mor\u00f3n. ESCENARIO MARIA ELENA WALSH<\/p>\n\n\n\n<p>15h Narraci\u00f3n por La Biblio de Mor\u00f3n. AUDITORIO CORA PACULL<\/p>\n\n\n\n<p>15.30h Presentaci\u00f3n del libro \u201cDel Dicho al Hecho\u201d. La ESI como justicia afectiva. AUDITORIO NELLY FERN\u00c1NDEZ TISCORNIA<\/p>\n\n\n\n<p>16h Tamara Tenenbaum presenta su libro \u201cUn mill\u00f3n de cuartos propios\u201d (ensayo). AUDITORIO CORA PACULL<\/p>\n\n\n\n<p>16.30h Gustavo Adolfo Koenig presenta \u201cECOPERONISMO. Recursos naturales, soberan\u00eda y ambiente \u2013 Geopol\u00edtica para la Liberaci\u00f3n\u201d. AUDITORIO NELLY FERN\u00c1NDEZ TISCORNIA<\/p>\n\n\n\n<p>17h Pedro Saborido y Rep conversan sobre \u201cMafalda y Nosotros: la creatividad que Quino nos leg\u00f3\u201d. AUDITORIO CORA PACULL<\/p>\n\n\n\n<p>18h Dolores Reyes conversa sobre \u201cLiteratura sin censuras\u201d. AUDITORIO CORA PACULL<\/p>\n\n\n\n<p>18h Presentaci\u00f3n del libro \u201cRecuperar Malvinas\u201d de Alejo Ramos Padilla. AUDITORIO NORA CORTI\u00d1AS (Excavaciones Mansi\u00f3n Ser\u00e9)<\/p>\n\n\n\n<p>19h Claudia Pi\u00f1eiro presenta su libro \u201cLa muerte ajena\u201d. Modera: Celeste Grillo. AUDITORIO CORA PACULL<\/p>\n\n\n\n<p class=\"has-light-green-cyan-background-color has-background\">Viernes 8\/8<\/p>\n\n\n\n<p>10h \u201cLeer, crear, postear\u201d: La importancia de la lectura en la era del Brainrot\u201d Por Diego Paladino @lectordeltren. AUDITORIO CORA PACULL<\/p>\n\n\n\n<p>10.30h Taller \u201cFabricando libros\u201d a cargo de Ernestina Fedrigo. AUDITORIO NELLY FERN\u00c1NDEZ TISCORNIA<\/p>\n\n\n\n<p>11.15h \u201cHarry y Postre\u201d. Andy Seep &amp; Marcos Romano. AUDITORIO CORA PACULL<\/p>\n\n\n\n<p>11.30h Did\u00e1ctico de la Agrupaci\u00f3n Sinf\u00f3nica de Mor\u00f3n. ESCENARIO MARIA ELENA WALSH<\/p>\n\n\n\n<p>12h Taller de lectura disparadora: Escuchar para crear. Leer para abrir puertas. A cargo de Te caigo en cuero. El coso literario del oeste. AUDITORIO CORA PACULL<\/p>\n\n\n\n<p>12h Taller Palaheas &amp; Lectul\u00fadica, para descubrir literatura jugando a cargo de Viviana V\u00e9lez. AUDITORIO NELLY FERN\u00c1NDEZ TISCORNIA<\/p>\n\n\n\n<p>12h Taller de afiches por Refugio Gr\u00e1ficx. Espacio al aire libre<\/p>\n\n\n\n<p>13h Taller para adolescentes \u201cEl poder de la palabra\u201d a cargo de Mariano Margarit. AUDITORIO NELLY FERN\u00c1NDEZ TISCORNIA<\/p>\n\n\n\n<p>13h Taller \u201cEscribiendo con ritmo\u201d (Espacio creativo de Rap). ESCENARIO MARIA ELENA WALSH<\/p>\n\n\n\n<p>14h Ch. Respira &amp; MLP \u201cLive Set\u201d. ESCENARIO MARIA ELENA WALSH<\/p>\n\n\n\n<p>14h \u201cMultitextos: Un multiverso literario \u00bfC\u00f3mo escribir en la actualidad, entre redes y bibliotecas?\u201d Santiago Speranza en di\u00e1logo con Lucas Berruezo. AUDITORIO CORA PACULL<\/p>\n\n\n\n<p>14h \u201cLeer, escuchar, escribir, contar: la aventura de narrar\u201d con Diana Tarnofky. AUDITORIO NELLY FERN\u00c1NDEZ TISCORNIA<\/p>\n\n\n\n<p>14h Taller de Impresi\u00f3n Bot\u00e1nica. Espacio al aire libre<\/p>\n\n\n\n<p>15h Joha Dixon presenta su libro \u201cMystigressJane: Los secretos entre las sombras\u201d. AUDITORIO NELLY FERN\u00c1NDEZ TISCORNIA<\/p>\n\n\n\n<p>15h \u00bfC\u00f3mo funcionan los g\u00e9neros populares? Un ejemplo desde la escritura. Charla a cargo de la escritora M\u00e1rgara Averbach. AUDITORIO CORA PACULL<\/p>\n\n\n\n<p>15.20h LA MANU FRESH (show musical). ESCENARIO MARIA ELENA WALSH<\/p>\n\n\n\n<p>16h Alicia Beltrami y Fernanda Nicolini presentan su libro \u201cLos Oesterheld\u201d. AUDITORIO NORA CORTI\u00d1AS (Excavaciones Mansi\u00f3n Ser\u00e9)<\/p>\n\n\n\n<p>16h Maria Rosa Lojo presenta su libro \u201cCuerpos resplandecientes\u201d. Modera: Agust\u00edn \u00c1lgaze. AUDITORIO NELLY FERN\u00c1NDEZ TISCORNIA<\/p>\n\n\n\n<p>16h Mario Mazzitelli presenta \u201cArgentina, nuestra Casa Robada\u201d. AUDITORIO CORA PACULL<\/p>\n\n\n\n<p>17h Carlos Skliar \u201cNarrar, la artesan\u00eda del recomienzo\u201d. AUDITORIO CORA PACULL<\/p>\n\n\n\n<p>18h Ian Moche charla sobre \u201cAutismo para concientizar, visibilizar y sensibilizar esta neurodivergencia para hacer una sociedad m\u00e1s amigable\u201d. Modera: Pablo Melicchio. AUDITORIO CORA PACULL<\/p>\n\n\n\n<p>19h Alejandro Bercovich presenta \u201cEl Pa\u00eds que quieren los due\u00f1os\u201d. AUDITORIO CORA PACULL<\/p>\n\n\n\n<p class=\"has-light-green-cyan-background-color has-background\">S\u00e1bado 9\/8<\/p>\n\n\n\n<p>13.30h Carlos Tolosa presenta su libro \u201cEl Diego: de ni\u00f1o carente al mito\u201d (Narrativa visual de murales y poes\u00eda). AUDITORIO NELLY FERN\u00c1NDEZ TISCORNIA<\/p>\n\n\n\n<p>13:50h Leandro Milone presenta su libro \u201cCuarenta\u201d. AUDITORIO NELLY FERN\u00c1NDEZ TISCORNIA<\/p>\n\n\n\n<p>14h Gabriela Massuh presenta su libro \u201cNac\u00ed para ser breve: Maria Elena Walsh, el arte, la pasi\u00f3n, la historia, el amor\u201d. AUDITORIO CORA PACULL<\/p>\n\n\n\n<p>14.15h Presentaci\u00f3n de \u201cRay. 20 pasos para llegar a Marte.\u201d Un recorrido por la vida y la obra de Ray Bradbury. Peque\u00f1as expediciones o\u00e9sticas de Ray Bradbury le\u00eddas por Juan Jos\u00e9 Dimilta e ilustradas en vivo por Santiago L\u00f3pez. AUDITORIO NELLY FERN\u00c1NDEZ TISCORNIA<\/p>\n\n\n\n<p>14.40h Pablo Baucheiro Ch\u00e1vez presenta su libro \u201cDeslineal\u201d. AUDITORIO NELLY FERN\u00c1NDEZ TISCORNIA<\/p>\n\n\n\n<p>15h Mariana Baggio (Espect\u00e1culo Infantil). ESCENARIO MARIA ELENA WALSH<\/p>\n\n\n\n<p>15h Ulla Szaszak, Daniel Giarone, Lucas Berruezo y Soledad Hessel conversan sobre \u201cConstruir ficci\u00f3n a partir de la experiencia personal e hist\u00f3rica.\u201d AUDITORIO NELLY FERN\u00c1NDEZ TISCORNIA<\/p>\n\n\n\n<p>15.30h Cristian Acevedo presenta su libro \u201cMatilda debe matar\u201d. AUDITORIO NELLY FERN\u00c1NDEZ TISCORNIA<\/p>\n\n\n\n<p>16h Franco Vaccarini charla abierta \u201cEl origen de un lector\u201d. AUDITORIO NELLY FERN\u00c1NDEZ TISCORNIA<\/p>\n\n\n\n<p>16h Alejandra Kamiya presenta \u201cLos \u00e1rboles ca\u00eddos tambi\u00e9n son el bosque\u201d. AUDITORIO CORA PACULL<\/p>\n\n\n\n<p>17h Hilda Lizarazu (espect\u00e1culo musical). ESCENARIO MARIA ELENA WALSH<\/p>\n\n\n\n<p>18h Jorge Consiglio presenta \u201cAnatom\u00eda de la circunstancia\u201d en di\u00e1logo con Guillermo C\u00e1charo. AUDITORIO CORA PACULL<\/p>\n\n\n\n<p>18h \u201cCr\u00f3nicas de la memoria. Descolonizar la historia oficial, pens\u00e1s o te piensan\u201d de Marcelo Valko. AUDITORIO NORA CORTI\u00d1AS (Excavaciones Mansi\u00f3n Ser\u00e9)<\/p>\n\n\n\n<p>19h Marcos Aramburu presenta su libro \u201cLas ceremonias\u201d en di\u00e1logo con Dr. Chinaski. AUDITORIO CORA PACULL<\/p>\n\n\n\n<p>20h Gabriela Cabez\u00f3n C\u00e1mara y Gabriela Borrelli conversan sobre \u201cLa escritura y la vida\u201d. AUDITORIO CORA PACULL<\/p>\n\n\n\n<p class=\"has-light-green-cyan-background-color has-background\">Domingo 10\/8<\/p>\n\n\n\n<p>13.30h Jonathan Castronuovo presenta su libro \u201cP\u00f3mulo p\u00e9ndulo\u201d. AUDITORIO NELLY FERN\u00c1NDEZ TISCORNIA<\/p>\n\n\n\n<p>13.50h Mart\u00edn Catalano presenta su libro \u201cCuentos sobre metaf\u00edsica, amor y desmesura\u201d. AUDITORIO NELLY FERN\u00c1NDEZ TISCORNIA<\/p>\n\n\n\n<p>14.10h Luis Alberto D\u00edaz presenta su libro \u201cLas urnas Santamarianas\u201d: Estudio sobre el lenguaje de su iconograf\u00eda. AUDITORIO NELLY FERN\u00c1NDEZ TISCORNIA<\/p>\n\n\n\n<p>14.30h Nicol\u00e1s Manzur presenta su libro \u201cProyecto stripper\u201d. AUDITORIO NELLY FERN\u00c1NDEZ TISCORNIA<\/p>\n\n\n\n<p>14.50h Mar\u00eda Sueldo M\u00fcller presenta su libro \u201cLa din\u00e1mica de la incertidumbre\u201d. AUDITORIO NELLY FERN\u00c1NDEZ TISCORNIA<\/p>\n\n\n\n<p>15h Pim Pau (Espect\u00e1culo Infantil). ESCENARIO MARIA ELENA WALSH<\/p>\n\n\n\n<p>15.30h \u201cCon la voz de la noche\u201d M\u00fasica y poes\u00eda a cargo de Claudio Turica y Guillermo C\u00e1charo. AUDITORIO NELLY FERN\u00c1NDEZ TISCORNIA<\/p>\n\n\n\n<p>16h TUTE conversa sobre \u201cEl humor en los tiempos del c\u00f3lera\u201d. Modera: Mart\u00edn Lietti. AUDITORIO CORA PACULL<\/p>\n\n\n\n<p>16h Presentaci\u00f3n del Ciclo Puente (encuentro de poes\u00eda). AUDITORIO NELLY FERN\u00c1NDEZ TISCORNIA<\/p>\n\n\n\n<p>16h Mar\u00eda Lilian Escobar presenta su libro \u201cXochipilli, poemas en lenguas originarias\u201d. Participa Roberto Cignoni. AUDITORIO NORA CORTI\u00d1AS (Excavaciones Mansi\u00f3n Ser\u00e9)<\/p>\n\n\n\n<p>17h Diego Frenkel (espect\u00e1culo musical). ESCENARIO MARIA ELENA WALSH<\/p>\n\n\n\n<p>18h Julia Mengolini presenta su libro \u201cLas caras del monstruo\u201d. Modera: Romina Coluccio. AUDITORIO CORA PACULL<\/p>\n\n\n\n<p>18h \u201cCielos abiertos, venas abiertas\u201d de Roberto Reinoso y Fabio Basteiro. AUDITORIO NORA CORTI\u00d1AS (Excavaciones Mansi\u00f3n Ser\u00e9)<\/p>\n\n\n\n<p>19h Alejandro Dolina presenta \u201cLa venganza ser\u00e1 terrible\u201d. AUDITORIO CORA PACULL<\/p>\n","protected":false},"excerpt":{"rendered":"<p>Del 7 al 10 de agosto, el Municipio de Mor&oacute;n llevar&aacute; adelante una nueva edici&oacute;n de la Feria del Libro, con entrada libre y gratuita. El evento reunir&aacute; a editoriales, escritoras y escritores, artistas, talleres y espect&aacute;culos para toda la familia. El Municipio de Mor&oacute;n llevar&aacute; adelante la segunda edici&oacute;n de la Feria del Libro, &hellip; <\/p>\n","protected":false},"author":5,"featured_media":26457,"comment_status":"closed","ping_status":"closed","sticky":false,"template":"","format":"standard","meta":{"om_disable_all_campaigns":false,"_joinchat":[]},"categories":[31,9],"tags":[46,43,569],"featured_image_urls":{"full":["https:\/\/infotep.com.ar\/wp-content\/uploads\/2025\/08\/dolina-saborido.jpg",2560,1539,false],"thumbnail":["https:\/\/infotep.com.ar\/wp-content\/uploads\/2025\/08\/dolina-saborido-150x150.jpg",150,150,true],"medium":["https:\/\/infotep.com.ar\/wp-content\/uploads\/2025\/08\/dolina-saborido-300x180.jpg",300,180,true],"medium_large":["https:\/\/infotep.com.ar\/wp-content\/uploads\/2025\/08\/dolina-saborido-768x462.jpg",768,462,true],"large":["https:\/\/infotep.com.ar\/wp-content\/uploads\/2025\/08\/dolina-saborido-1024x616.jpg",1020,614,true],"1536x1536":["https:\/\/infotep.com.ar\/wp-content\/uploads\/2025\/08\/dolina-saborido-1536x923.jpg",1536,923,true],"2048x2048":["https:\/\/infotep.com.ar\/wp-content\/uploads\/2025\/08\/dolina-saborido-2048x1231.jpg",2048,1231,true],"blossom-feminine-slider":["https:\/\/infotep.com.ar\/wp-content\/uploads\/2025\/08\/dolina-saborido-1920x649.jpg",1920,649,true],"blossom-feminine-featured":["https:\/\/infotep.com.ar\/wp-content\/uploads\/2025\/08\/dolina-saborido-1410x600.jpg",1410,600,true],"blossom-feminine-with-sidebar":["https:\/\/infotep.com.ar\/wp-content\/uploads\/2025\/08\/dolina-saborido-1020x600.jpg",1020,600,true],"blossom-feminine-blog":["https:\/\/infotep.com.ar\/wp-content\/uploads\/2025\/08\/dolina-saborido-435x435.jpg",435,435,true],"blossom-feminine-cat":["https:\/\/infotep.com.ar\/wp-content\/uploads\/2025\/08\/dolina-saborido-450x300.jpg",450,300,true],"blossom-feminine-related":["https:\/\/infotep.com.ar\/wp-content\/uploads\/2025\/08\/dolina-saborido-320x200.jpg",320,200,true],"blossom-feminine-schema":["https:\/\/infotep.com.ar\/wp-content\/uploads\/2025\/08\/dolina-saborido-100x60.jpg",100,60,true],"blossom-mommy-blog-slider-big":["https:\/\/infotep.com.ar\/wp-content\/uploads\/2025\/08\/dolina-saborido-920x650.jpg",920,650,true],"blossom-mommy-blog-slider":["https:\/\/infotep.com.ar\/wp-content\/uploads\/2025\/08\/dolina-saborido-460x310.jpg",460,310,true],"blossom-mommy-blog-two":["https:\/\/infotep.com.ar\/wp-content\/uploads\/2025\/08\/dolina-saborido-768x480.jpg",768,480,true]},"author_info":{"info":["Angela Tobar"]},"category_info":"<a href=\"https:\/\/infotep.com.ar\/index.php\/category\/destacadas\/\" rel=\"category tag\">Destacadas<\/a> <a href=\"https:\/\/infotep.com.ar\/index.php\/category\/municipales\/moron\/\" rel=\"category tag\">Mor\u00f3n<\/a>","tag_info":"Mor\u00f3n","comment_count":"0","_links":{"self":[{"href":"https:\/\/infotep.com.ar\/index.php\/wp-json\/wp\/v2\/posts\/26456"}],"collection":[{"href":"https:\/\/infotep.com.ar\/index.php\/wp-json\/wp\/v2\/posts"}],"about":[{"href":"https:\/\/infotep.com.ar\/index.php\/wp-json\/wp\/v2\/types\/post"}],"author":[{"embeddable":true,"href":"https:\/\/infotep.com.ar\/index.php\/wp-json\/wp\/v2\/users\/5"}],"replies":[{"embeddable":true,"href":"https:\/\/infotep.com.ar\/index.php\/wp-json\/wp\/v2\/comments?post=26456"}],"version-history":[{"count":1,"href":"https:\/\/infotep.com.ar\/index.php\/wp-json\/wp\/v2\/posts\/26456\/revisions"}],"predecessor-version":[{"id":26458,"href":"https:\/\/infotep.com.ar\/index.php\/wp-json\/wp\/v2\/posts\/26456\/revisions\/26458"}],"wp:featuredmedia":[{"embeddable":true,"href":"https:\/\/infotep.com.ar\/index.php\/wp-json\/wp\/v2\/media\/26457"}],"wp:attachment":[{"href":"https:\/\/infotep.com.ar\/index.php\/wp-json\/wp\/v2\/media?parent=26456"}],"wp:term":[{"taxonomy":"category","embeddable":true,"href":"https:\/\/infotep.com.ar\/index.php\/wp-json\/wp\/v2\/categories?post=26456"},{"taxonomy":"post_tag","embeddable":true,"href":"https:\/\/infotep.com.ar\/index.php\/wp-json\/wp\/v2\/tags?post=26456"}],"curies":[{"name":"wp","href":"https:\/\/api.w.org\/{rel}","templated":true}]}}