{"id":26459,"date":"2025-08-05T12:19:08","date_gmt":"2025-08-05T15:19:08","guid":{"rendered":"https:\/\/infotep.com.ar\/?p=26459"},"modified":"2025-08-05T12:19:09","modified_gmt":"2025-08-05T15:19:09","slug":"la-primera-central-fotovoltaica-del-gran-buenos-aires-se-esta-construyendo-en-la-matanza","status":"publish","type":"post","link":"https:\/\/infotep.com.ar\/index.php\/2025\/08\/05\/la-primera-central-fotovoltaica-del-gran-buenos-aires-se-esta-construyendo-en-la-matanza\/","title":{"rendered":"La primera Central Fotovoltaica del Gran Buenos Aires se est\u00e1 construyendo en La Matanza"},"content":{"rendered":"\n<p>La puesta en marcha del imponente proyecto energ\u00e9tico y ambiental consagra un fuerte progreso en el distrito, que se posiciona estrat\u00e9gicamente en la vanguardia de la generaci\u00f3n el\u00e9ctrica renovable para autoconsumo, en el marco de la transici\u00f3n energ\u00e9tica en Argentina.<\/p>\n\n\n\n<p>Como parte del programa estrat\u00e9gico La Matanza Solar (LMS), la importante obra de instalaci\u00f3n de la Central Fotovoltaica de 250 kWp, pronta a finalizar, se desarrolla sobre la cubierta principal del Centro Ambiental de Recomposici\u00f3n Energ\u00e9tica (CARE). El proyecto consiste en la transformaci\u00f3n de energ\u00eda solar en electricidad.<\/p>\n\n\n\n<p><strong>Esta Central, que se conectar\u00e1 a la red de distribuci\u00f3n de EDENOR, estar\u00e1 compuesta por alrededor de 500 paneles solares, 8 inversores on-grid, estructuras de soporte, cableado, tableros el\u00e9ctricos y una central meteorol\u00f3gica para el monitoreo del rendimiento energ\u00e9tico.<\/strong><\/p>\n\n\n\n<p>Actualmente, la Central Fotovoltaica, de gesti\u00f3n municipal, se encuentra en la fase de instalaci\u00f3n de paneles solares. Una vez operativa, generar\u00e1 energ\u00eda limpia equivalente al consumo de alrededor de 100 hogares. Adem\u00e1s, se prev\u00e9 que funcione durante m\u00e1s de 25 a\u00f1os, inyectando energ\u00eda renovable a la red, y reduciendo costos p\u00fablicos.<\/p>\n\n\n\n<figure class=\"wp-block-image size-large\"><img decoding=\"async\" loading=\"lazy\" width=\"1024\" height=\"682\" src=\"https:\/\/infotep.com.ar\/wp-content\/uploads\/2025\/08\/WhatsApp-Image-2025-08-04-at-17.47.49-1024x682.jpeg\" alt=\"\" class=\"wp-image-26460\" srcset=\"https:\/\/infotep.com.ar\/wp-content\/uploads\/2025\/08\/WhatsApp-Image-2025-08-04-at-17.47.49-1024x682.jpeg 1024w, https:\/\/infotep.com.ar\/wp-content\/uploads\/2025\/08\/WhatsApp-Image-2025-08-04-at-17.47.49-300x200.jpeg 300w, https:\/\/infotep.com.ar\/wp-content\/uploads\/2025\/08\/WhatsApp-Image-2025-08-04-at-17.47.49-768x512.jpeg 768w, https:\/\/infotep.com.ar\/wp-content\/uploads\/2025\/08\/WhatsApp-Image-2025-08-04-at-17.47.49-450x300.jpeg 450w, https:\/\/infotep.com.ar\/wp-content\/uploads\/2025\/08\/WhatsApp-Image-2025-08-04-at-17.47.49-90x60.jpeg 90w, https:\/\/infotep.com.ar\/wp-content\/uploads\/2025\/08\/WhatsApp-Image-2025-08-04-at-17.47.49.jpeg 1280w\" sizes=\"(max-width: 1024px) 100vw, 1024px\" \/><\/figure>\n\n\n\n<p>Esta iniciativa del Gobierno local, a trav\u00e9s de la Subsecretar\u00eda General de Ambiente y Desarrollo Sustentable, se convertir\u00e1 en un espacio demostrativo y educativo, abierto a la comunidad, que permitir\u00e1 conocer de cerca el funcionamiento de una planta solar urbana y fortalecer la conciencia ambiental; y por supuesto, contribuir\u00e1 a la reducci\u00f3n de emisiones de gases de efecto invernadero (GEI), con el objetivo de reducir el cambio clim\u00e1tico y mejorar la sostenibilidad.<\/p>\n\n\n\n<p><strong>M\u00e1s y mejor energ\u00eda para MTZ<\/strong><\/p>\n\n\n\n<p>El programa La Matanza Solar impulsa una pol\u00edtica p\u00fablica integral orientada al desarrollo local sostenible, la producci\u00f3n con valor agregado, el empleo verde y la lucha contra la pobreza energ\u00e9tica mediante el acceso democr\u00e1tico a la energ\u00eda.<\/p>\n\n\n\n<p>La vinculaci\u00f3n con EDENOR permite garantizar una inyecci\u00f3n segura de esta energ\u00eda limpia en la red el\u00e9ctrica, fortaleciendo el rol del Estado municipal como protagonista en la transici\u00f3n energ\u00e9tica justa.<\/p>\n\n\n\n<p>Los objetivos espec\u00edficos del proyecto son: disminuir emisiones de gases de efecto invernadero; promover la generaci\u00f3n distribuida a nivel local; incorporar energ\u00edas renovables en obras p\u00fablicas municipales; mejorar el acceso a la energ\u00eda en barrios populares del distrito; generar energ\u00eda el\u00e9ctrica para autoconsumo institucional; capacitar a decisores pol\u00edticos, actores sociales y empresariales en energ\u00edas renovables.<\/p>\n\n\n\n<p><\/p>\n","protected":false},"excerpt":{"rendered":"<p>La puesta en marcha del imponente proyecto energ&eacute;tico y ambiental consagra un fuerte progreso en el distrito, que se posiciona estrat&eacute;gicamente en la vanguardia de la generaci&oacute;n el&eacute;ctrica renovable para autoconsumo, en el marco de la transici&oacute;n energ&eacute;tica en Argentina. Como parte del programa estrat&eacute;gico La Matanza Solar (LMS), la importante obra de instalaci&oacute;n de &hellip; <\/p>\n","protected":false},"author":5,"featured_media":26461,"comment_status":"closed","ping_status":"closed","sticky":false,"template":"","format":"standard","meta":{"om_disable_all_campaigns":false,"_joinchat":[]},"categories":[31,26],"tags":[46,43,569],"featured_image_urls":{"full":["https:\/\/infotep.com.ar\/wp-content\/uploads\/2025\/08\/WhatsApp-Image-2025-08-04-at-17.47.51.jpeg",890,593,false],"thumbnail":["https:\/\/infotep.com.ar\/wp-content\/uploads\/2025\/08\/WhatsApp-Image-2025-08-04-at-17.47.51-150x150.jpeg",150,150,true],"medium":["https:\/\/infotep.com.ar\/wp-content\/uploads\/2025\/08\/WhatsApp-Image-2025-08-04-at-17.47.51-300x200.jpeg",300,200,true],"medium_large":["https:\/\/infotep.com.ar\/wp-content\/uploads\/2025\/08\/WhatsApp-Image-2025-08-04-at-17.47.51-768x512.jpeg",768,512,true],"large":["https:\/\/infotep.com.ar\/wp-content\/uploads\/2025\/08\/WhatsApp-Image-2025-08-04-at-17.47.51.jpeg",890,593,false],"1536x1536":["https:\/\/infotep.com.ar\/wp-content\/uploads\/2025\/08\/WhatsApp-Image-2025-08-04-at-17.47.51.jpeg",890,593,false],"2048x2048":["https:\/\/infotep.com.ar\/wp-content\/uploads\/2025\/08\/WhatsApp-Image-2025-08-04-at-17.47.51.jpeg",890,593,false],"blossom-feminine-slider":["https:\/\/infotep.com.ar\/wp-content\/uploads\/2025\/08\/WhatsApp-Image-2025-08-04-at-17.47.51.jpeg",890,593,false],"blossom-feminine-featured":["https:\/\/infotep.com.ar\/wp-content\/uploads\/2025\/08\/WhatsApp-Image-2025-08-04-at-17.47.51.jpeg",890,593,false],"blossom-feminine-with-sidebar":["https:\/\/infotep.com.ar\/wp-content\/uploads\/2025\/08\/WhatsApp-Image-2025-08-04-at-17.47.51.jpeg",890,593,false],"blossom-feminine-blog":["https:\/\/infotep.com.ar\/wp-content\/uploads\/2025\/08\/WhatsApp-Image-2025-08-04-at-17.47.51-435x435.jpeg",435,435,true],"blossom-feminine-cat":["https:\/\/infotep.com.ar\/wp-content\/uploads\/2025\/08\/WhatsApp-Image-2025-08-04-at-17.47.51-450x300.jpeg",450,300,true],"blossom-feminine-related":["https:\/\/infotep.com.ar\/wp-content\/uploads\/2025\/08\/WhatsApp-Image-2025-08-04-at-17.47.51-320x200.jpeg",320,200,true],"blossom-feminine-schema":["https:\/\/infotep.com.ar\/wp-content\/uploads\/2025\/08\/WhatsApp-Image-2025-08-04-at-17.47.51-90x60.jpeg",90,60,true],"blossom-mommy-blog-slider-big":["https:\/\/infotep.com.ar\/wp-content\/uploads\/2025\/08\/WhatsApp-Image-2025-08-04-at-17.47.51.jpeg",890,593,false],"blossom-mommy-blog-slider":["https:\/\/infotep.com.ar\/wp-content\/uploads\/2025\/08\/WhatsApp-Image-2025-08-04-at-17.47.51-460x310.jpeg",460,310,true],"blossom-mommy-blog-two":["https:\/\/infotep.com.ar\/wp-content\/uploads\/2025\/08\/WhatsApp-Image-2025-08-04-at-17.47.51-768x480.jpeg",768,480,true]},"author_info":{"info":["Angela Tobar"]},"category_info":"<a href=\"https:\/\/infotep.com.ar\/index.php\/category\/destacadas\/\" rel=\"category tag\">Destacadas<\/a> <a href=\"https:\/\/infotep.com.ar\/index.php\/category\/municipales\/la-matanza\/\" rel=\"category tag\">La Matanza<\/a>","tag_info":"La Matanza","comment_count":"0","_links":{"self":[{"href":"https:\/\/infotep.com.ar\/index.php\/wp-json\/wp\/v2\/posts\/26459"}],"collection":[{"href":"https:\/\/infotep.com.ar\/index.php\/wp-json\/wp\/v2\/posts"}],"about":[{"href":"https:\/\/infotep.com.ar\/index.php\/wp-json\/wp\/v2\/types\/post"}],"author":[{"embeddable":true,"href":"https:\/\/infotep.com.ar\/index.php\/wp-json\/wp\/v2\/users\/5"}],"replies":[{"embeddable":true,"href":"https:\/\/infotep.com.ar\/index.php\/wp-json\/wp\/v2\/comments?post=26459"}],"version-history":[{"count":1,"href":"https:\/\/infotep.com.ar\/index.php\/wp-json\/wp\/v2\/posts\/26459\/revisions"}],"predecessor-version":[{"id":26462,"href":"https:\/\/infotep.com.ar\/index.php\/wp-json\/wp\/v2\/posts\/26459\/revisions\/26462"}],"wp:featuredmedia":[{"embeddable":true,"href":"https:\/\/infotep.com.ar\/index.php\/wp-json\/wp\/v2\/media\/26461"}],"wp:attachment":[{"href":"https:\/\/infotep.com.ar\/index.php\/wp-json\/wp\/v2\/media?parent=26459"}],"wp:term":[{"taxonomy":"category","embeddable":true,"href":"https:\/\/infotep.com.ar\/index.php\/wp-json\/wp\/v2\/categories?post=26459"},{"taxonomy":"post_tag","embeddable":true,"href":"https:\/\/infotep.com.ar\/index.php\/wp-json\/wp\/v2\/tags?post=26459"}],"curies":[{"name":"wp","href":"https:\/\/api.w.org\/{rel}","templated":true}]}}