{"id":26473,"date":"2025-08-05T16:21:26","date_gmt":"2025-08-05T19:21:26","guid":{"rendered":"https:\/\/infotep.com.ar\/?p=26473"},"modified":"2025-08-05T16:35:13","modified_gmt":"2025-08-05T19:35:13","slug":"pablo-descalzo-hay-que-proteger-todo-lo-que-se-hizo-en-ituzaingo-y-poner-un-freno-a-la-motosierra-que-golpea-la-puerta-de-nuestros-hogares","status":"publish","type":"post","link":"https:\/\/infotep.com.ar\/index.php\/2025\/08\/05\/pablo-descalzo-hay-que-proteger-todo-lo-que-se-hizo-en-ituzaingo-y-poner-un-freno-a-la-motosierra-que-golpea-la-puerta-de-nuestros-hogares\/","title":{"rendered":"Pablo Descalzo: \u201cHay que proteger todo lo que se hizo en Ituzaing\u00f3 y poner un freno a la motosierra que golpea la puerta de nuestros hogares\u201d"},"content":{"rendered":"\n<p>El intendente de Ituzaing\u00f3 Pablo Descalzo, present\u00f3 la propuesta electoral de Fuerza Patria local de cara a las elecciones legislativas del pr\u00f3ximo 7 de septiembre, y marc\u00f3 que la lista esta integrada por \u201chombres y mujeres comprometidos con el trabajo y que se destacan por su vocaci\u00f3n, su amor al pueblo, sus convicciones\u201d.<br><br>En este contexto analiz\u00f3 que \u201cson los valores que debemos recuperar los argentinos y argentinas, porque necesitamos de hombres y mujeres fuertes&#8221; y agreg\u00f3 &#8220;me siento representado por cada uno de nuestros candidatos\u201d.<br><br>La presentaci\u00f3n de los concejales y consejeros escolares que competir\u00e1n en la contienda electoral, se realiz\u00f3 este lunes en las instalaciones del Teatro Gran Ituzaing\u00f3, ante la presencia de funcionarios locales y provinciales, vecinos y la militancia de Frente Patria.<\/p>\n\n\n\n<p class=\"has-white-background-color has-background\"><br><strong>Descalzo, marc\u00f3 la fuerza de la n\u00f3mina de Fuerza Patria Ituzaing\u00f3, y asegur\u00f3 que \u201ccon estos hombres y estas mujeres contamos con la fuerza necesaria para ponerle un freno al gobierno nacional representado por Javier Milei\u201d.<br><\/strong><br>\u201cUn gobierno que se regocija ante cada golpe que le da a la sociedad, cuando trabajadores pierden su empleo, cuando deja a los jubilados sin medicamentos\u201d, detall\u00f3.<\/p>\n\n\n\n<p class=\"has-light-green-cyan-background-color has-background\">Y analiz\u00f3, ante la militancia y p\u00fablico presente, que \u201ceste 7 de septiembre no es una elecci\u00f3n m\u00e1s, es una elecci\u00f3n donde defendemos lo nuestro, a nuestras familias. Es el momento de demostrar que en nuestro pa\u00eds se sale adelante con amor, escucha y con el coraz\u00f3n\u201d, en comparaci\u00f3n con el discurso violento que enfatiza el gobierno nacional.<\/p>\n\n\n\n<p class=\"has-white-background-color has-background\">\u201cSon momentos para reflexionar sobre cu\u00e1l es el pa\u00eds que nosotros queremos\u201d y cuestion\u00f3 &#8220;\u00bfen serio se parece al que estamos transitando hoy?. Tenemos que pensar cu\u00e1l es la provincia y el Ituzaing\u00f3 que queremos y en esto no tengo duda, que vamos a coincidir\u201d.<br><br><strong><em>En el \u00faltimo tramo de su discurso, inst\u00f3 a la militancia a \u201csalir a convencer a los vecinos y vecinas que ac\u00e1 hay un equipo que los quiere escuchar, los quiere cuidar y proteger todo lo que se hizo en Ituzaing\u00f3, que hay un equipo dispuesto a defendernos de la motosierra que golpea la puerta de nuestros hogares, quebrando nuestros comercios, a nuestros artistas y que todos los mi\u00e9rcoles le pegan a nuestros jubilados y es algo que no podemos permitir\u201d.<\/em><\/strong><\/p>\n\n\n\n<p class=\"has-white-background-color has-background\">\u201cHablan de la libertad seguida de un insulto, no se es libre si nuestros jubilados no tienen acceso a los medicamentos. Se es libre con educaci\u00f3n, salud, cultura\u201d, areng\u00f3.<br><br>\u201cCon ese amor que tenemos por Ituzaing\u00f3, por nuestra provincia, nuestro pa\u00eds, ese amor es la fuerza que tenemos desde Ituzaing\u00f3 para liberar la patria, para garantizar nuestra soberan\u00eda y generar trabajo, y cuidar nuestra libertad, y ese amor es el que nos permitir\u00e1 ganar las elecciones con convicci\u00f3n\u201d, finaliz\u00f3.<\/p>\n","protected":false},"excerpt":{"rendered":"<p>El intendente de Ituzaing&oacute; Pablo Descalzo, present&oacute; la propuesta electoral de Fuerza Patria local de cara a las elecciones legislativas del pr&oacute;ximo 7 de septiembre, y marc&oacute; que la lista esta integrada por &ldquo;hombres y mujeres comprometidos con el trabajo y que se destacan por su vocaci&oacute;n, su amor al pueblo, sus convicciones&rdquo;. En este &hellip; <\/p>\n","protected":false},"author":5,"featured_media":26475,"comment_status":"closed","ping_status":"closed","sticky":false,"template":"","format":"standard","meta":{"om_disable_all_campaigns":false,"_joinchat":[]},"categories":[31,8],"tags":[46,43,569],"featured_image_urls":{"full":["https:\/\/infotep.com.ar\/wp-content\/uploads\/2025\/08\/pablo.jpg",1600,1066,false],"thumbnail":["https:\/\/infotep.com.ar\/wp-content\/uploads\/2025\/08\/pablo-150x150.jpg",150,150,true],"medium":["https:\/\/infotep.com.ar\/wp-content\/uploads\/2025\/08\/pablo-300x200.jpg",300,200,true],"medium_large":["https:\/\/infotep.com.ar\/wp-content\/uploads\/2025\/08\/pablo-768x512.jpg",768,512,true],"large":["https:\/\/infotep.com.ar\/wp-content\/uploads\/2025\/08\/pablo-1024x682.jpg",1020,679,true],"1536x1536":["https:\/\/infotep.com.ar\/wp-content\/uploads\/2025\/08\/pablo-1536x1023.jpg",1536,1023,true],"2048x2048":["https:\/\/infotep.com.ar\/wp-content\/uploads\/2025\/08\/pablo.jpg",1600,1066,false],"blossom-feminine-slider":["https:\/\/infotep.com.ar\/wp-content\/uploads\/2025\/08\/pablo-1600x649.jpg",1600,649,true],"blossom-feminine-featured":["https:\/\/infotep.com.ar\/wp-content\/uploads\/2025\/08\/pablo-1410x600.jpg",1410,600,true],"blossom-feminine-with-sidebar":["https:\/\/infotep.com.ar\/wp-content\/uploads\/2025\/08\/pablo-1020x600.jpg",1020,600,true],"blossom-feminine-blog":["https:\/\/infotep.com.ar\/wp-content\/uploads\/2025\/08\/pablo-435x435.jpg",435,435,true],"blossom-feminine-cat":["https:\/\/infotep.com.ar\/wp-content\/uploads\/2025\/08\/pablo-450x300.jpg",450,300,true],"blossom-feminine-related":["https:\/\/infotep.com.ar\/wp-content\/uploads\/2025\/08\/pablo-320x200.jpg",320,200,true],"blossom-feminine-schema":["https:\/\/infotep.com.ar\/wp-content\/uploads\/2025\/08\/pablo-90x60.jpg",90,60,true],"blossom-mommy-blog-slider-big":["https:\/\/infotep.com.ar\/wp-content\/uploads\/2025\/08\/pablo-920x650.jpg",920,650,true],"blossom-mommy-blog-slider":["https:\/\/infotep.com.ar\/wp-content\/uploads\/2025\/08\/pablo-460x310.jpg",460,310,true],"blossom-mommy-blog-two":["https:\/\/infotep.com.ar\/wp-content\/uploads\/2025\/08\/pablo-768x480.jpg",768,480,true]},"author_info":{"info":["Angela Tobar"]},"category_info":"<a href=\"https:\/\/infotep.com.ar\/index.php\/category\/destacadas\/\" rel=\"category tag\">Destacadas<\/a> <a href=\"https:\/\/infotep.com.ar\/index.php\/category\/municipales\/ituzaingo\/\" rel=\"category tag\">Ituzaing\u00f3<\/a>","tag_info":"Ituzaing\u00f3","comment_count":"0","_links":{"self":[{"href":"https:\/\/infotep.com.ar\/index.php\/wp-json\/wp\/v2\/posts\/26473"}],"collection":[{"href":"https:\/\/infotep.com.ar\/index.php\/wp-json\/wp\/v2\/posts"}],"about":[{"href":"https:\/\/infotep.com.ar\/index.php\/wp-json\/wp\/v2\/types\/post"}],"author":[{"embeddable":true,"href":"https:\/\/infotep.com.ar\/index.php\/wp-json\/wp\/v2\/users\/5"}],"replies":[{"embeddable":true,"href":"https:\/\/infotep.com.ar\/index.php\/wp-json\/wp\/v2\/comments?post=26473"}],"version-history":[{"count":6,"href":"https:\/\/infotep.com.ar\/index.php\/wp-json\/wp\/v2\/posts\/26473\/revisions"}],"predecessor-version":[{"id":26480,"href":"https:\/\/infotep.com.ar\/index.php\/wp-json\/wp\/v2\/posts\/26473\/revisions\/26480"}],"wp:featuredmedia":[{"embeddable":true,"href":"https:\/\/infotep.com.ar\/index.php\/wp-json\/wp\/v2\/media\/26475"}],"wp:attachment":[{"href":"https:\/\/infotep.com.ar\/index.php\/wp-json\/wp\/v2\/media?parent=26473"}],"wp:term":[{"taxonomy":"category","embeddable":true,"href":"https:\/\/infotep.com.ar\/index.php\/wp-json\/wp\/v2\/categories?post=26473"},{"taxonomy":"post_tag","embeddable":true,"href":"https:\/\/infotep.com.ar\/index.php\/wp-json\/wp\/v2\/tags?post=26473"}],"curies":[{"name":"wp","href":"https:\/\/api.w.org\/{rel}","templated":true}]}}