{"id":26489,"date":"2025-08-05T20:52:08","date_gmt":"2025-08-05T23:52:08","guid":{"rendered":"https:\/\/infotep.com.ar\/?p=26489"},"modified":"2025-08-05T20:52:08","modified_gmt":"2025-08-05T23:52:08","slug":"juan-manuel-alvarez-luna-el-7-de-septiembre-hay-que-defender-el-proyecto-de-ituzaingo","status":"publish","type":"post","link":"https:\/\/infotep.com.ar\/index.php\/2025\/08\/05\/juan-manuel-alvarez-luna-el-7-de-septiembre-hay-que-defender-el-proyecto-de-ituzaingo\/","title":{"rendered":"Juan Manuel \u00c1lvarez Luna: \u201cEl 7 de septiembre hay que defender el proyecto de Ituzaing\u00f3\u201d"},"content":{"rendered":"\n<p>Fuerza Patria Ituzaing\u00f3 present\u00f3 a cada uno de los candidatos a concejales y consejeros escolares para la elecci\u00f3n del pr\u00f3ximo 7 de septiembre.<br><br>La presentaci\u00f3n se realiz\u00f3 en el Teatro Gran Ituzaing\u00f3, con un escenario en el que se destac\u00f3 cada uno de los integrantes de la lista, acompa\u00f1ados por el intendente Pablo Descalzo, el ministro de Infraestructura y Servicios P\u00fablicos Provincial y actual candidato a senador por la primera secci\u00f3n electoral de Fuerza Patria Gabriel Katopodis y el titular del PJ local Alberto Descalzo.<\/p>\n\n\n\n<p><br>El primer candidato a concejal del espacio de Fuerza Patria Ituzaing\u00f3, Juan Manuel \u00c1lvarez Luna destac\u00f3 los avances de obras que se realizaron en Ituzaing\u00f3 para mejorar la vida de los vecinos y vecinas, adem\u00e1s de defender las empresas p\u00fablicas que \u201catienden las necesidades de la comunidad\u201d.<br><\/p>\n\n\n\n<p><strong>Luna detall\u00f3 que \u201chay que defender lo que funciona bien y cambiar lo que esta mal, para eso estamos ac\u00e1, para reconocer en lo que nos hemos equivocado y para eso proponemos esta lista\u201d.<\/strong><\/p>\n\n\n\n<p><br>Y p\u00fablicamente comprometi\u00f3 al ministro de Infraestructura y Servicios P\u00fablicos de la Provincia de Buenos Aires y candidato a senador por la primera secci\u00f3n electoral, Gabriel a acompa\u00f1ar \u201cen el avance de obra del Centro Regional Universitario que corresponde para Ituzaing\u00f3 y que merecen los vecinos. Le pedimos que nos ayude a terminar esta obra. El pueblo de Ituzaing\u00f3 es agradecido, pero siempre pide m\u00e1s y est\u00e1 bien que as\u00ed sea\u201d.<\/p>\n\n\n\n<p><br><strong>Con respecto a la baja participaci\u00f3n ciudadana en acercarse a votar, asegur\u00f3: \u201cEl 7 de septiembre no es una elecci\u00f3n m\u00e1s. Hay que defender a la democracia, primero hay que ir a votar, no importa a qui\u00e9n, debemos elegir a nuestros representantes mediante el voto popular\u201d.<\/strong><\/p>\n\n\n\n<p><br>Al finalizar reafirm\u00f3 que \u201cEl 7 de septiembre hay que defender el proyecto de Ituzaing\u00f3, ponemos en la mesa todo lo que hicimos y lo que tenemos que hacer. Voy a pedir humildemente que hablemos con cada vecino para defender nuestro lugar, para que Ituzaing\u00f3 siga creciendo, para que Ituzaing\u00f3 se siga transformando\u201d.<\/p>\n","protected":false},"excerpt":{"rendered":"<p>Fuerza Patria Ituzaing&oacute; present&oacute; a cada uno de los candidatos a concejales y consejeros escolares para la elecci&oacute;n del pr&oacute;ximo 7 de septiembre. La presentaci&oacute;n se realiz&oacute; en el Teatro Gran Ituzaing&oacute;, con un escenario en el que se destac&oacute; cada uno de los integrantes de la lista, acompa&ntilde;ados por el intendente Pablo Descalzo, el &hellip; <\/p>\n","protected":false},"author":5,"featured_media":26490,"comment_status":"closed","ping_status":"closed","sticky":false,"template":"","format":"standard","meta":{"om_disable_all_campaigns":false,"_joinchat":[]},"categories":[8],"tags":[46,43,569],"featured_image_urls":{"full":["https:\/\/infotep.com.ar\/wp-content\/uploads\/2025\/08\/luna-juan-manuel.jpeg",1280,852,false],"thumbnail":["https:\/\/infotep.com.ar\/wp-content\/uploads\/2025\/08\/luna-juan-manuel-150x150.jpeg",150,150,true],"medium":["https:\/\/infotep.com.ar\/wp-content\/uploads\/2025\/08\/luna-juan-manuel-300x200.jpeg",300,200,true],"medium_large":["https:\/\/infotep.com.ar\/wp-content\/uploads\/2025\/08\/luna-juan-manuel-768x511.jpeg",768,511,true],"large":["https:\/\/infotep.com.ar\/wp-content\/uploads\/2025\/08\/luna-juan-manuel-1024x682.jpeg",1020,679,true],"1536x1536":["https:\/\/infotep.com.ar\/wp-content\/uploads\/2025\/08\/luna-juan-manuel.jpeg",1280,852,false],"2048x2048":["https:\/\/infotep.com.ar\/wp-content\/uploads\/2025\/08\/luna-juan-manuel.jpeg",1280,852,false],"blossom-feminine-slider":["https:\/\/infotep.com.ar\/wp-content\/uploads\/2025\/08\/luna-juan-manuel-1280x649.jpeg",1280,649,true],"blossom-feminine-featured":["https:\/\/infotep.com.ar\/wp-content\/uploads\/2025\/08\/luna-juan-manuel-1280x600.jpeg",1280,600,true],"blossom-feminine-with-sidebar":["https:\/\/infotep.com.ar\/wp-content\/uploads\/2025\/08\/luna-juan-manuel-1020x600.jpeg",1020,600,true],"blossom-feminine-blog":["https:\/\/infotep.com.ar\/wp-content\/uploads\/2025\/08\/luna-juan-manuel-435x435.jpeg",435,435,true],"blossom-feminine-cat":["https:\/\/infotep.com.ar\/wp-content\/uploads\/2025\/08\/luna-juan-manuel-450x300.jpeg",450,300,true],"blossom-feminine-related":["https:\/\/infotep.com.ar\/wp-content\/uploads\/2025\/08\/luna-juan-manuel-320x200.jpeg",320,200,true],"blossom-feminine-schema":["https:\/\/infotep.com.ar\/wp-content\/uploads\/2025\/08\/luna-juan-manuel-90x60.jpeg",90,60,true],"blossom-mommy-blog-slider-big":["https:\/\/infotep.com.ar\/wp-content\/uploads\/2025\/08\/luna-juan-manuel-920x650.jpeg",920,650,true],"blossom-mommy-blog-slider":["https:\/\/infotep.com.ar\/wp-content\/uploads\/2025\/08\/luna-juan-manuel-460x310.jpeg",460,310,true],"blossom-mommy-blog-two":["https:\/\/infotep.com.ar\/wp-content\/uploads\/2025\/08\/luna-juan-manuel-768x480.jpeg",768,480,true]},"author_info":{"info":["Angela Tobar"]},"category_info":"<a href=\"https:\/\/infotep.com.ar\/index.php\/category\/municipales\/ituzaingo\/\" rel=\"category tag\">Ituzaing\u00f3<\/a>","tag_info":"Ituzaing\u00f3","comment_count":"0","_links":{"self":[{"href":"https:\/\/infotep.com.ar\/index.php\/wp-json\/wp\/v2\/posts\/26489"}],"collection":[{"href":"https:\/\/infotep.com.ar\/index.php\/wp-json\/wp\/v2\/posts"}],"about":[{"href":"https:\/\/infotep.com.ar\/index.php\/wp-json\/wp\/v2\/types\/post"}],"author":[{"embeddable":true,"href":"https:\/\/infotep.com.ar\/index.php\/wp-json\/wp\/v2\/users\/5"}],"replies":[{"embeddable":true,"href":"https:\/\/infotep.com.ar\/index.php\/wp-json\/wp\/v2\/comments?post=26489"}],"version-history":[{"count":1,"href":"https:\/\/infotep.com.ar\/index.php\/wp-json\/wp\/v2\/posts\/26489\/revisions"}],"predecessor-version":[{"id":26491,"href":"https:\/\/infotep.com.ar\/index.php\/wp-json\/wp\/v2\/posts\/26489\/revisions\/26491"}],"wp:featuredmedia":[{"embeddable":true,"href":"https:\/\/infotep.com.ar\/index.php\/wp-json\/wp\/v2\/media\/26490"}],"wp:attachment":[{"href":"https:\/\/infotep.com.ar\/index.php\/wp-json\/wp\/v2\/media?parent=26489"}],"wp:term":[{"taxonomy":"category","embeddable":true,"href":"https:\/\/infotep.com.ar\/index.php\/wp-json\/wp\/v2\/categories?post=26489"},{"taxonomy":"post_tag","embeddable":true,"href":"https:\/\/infotep.com.ar\/index.php\/wp-json\/wp\/v2\/tags?post=26489"}],"curies":[{"name":"wp","href":"https:\/\/api.w.org\/{rel}","templated":true}]}}