{"id":2652,"date":"2022-12-27T23:10:43","date_gmt":"2022-12-28T02:10:43","guid":{"rendered":"https:\/\/infotep.com.ar\/?p=2652"},"modified":"2022-12-27T23:10:43","modified_gmt":"2022-12-28T02:10:43","slug":"espinoza-encabezo-homenaje-a-los-caidos-familiares-y-veteranos-de-malvinas-de-la-matanza","status":"publish","type":"post","link":"https:\/\/infotep.com.ar\/index.php\/2022\/12\/27\/espinoza-encabezo-homenaje-a-los-caidos-familiares-y-veteranos-de-malvinas-de-la-matanza\/","title":{"rendered":"Espinoza encabez\u00f3 homenaje a los ca\u00eddos, familiares y veteranos de Malvinas de La Matanza"},"content":{"rendered":"\n<p><\/p>\n\n\n\n<p>El intendente de La Matanza, Fernando Espinoza particip\u00f3 de la ceremonia de entrega de medallas conmemorativas en homenaje a los ca\u00eddos y veteranos de Malvinas del distrito en el a\u00f1o en el que se cumplieron cuatro d\u00e9cadas del conflicto del Atl\u00e1ntico Sur.<\/p>\n\n\n\n<p>\u201cQuiero abrazar a todos los veteranos de Malvinas. La Matanza es la tierra que m\u00e1s soldados envi\u00f3 a la guerra, fueron 711 chicos que en aquel momento tuvieron que ir a pelear por la Patria y hasta entregaron su vida, que es lo m\u00e1s preciado que podemos tener\u201d, expres\u00f3 durante la entrega de medallas a familiares de los soldados.<\/p>\n\n\n\n<p>\u201cNuestros combatientes -agreg\u00f3 el intendente- son un ejemplo viviente, no solamente por haber ido a luchar por su Patria, sino por lo que hacen todos los d\u00edas sembrando memoria en las escuelas, realizando tareas solidarias en cada rinc\u00f3n del distrito, con visitas guiadas en el Museo de Malvinas, ubicado en la localidad de Ramos Mej\u00eda, y acompa\u00f1\u00e1ndonos en cada misi\u00f3n que nos proponemos desde el Gobierno local para mejorarle la vida a nuestra gente\u201d.<\/p>\n\n\n\n<p>El homenaje se realiz\u00f3 en el Polideportivo Alberto Balestrini, junto con la Subsecretar\u00eda municipal de Veteranos de Guerra de las Islas Malvinas, Georgias del Sur y Sandwich del Sur, y los espacios mar\u00edtimos circundantes, en el marco del 40\u00ba aniversario del conflicto.<\/p>\n\n\n\n<p>Fernando Espinoza, tambi\u00e9n destac\u00f3 que \u201ccomo lo digo siempre, en cualquier pa\u00eds del mundo los veteranos de guerra son un emblema nacional, tienen grandes monumentos, un gran reconocimiento, y eso es lo que nosotros siempre quisimos hacer desde la Matanza, porque para nosotros son y siempre ser\u00e1n h\u00e9roes argentinos. Por eso, a trav\u00e9s de la creaci\u00f3n de la Subsecretar\u00eda de Veteranos de Malvinas, nos convertimos en el primer y \u00fanico municipio de toda la Argentina que incluye a nuestros h\u00e9roes en la planificaci\u00f3n y dise\u00f1o de las pol\u00edticas p\u00fablicas\u201d.<\/p>\n","protected":false},"excerpt":{"rendered":"<p>El intendente de La Matanza, Fernando Espinoza particip&oacute; de la ceremonia de entrega de medallas conmemorativas en homenaje a los ca&iacute;dos y veteranos de Malvinas del distrito en el a&ntilde;o en el que se cumplieron cuatro d&eacute;cadas del conflicto del Atl&aacute;ntico Sur. &ldquo;Quiero abrazar a todos los veteranos de Malvinas. La Matanza es la tierra &hellip; <\/p>\n","protected":false},"author":5,"featured_media":2653,"comment_status":"closed","ping_status":"closed","sticky":false,"template":"","format":"standard","meta":{"om_disable_all_campaigns":false,"_joinchat":[]},"categories":[26],"tags":[46,59,43],"featured_image_urls":{"full":["https:\/\/infotep.com.ar\/wp-content\/uploads\/2022\/12\/282-Homenaje-a-Veteranos-3.jpg",1260,840,false],"thumbnail":["https:\/\/infotep.com.ar\/wp-content\/uploads\/2022\/12\/282-Homenaje-a-Veteranos-3-150x150.jpg",150,150,true],"medium":["https:\/\/infotep.com.ar\/wp-content\/uploads\/2022\/12\/282-Homenaje-a-Veteranos-3-300x200.jpg",300,200,true],"medium_large":["https:\/\/infotep.com.ar\/wp-content\/uploads\/2022\/12\/282-Homenaje-a-Veteranos-3-768x512.jpg",768,512,true],"large":["https:\/\/infotep.com.ar\/wp-content\/uploads\/2022\/12\/282-Homenaje-a-Veteranos-3-1024x683.jpg",1020,680,true],"1536x1536":["https:\/\/infotep.com.ar\/wp-content\/uploads\/2022\/12\/282-Homenaje-a-Veteranos-3.jpg",1260,840,false],"2048x2048":["https:\/\/infotep.com.ar\/wp-content\/uploads\/2022\/12\/282-Homenaje-a-Veteranos-3.jpg",1260,840,false],"blossom-feminine-slider":["https:\/\/infotep.com.ar\/wp-content\/uploads\/2022\/12\/282-Homenaje-a-Veteranos-3-1260x649.jpg",1260,649,true],"blossom-feminine-featured":["https:\/\/infotep.com.ar\/wp-content\/uploads\/2022\/12\/282-Homenaje-a-Veteranos-3-1260x600.jpg",1260,600,true],"blossom-feminine-with-sidebar":["https:\/\/infotep.com.ar\/wp-content\/uploads\/2022\/12\/282-Homenaje-a-Veteranos-3-1020x600.jpg",1020,600,true],"blossom-feminine-blog":["https:\/\/infotep.com.ar\/wp-content\/uploads\/2022\/12\/282-Homenaje-a-Veteranos-3-435x435.jpg",435,435,true],"blossom-feminine-cat":["https:\/\/infotep.com.ar\/wp-content\/uploads\/2022\/12\/282-Homenaje-a-Veteranos-3-450x300.jpg",450,300,true],"blossom-feminine-related":["https:\/\/infotep.com.ar\/wp-content\/uploads\/2022\/12\/282-Homenaje-a-Veteranos-3-320x200.jpg",320,200,true],"blossom-feminine-schema":["https:\/\/infotep.com.ar\/wp-content\/uploads\/2022\/12\/282-Homenaje-a-Veteranos-3-90x60.jpg",90,60,true],"blossom-mommy-blog-slider-big":["https:\/\/infotep.com.ar\/wp-content\/uploads\/2022\/12\/282-Homenaje-a-Veteranos-3-920x650.jpg",920,650,true],"blossom-mommy-blog-slider":["https:\/\/infotep.com.ar\/wp-content\/uploads\/2022\/12\/282-Homenaje-a-Veteranos-3-460x310.jpg",460,310,true],"blossom-mommy-blog-two":["https:\/\/infotep.com.ar\/wp-content\/uploads\/2022\/12\/282-Homenaje-a-Veteranos-3-768x480.jpg",768,480,true]},"author_info":{"info":["Angela Tobar"]},"category_info":"<a href=\"https:\/\/infotep.com.ar\/index.php\/category\/municipales\/la-matanza\/\" rel=\"category tag\">La Matanza<\/a>","tag_info":"La Matanza","comment_count":"0","_links":{"self":[{"href":"https:\/\/infotep.com.ar\/index.php\/wp-json\/wp\/v2\/posts\/2652"}],"collection":[{"href":"https:\/\/infotep.com.ar\/index.php\/wp-json\/wp\/v2\/posts"}],"about":[{"href":"https:\/\/infotep.com.ar\/index.php\/wp-json\/wp\/v2\/types\/post"}],"author":[{"embeddable":true,"href":"https:\/\/infotep.com.ar\/index.php\/wp-json\/wp\/v2\/users\/5"}],"replies":[{"embeddable":true,"href":"https:\/\/infotep.com.ar\/index.php\/wp-json\/wp\/v2\/comments?post=2652"}],"version-history":[{"count":1,"href":"https:\/\/infotep.com.ar\/index.php\/wp-json\/wp\/v2\/posts\/2652\/revisions"}],"predecessor-version":[{"id":2654,"href":"https:\/\/infotep.com.ar\/index.php\/wp-json\/wp\/v2\/posts\/2652\/revisions\/2654"}],"wp:featuredmedia":[{"embeddable":true,"href":"https:\/\/infotep.com.ar\/index.php\/wp-json\/wp\/v2\/media\/2653"}],"wp:attachment":[{"href":"https:\/\/infotep.com.ar\/index.php\/wp-json\/wp\/v2\/media?parent=2652"}],"wp:term":[{"taxonomy":"category","embeddable":true,"href":"https:\/\/infotep.com.ar\/index.php\/wp-json\/wp\/v2\/categories?post=2652"},{"taxonomy":"post_tag","embeddable":true,"href":"https:\/\/infotep.com.ar\/index.php\/wp-json\/wp\/v2\/tags?post=2652"}],"curies":[{"name":"wp","href":"https:\/\/api.w.org\/{rel}","templated":true}]}}