{"id":26553,"date":"2025-08-08T00:01:00","date_gmt":"2025-08-08T03:01:00","guid":{"rendered":"https:\/\/infotep.com.ar\/?p=26553"},"modified":"2025-08-07T23:37:14","modified_gmt":"2025-08-08T02:37:14","slug":"el-inti-logro-que-se-derogue-el-decreto-que-lo-reducia-a-una-oficina-del-ministerio-de-economia","status":"publish","type":"post","link":"https:\/\/infotep.com.ar\/index.php\/2025\/08\/08\/el-inti-logro-que-se-derogue-el-decreto-que-lo-reducia-a-una-oficina-del-ministerio-de-economia\/","title":{"rendered":"El INTI logr\u00f3 que se derogue el Decreto que lo reducia a una oficina del Ministerio de Econom\u00eda"},"content":{"rendered":"\n<p>Con 141 votos a favor, las y los trabajadores del Instituto Nacional de Tecnolog\u00eda Industria (INTI) superaron la cantidad de votos necesaria para obtener la media sanci\u00f3n que deroga el Decreto 462\/25 que pone en jaque su funcionamiento.<\/p>\n\n\n\n<p><strong>La Asamblea Multisectorial, que congrega a profesionales, t\u00e9cnicos, administrativos y auxiliares del Instituto con sedes en todo el pa\u00eds, custodiaron la sesi\u00f3n desde su inicio hasta el momento de la votaci\u00f3n a la medianoche.<\/strong><\/p>\n\n\n\n<p>Con este triunfo en la C\u00e1mara baja, los trabajadores del organismo referente de la transferencia de tecnolog\u00eda al sector productivo nacional, pedir\u00e1n el inmediato tratamiento en el Senado para obtener el derribamiento definitivo del Decreto firmado por Milei el pasado 8 de julio.<\/p>\n\n\n\n<p>Y se detac\u00f3 que fue &#8220;una jornada hist\u00f3rica no solo para el INTI y el INTA, que est\u00e1 en el mismo Decreto, sino para otros organismos como Vialidad Nacional, el Banco Nacional de Datos Gen\u00e9ticos, Cultura y la Marina Mercante que tambi\u00e9n obtuvieron la media a sanaci\u00f3n para bajar los Decretos que los afectan&#8221;.<\/p>\n","protected":false},"excerpt":{"rendered":"<p>Con 141 votos a favor, las y los trabajadores del Instituto Nacional de Tecnolog&iacute;a Industria (INTI) superaron la cantidad de votos necesaria para obtener la media sanci&oacute;n que deroga el Decreto 462\/25 que pone en jaque su funcionamiento. La Asamblea Multisectorial, que congrega a profesionales, t&eacute;cnicos, administrativos y auxiliares del Instituto con sedes en todo &hellip; <\/p>\n","protected":false},"author":5,"featured_media":23299,"comment_status":"closed","ping_status":"closed","sticky":false,"template":"","format":"standard","meta":{"om_disable_all_campaigns":false,"_joinchat":[]},"categories":[7,3],"tags":[46,43,569],"featured_image_urls":{"full":["https:\/\/infotep.com.ar\/wp-content\/uploads\/2025\/05\/inti.jpg",960,689,false],"thumbnail":["https:\/\/infotep.com.ar\/wp-content\/uploads\/2025\/05\/inti-150x150.jpg",150,150,true],"medium":["https:\/\/infotep.com.ar\/wp-content\/uploads\/2025\/05\/inti-300x215.jpg",300,215,true],"medium_large":["https:\/\/infotep.com.ar\/wp-content\/uploads\/2025\/05\/inti-768x551.jpg",768,551,true],"large":["https:\/\/infotep.com.ar\/wp-content\/uploads\/2025\/05\/inti.jpg",960,689,false],"1536x1536":["https:\/\/infotep.com.ar\/wp-content\/uploads\/2025\/05\/inti.jpg",960,689,false],"2048x2048":["https:\/\/infotep.com.ar\/wp-content\/uploads\/2025\/05\/inti.jpg",960,689,false],"blossom-feminine-slider":["https:\/\/infotep.com.ar\/wp-content\/uploads\/2025\/05\/inti-960x649.jpg",960,649,true],"blossom-feminine-featured":["https:\/\/infotep.com.ar\/wp-content\/uploads\/2025\/05\/inti-960x600.jpg",960,600,true],"blossom-feminine-with-sidebar":["https:\/\/infotep.com.ar\/wp-content\/uploads\/2025\/05\/inti-960x600.jpg",960,600,true],"blossom-feminine-blog":["https:\/\/infotep.com.ar\/wp-content\/uploads\/2025\/05\/inti-435x435.jpg",435,435,true],"blossom-feminine-cat":["https:\/\/infotep.com.ar\/wp-content\/uploads\/2025\/05\/inti-450x300.jpg",450,300,true],"blossom-feminine-related":["https:\/\/infotep.com.ar\/wp-content\/uploads\/2025\/05\/inti-320x200.jpg",320,200,true],"blossom-feminine-schema":["https:\/\/infotep.com.ar\/wp-content\/uploads\/2025\/05\/inti-84x60.jpg",84,60,true],"blossom-mommy-blog-slider-big":["https:\/\/infotep.com.ar\/wp-content\/uploads\/2025\/05\/inti-920x650.jpg",920,650,true],"blossom-mommy-blog-slider":["https:\/\/infotep.com.ar\/wp-content\/uploads\/2025\/05\/inti-460x310.jpg",460,310,true],"blossom-mommy-blog-two":["https:\/\/infotep.com.ar\/wp-content\/uploads\/2025\/05\/inti-768x480.jpg",768,480,true]},"author_info":{"info":["Angela Tobar"]},"category_info":"<a href=\"https:\/\/infotep.com.ar\/index.php\/category\/gremios\/\" rel=\"category tag\">Gremios<\/a> <a href=\"https:\/\/infotep.com.ar\/index.php\/category\/nacionales\/\" rel=\"category tag\">Nacionales<\/a>","tag_info":"Nacionales","comment_count":"0","_links":{"self":[{"href":"https:\/\/infotep.com.ar\/index.php\/wp-json\/wp\/v2\/posts\/26553"}],"collection":[{"href":"https:\/\/infotep.com.ar\/index.php\/wp-json\/wp\/v2\/posts"}],"about":[{"href":"https:\/\/infotep.com.ar\/index.php\/wp-json\/wp\/v2\/types\/post"}],"author":[{"embeddable":true,"href":"https:\/\/infotep.com.ar\/index.php\/wp-json\/wp\/v2\/users\/5"}],"replies":[{"embeddable":true,"href":"https:\/\/infotep.com.ar\/index.php\/wp-json\/wp\/v2\/comments?post=26553"}],"version-history":[{"count":1,"href":"https:\/\/infotep.com.ar\/index.php\/wp-json\/wp\/v2\/posts\/26553\/revisions"}],"predecessor-version":[{"id":26554,"href":"https:\/\/infotep.com.ar\/index.php\/wp-json\/wp\/v2\/posts\/26553\/revisions\/26554"}],"wp:featuredmedia":[{"embeddable":true,"href":"https:\/\/infotep.com.ar\/index.php\/wp-json\/wp\/v2\/media\/23299"}],"wp:attachment":[{"href":"https:\/\/infotep.com.ar\/index.php\/wp-json\/wp\/v2\/media?parent=26553"}],"wp:term":[{"taxonomy":"category","embeddable":true,"href":"https:\/\/infotep.com.ar\/index.php\/wp-json\/wp\/v2\/categories?post=26553"},{"taxonomy":"post_tag","embeddable":true,"href":"https:\/\/infotep.com.ar\/index.php\/wp-json\/wp\/v2\/tags?post=26553"}],"curies":[{"name":"wp","href":"https:\/\/api.w.org\/{rel}","templated":true}]}}