{"id":26555,"date":"2025-08-08T00:24:00","date_gmt":"2025-08-08T03:24:00","guid":{"rendered":"https:\/\/infotep.com.ar\/?p=26555"},"modified":"2025-08-08T00:33:21","modified_gmt":"2025-08-08T03:33:21","slug":"universidades-nacionales-decretan-paro-por-una-semana","status":"publish","type":"post","link":"https:\/\/infotep.com.ar\/index.php\/2025\/08\/08\/universidades-nacionales-decretan-paro-por-una-semana\/","title":{"rendered":"Universidades Nacionales decretan paro por una semana"},"content":{"rendered":"\n<p>Del 11 al 16 de agosto: el Congreso de Conadu Hist\u00f3rica resolvi\u00f3 un paro total de actividades.<br><\/p>\n\n\n\n<p>Frente a la ca\u00edda salarial m\u00e1s profunda de la historia, a la persistente renuncia de la docencia universitaria \u2013m\u00e1s de 10 mil desde la asunci\u00f3n de Milei- y el desfinanciamiento de las universidades; el Congreso de la Conadu Hist\u00f3rica vot\u00f3 una semana de paro sin actividades en todo el pa\u00eds del lunes 11 al s\u00e1bado 16 de agosto. <\/p>\n\n\n\n<p><strong>Asimismo, resolvi\u00f3 por mayor\u00eda la continuidad de las medidas de fuerza con paros de 48 hs rotativos para las semanas del 18, 25 de agosto y 1 de septiembre. Con una marcha nacional universitaria en la primera quincena del pr\u00f3ximo mes.<\/strong><\/p>\n\n\n\n<p>Los congresales de AGD UBA defendieron la perspectiva de la huelga general como \u00fanico camino para quebrar la pol\u00edtica de un gobierno hostil a la universidad, la ciencia, la salud y al conjunto de los derechos de los y las trabajadores. <br><br>&#8220;Por ello, tras la semana de paro del 11, llevamos el mandato de nuestra asamblea por la continuidad con otra semana el 25 agosto, en el camino de paralizar las actividades acad\u00e9micas como lo hicimos en 2005 cuando conquistamos el blanqueo salarial. Llevamos este planteo porque balanceamos el fracaso del primer cuatrimestre, donde no hubo un plan sistem\u00e1tico sino medidas aisladas, desacompasadas, que desorganizaron la lucha docente en lugar de fortalecerla&#8221;, se inform\u00f3 desde el gremio.<\/p>\n\n\n\n<p>&#8220;Ya con la resoluci\u00f3n del Congreso, vamos con todo al paro nacional y total actividades del 11 al 16 de agosto en todas las facultades y colegios&#8221;, se marc\u00f3.<\/p>\n\n\n\n<p>Y se refirm\u00f3 que &#8220;El camino es un plan de lucha sistem\u00e1tico y la movilizaci\u00f3n de la docencia, junto con el movimiento estudiantil, los no docentes y todos los sectores en lucha&#8221;.<\/p>\n","protected":false},"excerpt":{"rendered":"<p>Del 11 al 16 de agosto: el Congreso de Conadu Hist&oacute;rica resolvi&oacute; un paro total de actividades. Frente a la ca&iacute;da salarial m&aacute;s profunda de la historia, a la persistente renuncia de la docencia universitaria &ndash;m&aacute;s de 10 mil desde la asunci&oacute;n de Milei- y el desfinanciamiento de las universidades; el Congreso de la Conadu &hellip; <\/p>\n","protected":false},"author":5,"featured_media":16854,"comment_status":"closed","ping_status":"closed","sticky":false,"template":"","format":"standard","meta":{"om_disable_all_campaigns":false,"_joinchat":[]},"categories":[31,3,6],"tags":[46,43,569],"featured_image_urls":{"full":["https:\/\/infotep.com.ar\/wp-content\/uploads\/2024\/10\/universidad.webp",1079,720,false],"thumbnail":["https:\/\/infotep.com.ar\/wp-content\/uploads\/2024\/10\/universidad-150x150.webp",150,150,true],"medium":["https:\/\/infotep.com.ar\/wp-content\/uploads\/2024\/10\/universidad-300x200.webp",300,200,true],"medium_large":["https:\/\/infotep.com.ar\/wp-content\/uploads\/2024\/10\/universidad-768x512.webp",768,512,true],"large":["https:\/\/infotep.com.ar\/wp-content\/uploads\/2024\/10\/universidad-1024x683.webp",1020,680,true],"1536x1536":["https:\/\/infotep.com.ar\/wp-content\/uploads\/2024\/10\/universidad.webp",1079,720,false],"2048x2048":["https:\/\/infotep.com.ar\/wp-content\/uploads\/2024\/10\/universidad.webp",1079,720,false],"blossom-feminine-slider":["https:\/\/infotep.com.ar\/wp-content\/uploads\/2024\/10\/universidad-1079x649.webp",1079,649,true],"blossom-feminine-featured":["https:\/\/infotep.com.ar\/wp-content\/uploads\/2024\/10\/universidad-1079x600.webp",1079,600,true],"blossom-feminine-with-sidebar":["https:\/\/infotep.com.ar\/wp-content\/uploads\/2024\/10\/universidad-1020x600.webp",1020,600,true],"blossom-feminine-blog":["https:\/\/infotep.com.ar\/wp-content\/uploads\/2024\/10\/universidad-435x435.webp",435,435,true],"blossom-feminine-cat":["https:\/\/infotep.com.ar\/wp-content\/uploads\/2024\/10\/universidad-450x300.webp",450,300,true],"blossom-feminine-related":["https:\/\/infotep.com.ar\/wp-content\/uploads\/2024\/10\/universidad-320x200.webp",320,200,true],"blossom-feminine-schema":["https:\/\/infotep.com.ar\/wp-content\/uploads\/2024\/10\/universidad-90x60.webp",90,60,true],"blossom-mommy-blog-slider-big":["https:\/\/infotep.com.ar\/wp-content\/uploads\/2024\/10\/universidad-920x650.webp",920,650,true],"blossom-mommy-blog-slider":["https:\/\/infotep.com.ar\/wp-content\/uploads\/2024\/10\/universidad-460x310.webp",460,310,true],"blossom-mommy-blog-two":["https:\/\/infotep.com.ar\/wp-content\/uploads\/2024\/10\/universidad-768x480.webp",768,480,true]},"author_info":{"info":["Angela Tobar"]},"category_info":"<a href=\"https:\/\/infotep.com.ar\/index.php\/category\/destacadas\/\" rel=\"category tag\">Destacadas<\/a> <a href=\"https:\/\/infotep.com.ar\/index.php\/category\/nacionales\/\" rel=\"category tag\">Nacionales<\/a> <a href=\"https:\/\/infotep.com.ar\/index.php\/category\/universitarias\/\" rel=\"category tag\">Universitarias<\/a>","tag_info":"Universitarias","comment_count":"0","_links":{"self":[{"href":"https:\/\/infotep.com.ar\/index.php\/wp-json\/wp\/v2\/posts\/26555"}],"collection":[{"href":"https:\/\/infotep.com.ar\/index.php\/wp-json\/wp\/v2\/posts"}],"about":[{"href":"https:\/\/infotep.com.ar\/index.php\/wp-json\/wp\/v2\/types\/post"}],"author":[{"embeddable":true,"href":"https:\/\/infotep.com.ar\/index.php\/wp-json\/wp\/v2\/users\/5"}],"replies":[{"embeddable":true,"href":"https:\/\/infotep.com.ar\/index.php\/wp-json\/wp\/v2\/comments?post=26555"}],"version-history":[{"count":1,"href":"https:\/\/infotep.com.ar\/index.php\/wp-json\/wp\/v2\/posts\/26555\/revisions"}],"predecessor-version":[{"id":26556,"href":"https:\/\/infotep.com.ar\/index.php\/wp-json\/wp\/v2\/posts\/26555\/revisions\/26556"}],"wp:featuredmedia":[{"embeddable":true,"href":"https:\/\/infotep.com.ar\/index.php\/wp-json\/wp\/v2\/media\/16854"}],"wp:attachment":[{"href":"https:\/\/infotep.com.ar\/index.php\/wp-json\/wp\/v2\/media?parent=26555"}],"wp:term":[{"taxonomy":"category","embeddable":true,"href":"https:\/\/infotep.com.ar\/index.php\/wp-json\/wp\/v2\/categories?post=26555"},{"taxonomy":"post_tag","embeddable":true,"href":"https:\/\/infotep.com.ar\/index.php\/wp-json\/wp\/v2\/tags?post=26555"}],"curies":[{"name":"wp","href":"https:\/\/api.w.org\/{rel}","templated":true}]}}