{"id":26564,"date":"2025-08-08T00:11:53","date_gmt":"2025-08-08T03:11:53","guid":{"rendered":"https:\/\/infotep.com.ar\/?p=26564"},"modified":"2025-08-08T00:11:53","modified_gmt":"2025-08-08T03:11:53","slug":"vote-a-milei-pero-le-pido-que-tenga-corazon-el-ruego-de-una-mama-para-que-no-vete-la-ley-de-discapacidad","status":"publish","type":"post","link":"https:\/\/infotep.com.ar\/index.php\/2025\/08\/08\/vote-a-milei-pero-le-pido-que-tenga-corazon-el-ruego-de-una-mama-para-que-no-vete-la-ley-de-discapacidad\/","title":{"rendered":"&#8220;Vot\u00e9 a Milei, pero le pido que tenga coraz\u00f3n&#8221;: el ruego de una mam\u00e1 para que no vete la ley de discapacidad"},"content":{"rendered":"\n<p>Daniela Conte, madre de un nene con par\u00e1lisis cerebral, le escribi\u00f3 una carta al Presidente y cont\u00f3 su historia. &#8220;Hay gente que me dice que me joda&#8221;, relat\u00f3.<\/p>\n\n\n\n<p>Daniela Conte, madre de Martiniano, un ni\u00f1o de 11 a\u00f1os con par\u00e1lisis cerebral, se convirti\u00f3 en la cara visible del reclamo contra el veto a la Ley de Emergencia en Discapacidad. En una emotiva entrevista, cont\u00f3 que le escribi\u00f3 una carta al presidente Javier Milei pidi\u00e9ndole que revea su decisi\u00f3n e incluso confes\u00f3 que recibe ataques por haberlo votado.<\/p>\n\n\n\n<p>Durante una charla con el periodista Antonio Fern\u00e1ndez Llorente en el programa &#8220;Sin Corbata&#8221; de Splendid AM 990, la mujer relat\u00f3 su desesperante situaci\u00f3n. &#8220;Le escrib\u00ed con el coraz\u00f3n al presidente y le ped\u00ed que revea el veto a la Ley&#8221;, afirm\u00f3.<\/p>\n\n\n\n<p><strong>Daniela expuso la dif\u00edcil situaci\u00f3n que atraviesan muchas familias. &#8220;No podemos afrontar los gastos que conllevan las terapias y medicamentos de mi hijo&#8221;, explic\u00f3, y aclar\u00f3: &#8220;Yo no quiero que el Estado se haga cargo de mi hijo, somos laburantes. Lo que pido es que se garanticen los derechos de las personas con discapacidad&#8221;.<\/strong><\/p>\n\n\n\n<p>En uno de los momentos m\u00e1s duros de la entrevista, la mujer revel\u00f3 que es cuestionada por su propio voto. &#8220;Hay gente que me dice que me joda, que esto me pasa por haber votado a Milei&#8221;, cont\u00f3, y reflexion\u00f3: &#8220;Las banderas pol\u00edticas nos enceguecen&#8221;.<\/p>\n\n\n\n<p class=\"has-vivid-green-cyan-background-color has-background\">Finalmente, le envi\u00f3 un mensaje directo al mandatario. &#8220;No s\u00e9 qu\u00e9 pasa por la cabeza del presidente para vetar esta Ley. Hay lugares para recortar, pero no esto&#8221;, sentenci\u00f3.<\/p>\n","protected":false},"excerpt":{"rendered":"<p>Daniela Conte, madre de un nene con par&aacute;lisis cerebral, le escribi&oacute; una carta al Presidente y cont&oacute; su historia. &ldquo;Hay gente que me dice que me joda&rdquo;, relat&oacute;. Daniela Conte, madre de Martiniano, un ni&ntilde;o de 11 a&ntilde;os con par&aacute;lisis cerebral, se convirti&oacute; en la cara visible del reclamo contra el veto a la Ley &hellip; <\/p>\n","protected":false},"author":5,"featured_media":26565,"comment_status":"closed","ping_status":"closed","sticky":false,"template":"","format":"standard","meta":{"om_disable_all_campaigns":false,"_joinchat":[]},"categories":[31,3],"tags":[46,43,569],"featured_image_urls":{"full":["https:\/\/infotep.com.ar\/wp-content\/uploads\/2025\/08\/689552c58ce8f1e5c7ee90bd_xh.jpg",1280,720,false],"thumbnail":["https:\/\/infotep.com.ar\/wp-content\/uploads\/2025\/08\/689552c58ce8f1e5c7ee90bd_xh-150x150.jpg",150,150,true],"medium":["https:\/\/infotep.com.ar\/wp-content\/uploads\/2025\/08\/689552c58ce8f1e5c7ee90bd_xh-300x169.jpg",300,169,true],"medium_large":["https:\/\/infotep.com.ar\/wp-content\/uploads\/2025\/08\/689552c58ce8f1e5c7ee90bd_xh-768x432.jpg",768,432,true],"large":["https:\/\/infotep.com.ar\/wp-content\/uploads\/2025\/08\/689552c58ce8f1e5c7ee90bd_xh-1024x576.jpg",1020,574,true],"1536x1536":["https:\/\/infotep.com.ar\/wp-content\/uploads\/2025\/08\/689552c58ce8f1e5c7ee90bd_xh.jpg",1280,720,false],"2048x2048":["https:\/\/infotep.com.ar\/wp-content\/uploads\/2025\/08\/689552c58ce8f1e5c7ee90bd_xh.jpg",1280,720,false],"blossom-feminine-slider":["https:\/\/infotep.com.ar\/wp-content\/uploads\/2025\/08\/689552c58ce8f1e5c7ee90bd_xh-1280x649.jpg",1280,649,true],"blossom-feminine-featured":["https:\/\/infotep.com.ar\/wp-content\/uploads\/2025\/08\/689552c58ce8f1e5c7ee90bd_xh-1280x600.jpg",1280,600,true],"blossom-feminine-with-sidebar":["https:\/\/infotep.com.ar\/wp-content\/uploads\/2025\/08\/689552c58ce8f1e5c7ee90bd_xh-1020x600.jpg",1020,600,true],"blossom-feminine-blog":["https:\/\/infotep.com.ar\/wp-content\/uploads\/2025\/08\/689552c58ce8f1e5c7ee90bd_xh-435x435.jpg",435,435,true],"blossom-feminine-cat":["https:\/\/infotep.com.ar\/wp-content\/uploads\/2025\/08\/689552c58ce8f1e5c7ee90bd_xh-450x300.jpg",450,300,true],"blossom-feminine-related":["https:\/\/infotep.com.ar\/wp-content\/uploads\/2025\/08\/689552c58ce8f1e5c7ee90bd_xh-320x200.jpg",320,200,true],"blossom-feminine-schema":["https:\/\/infotep.com.ar\/wp-content\/uploads\/2025\/08\/689552c58ce8f1e5c7ee90bd_xh-107x60.jpg",107,60,true],"blossom-mommy-blog-slider-big":["https:\/\/infotep.com.ar\/wp-content\/uploads\/2025\/08\/689552c58ce8f1e5c7ee90bd_xh-920x650.jpg",920,650,true],"blossom-mommy-blog-slider":["https:\/\/infotep.com.ar\/wp-content\/uploads\/2025\/08\/689552c58ce8f1e5c7ee90bd_xh-460x310.jpg",460,310,true],"blossom-mommy-blog-two":["https:\/\/infotep.com.ar\/wp-content\/uploads\/2025\/08\/689552c58ce8f1e5c7ee90bd_xh-768x480.jpg",768,480,true]},"author_info":{"info":["Angela Tobar"]},"category_info":"<a href=\"https:\/\/infotep.com.ar\/index.php\/category\/destacadas\/\" rel=\"category tag\">Destacadas<\/a> <a href=\"https:\/\/infotep.com.ar\/index.php\/category\/nacionales\/\" rel=\"category tag\">Nacionales<\/a>","tag_info":"Nacionales","comment_count":"0","_links":{"self":[{"href":"https:\/\/infotep.com.ar\/index.php\/wp-json\/wp\/v2\/posts\/26564"}],"collection":[{"href":"https:\/\/infotep.com.ar\/index.php\/wp-json\/wp\/v2\/posts"}],"about":[{"href":"https:\/\/infotep.com.ar\/index.php\/wp-json\/wp\/v2\/types\/post"}],"author":[{"embeddable":true,"href":"https:\/\/infotep.com.ar\/index.php\/wp-json\/wp\/v2\/users\/5"}],"replies":[{"embeddable":true,"href":"https:\/\/infotep.com.ar\/index.php\/wp-json\/wp\/v2\/comments?post=26564"}],"version-history":[{"count":1,"href":"https:\/\/infotep.com.ar\/index.php\/wp-json\/wp\/v2\/posts\/26564\/revisions"}],"predecessor-version":[{"id":26566,"href":"https:\/\/infotep.com.ar\/index.php\/wp-json\/wp\/v2\/posts\/26564\/revisions\/26566"}],"wp:featuredmedia":[{"embeddable":true,"href":"https:\/\/infotep.com.ar\/index.php\/wp-json\/wp\/v2\/media\/26565"}],"wp:attachment":[{"href":"https:\/\/infotep.com.ar\/index.php\/wp-json\/wp\/v2\/media?parent=26564"}],"wp:term":[{"taxonomy":"category","embeddable":true,"href":"https:\/\/infotep.com.ar\/index.php\/wp-json\/wp\/v2\/categories?post=26564"},{"taxonomy":"post_tag","embeddable":true,"href":"https:\/\/infotep.com.ar\/index.php\/wp-json\/wp\/v2\/tags?post=26564"}],"curies":[{"name":"wp","href":"https:\/\/api.w.org\/{rel}","templated":true}]}}