{"id":26567,"date":"2025-08-08T00:13:44","date_gmt":"2025-08-08T03:13:44","guid":{"rendered":"https:\/\/infotep.com.ar\/?p=26567"},"modified":"2025-08-08T00:14:44","modified_gmt":"2025-08-08T03:14:44","slug":"axel-kicillof-milei-vino-un-rato-a-sacarse-una-foto-pero-no-se-anima-a-caminar-los-barrios-de-la-matanza","status":"publish","type":"post","link":"https:\/\/infotep.com.ar\/index.php\/2025\/08\/08\/axel-kicillof-milei-vino-un-rato-a-sacarse-una-foto-pero-no-se-anima-a-caminar-los-barrios-de-la-matanza\/","title":{"rendered":"Axel Kicillof: &#8220;Milei vino un rato a sacarse una foto, pero no se anima a caminar los barrios de La Matanza&#8221;"},"content":{"rendered":"\n<p>El gobernador apunt\u00f3 contra el Presidente luego de la presentaci\u00f3n de La Libertad Avanza en territorio matencero.<br><strong>El gobernador bonaerense Axel Kicillof cuestion\u00f3 este jueves la presentaci\u00f3n de la alianza libertaria en La Matanza y asegur\u00f3 que el presidente Javier Milei fue \u201cun rato para sacarse una foto\u201d, pero no se \u201canima a caminar por los barrios\u201d.<\/strong><\/p>\n\n\n\n<p>\u201cJavier Milei viene un rato a La Matanza solo para sacarse una foto, pero no se anima a caminar y recorrer los barrios porque all\u00ed se encontrar\u00eda con las f\u00e1bricas que cierran, los comercios que no venden y los trabajadores que no llegan a fin de mes\u201d, sentenci\u00f3 Kicillof durante un acto en ese distrito.<\/p>\n\n\n\n<p class=\"has-light-green-cyan-background-color has-background\">En esa l\u00ednea, el gobernador sostuvo que los bonaerenses saben que \u201cas\u00ed no se gobierna\u201d y enfatiz\u00f3: \u201cSe lo vamos a decir el pr\u00f3ximo 7 de septiembre cuando elijamos la boleta de Fuerza Patria, que es el instrumento para que haya m\u00e1s escuelas, m\u00e1s asfalto y mejores salarios\u201d.<\/p>\n\n\n\n<p>Kicillof se expres\u00f3 de esta manera durante un acto en La Matanza junto a la vicegobernadora Ver\u00f3nica Magario al inaugurar la nueva Escuela Primaria N\u00b0218 en el municipio. Tambi\u00e9n estuvieron el director general de Cultura y Educaci\u00f3n, Alberto Sileoni; el ministro de Desarrollo de la Comunidad, Andr\u00e9s Larroque; y el intendente local, Fernando Espinoza.<\/p>\n","protected":false},"excerpt":{"rendered":"<p>El gobernador apunt&oacute; contra el Presidente luego de la presentaci&oacute;n de La Libertad Avanza en territorio matencero.El gobernador bonaerense Axel Kicillof cuestion&oacute; este jueves la presentaci&oacute;n de la alianza libertaria en La Matanza y asegur&oacute; que el presidente Javier Milei fue &ldquo;un rato para sacarse una foto&rdquo;, pero no se &ldquo;anima a caminar por los &hellip; <\/p>\n","protected":false},"author":5,"featured_media":26570,"comment_status":"closed","ping_status":"closed","sticky":false,"template":"","format":"standard","meta":{"om_disable_all_campaigns":false,"_joinchat":[]},"categories":[26,4],"tags":[46,59,43,569],"featured_image_urls":{"full":["https:\/\/infotep.com.ar\/wp-content\/uploads\/2025\/08\/kicilof-espinoza-magario.jpg",743,530,false],"thumbnail":["https:\/\/infotep.com.ar\/wp-content\/uploads\/2025\/08\/kicilof-espinoza-magario-150x150.jpg",150,150,true],"medium":["https:\/\/infotep.com.ar\/wp-content\/uploads\/2025\/08\/kicilof-espinoza-magario-300x214.jpg",300,214,true],"medium_large":["https:\/\/infotep.com.ar\/wp-content\/uploads\/2025\/08\/kicilof-espinoza-magario.jpg",743,530,false],"large":["https:\/\/infotep.com.ar\/wp-content\/uploads\/2025\/08\/kicilof-espinoza-magario.jpg",743,530,false],"1536x1536":["https:\/\/infotep.com.ar\/wp-content\/uploads\/2025\/08\/kicilof-espinoza-magario.jpg",743,530,false],"2048x2048":["https:\/\/infotep.com.ar\/wp-content\/uploads\/2025\/08\/kicilof-espinoza-magario.jpg",743,530,false],"blossom-feminine-slider":["https:\/\/infotep.com.ar\/wp-content\/uploads\/2025\/08\/kicilof-espinoza-magario.jpg",743,530,false],"blossom-feminine-featured":["https:\/\/infotep.com.ar\/wp-content\/uploads\/2025\/08\/kicilof-espinoza-magario.jpg",743,530,false],"blossom-feminine-with-sidebar":["https:\/\/infotep.com.ar\/wp-content\/uploads\/2025\/08\/kicilof-espinoza-magario.jpg",743,530,false],"blossom-feminine-blog":["https:\/\/infotep.com.ar\/wp-content\/uploads\/2025\/08\/kicilof-espinoza-magario-435x435.jpg",435,435,true],"blossom-feminine-cat":["https:\/\/infotep.com.ar\/wp-content\/uploads\/2025\/08\/kicilof-espinoza-magario-450x300.jpg",450,300,true],"blossom-feminine-related":["https:\/\/infotep.com.ar\/wp-content\/uploads\/2025\/08\/kicilof-espinoza-magario-320x200.jpg",320,200,true],"blossom-feminine-schema":["https:\/\/infotep.com.ar\/wp-content\/uploads\/2025\/08\/kicilof-espinoza-magario-84x60.jpg",84,60,true],"blossom-mommy-blog-slider-big":["https:\/\/infotep.com.ar\/wp-content\/uploads\/2025\/08\/kicilof-espinoza-magario.jpg",743,530,false],"blossom-mommy-blog-slider":["https:\/\/infotep.com.ar\/wp-content\/uploads\/2025\/08\/kicilof-espinoza-magario-460x310.jpg",460,310,true],"blossom-mommy-blog-two":["https:\/\/infotep.com.ar\/wp-content\/uploads\/2025\/08\/kicilof-espinoza-magario-743x480.jpg",743,480,true]},"author_info":{"info":["Angela Tobar"]},"category_info":"<a href=\"https:\/\/infotep.com.ar\/index.php\/category\/municipales\/la-matanza\/\" rel=\"category tag\">La Matanza<\/a> <a href=\"https:\/\/infotep.com.ar\/index.php\/category\/provinciales\/\" rel=\"category tag\">Provinciales<\/a>","tag_info":"Provinciales","comment_count":"0","_links":{"self":[{"href":"https:\/\/infotep.com.ar\/index.php\/wp-json\/wp\/v2\/posts\/26567"}],"collection":[{"href":"https:\/\/infotep.com.ar\/index.php\/wp-json\/wp\/v2\/posts"}],"about":[{"href":"https:\/\/infotep.com.ar\/index.php\/wp-json\/wp\/v2\/types\/post"}],"author":[{"embeddable":true,"href":"https:\/\/infotep.com.ar\/index.php\/wp-json\/wp\/v2\/users\/5"}],"replies":[{"embeddable":true,"href":"https:\/\/infotep.com.ar\/index.php\/wp-json\/wp\/v2\/comments?post=26567"}],"version-history":[{"count":1,"href":"https:\/\/infotep.com.ar\/index.php\/wp-json\/wp\/v2\/posts\/26567\/revisions"}],"predecessor-version":[{"id":26569,"href":"https:\/\/infotep.com.ar\/index.php\/wp-json\/wp\/v2\/posts\/26567\/revisions\/26569"}],"wp:featuredmedia":[{"embeddable":true,"href":"https:\/\/infotep.com.ar\/index.php\/wp-json\/wp\/v2\/media\/26570"}],"wp:attachment":[{"href":"https:\/\/infotep.com.ar\/index.php\/wp-json\/wp\/v2\/media?parent=26567"}],"wp:term":[{"taxonomy":"category","embeddable":true,"href":"https:\/\/infotep.com.ar\/index.php\/wp-json\/wp\/v2\/categories?post=26567"},{"taxonomy":"post_tag","embeddable":true,"href":"https:\/\/infotep.com.ar\/index.php\/wp-json\/wp\/v2\/tags?post=26567"}],"curies":[{"name":"wp","href":"https:\/\/api.w.org\/{rel}","templated":true}]}}