{"id":26571,"date":"2025-08-08T00:16:18","date_gmt":"2025-08-08T03:16:18","guid":{"rendered":"https:\/\/infotep.com.ar\/?p=26571"},"modified":"2025-08-08T00:16:19","modified_gmt":"2025-08-08T03:16:19","slug":"katopodis-realizo-la-apertura-de-conagua-2025","status":"publish","type":"post","link":"https:\/\/infotep.com.ar\/index.php\/2025\/08\/08\/katopodis-realizo-la-apertura-de-conagua-2025\/","title":{"rendered":"Katopodis realiz\u00f3 la apertura de CONAGUA 2025"},"content":{"rendered":"\n<p>Con m\u00e1s de 1.400 inscriptos, comenz\u00f3 la 28\u00ba edici\u00f3n del Congreso Nacional del Agua en Mar del Plata donde durante dos d\u00edas habr\u00e1 mesas debate, 440 presentaciones, reuniones y paneles sobre la gobernanza del agua<\/p>\n\n\n\n<p>El ministro de Infraestructura y Servicios P\u00fablicos, Gabriel Katopodis realiz\u00f3 la apertura oficial del XXVIII Congreso Nacional del Agua (CONAGUA), el encuentro t\u00e9cnico-cient\u00edfico y de gesti\u00f3n del agua de mayor tradici\u00f3n en Argentina donde se expondr\u00e1n los nuevos conocimientos en relaci\u00f3n al agua y debatir\u00e1n los principales lineamientos y consensos necesarios para el futuro de la pol\u00edtica h\u00eddrica nacional y provincial.<\/p>\n\n\n\n<p>El evento, que se desarrolla en la ciudad de Mar del Plata es organizado por el Ministerio de Infraestructura y Servicios P\u00fablicos bonaerense junto al Consejo Federal de Inversiones, la Universidad Nacional de Mar del Plata y el Centro Interdisciplinario de Investigaciones Aplicadas al Agua y el Ambiente (CIIAAA) como socios institucionales.<\/p>\n\n\n\n<p>Durante la apertura del Congreso, el ministro Katopodis expres\u00f3: \u201cAbrimos el Congreso Nacional del Agua (CONAGUA), un encuentro federal que en su 28\u00ba edici\u00f3n tiene como sede a la ciudad de Mar del Plata, en nuestra Provincia\u201d.<\/p>\n\n\n\n<p>Y continu\u00f3: \u201cSer\u00e1n dos d\u00edas de di\u00e1logo y debates entre acad\u00e9micos, t\u00e9cnicos, investigadores, especialistas y j\u00f3venes; junto a los que gestionamos una agenda h\u00eddrica en la Argentina. Todas y todos comprometidos con la gobernanza del agua. Necesitamos construir acuerdos y consenso entre lo p\u00fablico y lo privado para un uso inteligente de este recurso\u201d.<\/p>\n\n\n\n<p>Adem\u00e1s, agreg\u00f3: \u201cVamos a intercambiar experiencias sobre lo qu\u00e9 est\u00e1 pasando a nivel global con el cambio clim\u00e1tico, con la conservaci\u00f3n de glaciares, con las brechas de agua y saneamiento, y con las precipitaciones y sequ\u00edas\u201d.<\/p>\n\n\n\n<p>Y concluy\u00f3: \u201cFrente a la violenta retirada del gobierno nacional del territorio y el freno de la obra p\u00fablica, estamos discutiendo una agenda para el desarrollo h\u00eddrico de la Argentina\u201d.<\/p>\n\n\n\n<p>En la mesa inaugural tambi\u00e9n participaron el subsecretario de Recursos H\u00eddricos del Ministerio de Infraestructura y Servicios P\u00fablicos N\u00e9stor \u00c1lvarez; el Rector de la Universidad Nacional de Mar del Plata, Alfredo Lazzeretti; el representante del Comit\u00e9 Permanente del Congreso Nacional\u2028del Agua, Juan Carlos Bertoni; y el director Ejecutivo del Centro Interdisciplinario de Investigaciones\u2028Aplicadas al Agua y el Ambiente, Sergio Liscia.<\/p>\n\n\n\n<p>La apertura tambi\u00e9n cont\u00f3 con la primer conferencia magistral del ciclo a cargo de Celeste Saulo, secretaria General de la Organizaci\u00f3n Meteorol\u00f3gica Mundial y ex directora del Servicio Meteorol\u00f3gico Nacional en el que se debati\u00f3 sobre el cambio clim\u00e1tico y su impacto en el ciclo del agua. Adem\u00e1s, fue distinguida con el t\u00edtulo de Doctora Honoris Causa por la Universidad Nacional de Mar del Plata.<\/p>\n\n\n\n<p>Durante dos d\u00edas se desarrollar\u00e1n mesas debate sobre tem\u00e1ticas espec\u00edficas como la gesti\u00f3n integrada de cuencas, agua y saneamiento, riesgo h\u00eddrico en ciudades, sistemas de informaci\u00f3n h\u00eddrica, adaptaci\u00f3n productiva a extremos clim\u00e1ticos y glaciares; adem\u00e1s de la presencia de 400 investigaciones, ponencias sobre trabajos acad\u00e9micos y reuniones de gesti\u00f3n.<\/p>\n\n\n\n<p>Asimismo, por primera vez, se llevar\u00e1 a cabo el primer debate de juventudes en el panel \u201cJ\u00f3venes, futuro y Cambio Clim\u00e1tico. Los pibes y las pibas como garant\u00eda de un desarrollo sostenible\u201d, donde dialogar\u00e1n sobre cambio clim\u00e1tico, ambientalismo, recursos naturales y el futuro que se imaginan y desean, entre otros temas de inter\u00e9s.<\/p>\n","protected":false},"excerpt":{"rendered":"<p>Con m&aacute;s de 1.400 inscriptos, comenz&oacute; la 28&ordm; edici&oacute;n del Congreso Nacional del Agua en Mar del Plata donde durante dos d&iacute;as habr&aacute; mesas debate, 440 presentaciones, reuniones y paneles sobre la gobernanza del agua El ministro de Infraestructura y Servicios P&uacute;blicos, Gabriel Katopodis realiz&oacute; la apertura oficial del XXVIII Congreso Nacional del Agua (CONAGUA), &hellip; <\/p>\n","protected":false},"author":5,"featured_media":26572,"comment_status":"closed","ping_status":"closed","sticky":false,"template":"","format":"standard","meta":{"om_disable_all_campaigns":false,"_joinchat":[]},"categories":[4],"tags":[46,43,569],"featured_image_urls":{"full":["https:\/\/infotep.com.ar\/wp-content\/uploads\/2025\/08\/WhatsApp-Image-2025-08-07-at-13.31.37-2-min.jpeg",700,467,false],"thumbnail":["https:\/\/infotep.com.ar\/wp-content\/uploads\/2025\/08\/WhatsApp-Image-2025-08-07-at-13.31.37-2-min-150x150.jpeg",150,150,true],"medium":["https:\/\/infotep.com.ar\/wp-content\/uploads\/2025\/08\/WhatsApp-Image-2025-08-07-at-13.31.37-2-min-300x200.jpeg",300,200,true],"medium_large":["https:\/\/infotep.com.ar\/wp-content\/uploads\/2025\/08\/WhatsApp-Image-2025-08-07-at-13.31.37-2-min.jpeg",700,467,false],"large":["https:\/\/infotep.com.ar\/wp-content\/uploads\/2025\/08\/WhatsApp-Image-2025-08-07-at-13.31.37-2-min.jpeg",700,467,false],"1536x1536":["https:\/\/infotep.com.ar\/wp-content\/uploads\/2025\/08\/WhatsApp-Image-2025-08-07-at-13.31.37-2-min.jpeg",700,467,false],"2048x2048":["https:\/\/infotep.com.ar\/wp-content\/uploads\/2025\/08\/WhatsApp-Image-2025-08-07-at-13.31.37-2-min.jpeg",700,467,false],"blossom-feminine-slider":["https:\/\/infotep.com.ar\/wp-content\/uploads\/2025\/08\/WhatsApp-Image-2025-08-07-at-13.31.37-2-min.jpeg",700,467,false],"blossom-feminine-featured":["https:\/\/infotep.com.ar\/wp-content\/uploads\/2025\/08\/WhatsApp-Image-2025-08-07-at-13.31.37-2-min.jpeg",700,467,false],"blossom-feminine-with-sidebar":["https:\/\/infotep.com.ar\/wp-content\/uploads\/2025\/08\/WhatsApp-Image-2025-08-07-at-13.31.37-2-min.jpeg",700,467,false],"blossom-feminine-blog":["https:\/\/infotep.com.ar\/wp-content\/uploads\/2025\/08\/WhatsApp-Image-2025-08-07-at-13.31.37-2-min-435x435.jpeg",435,435,true],"blossom-feminine-cat":["https:\/\/infotep.com.ar\/wp-content\/uploads\/2025\/08\/WhatsApp-Image-2025-08-07-at-13.31.37-2-min-450x300.jpeg",450,300,true],"blossom-feminine-related":["https:\/\/infotep.com.ar\/wp-content\/uploads\/2025\/08\/WhatsApp-Image-2025-08-07-at-13.31.37-2-min-320x200.jpeg",320,200,true],"blossom-feminine-schema":["https:\/\/infotep.com.ar\/wp-content\/uploads\/2025\/08\/WhatsApp-Image-2025-08-07-at-13.31.37-2-min-90x60.jpeg",90,60,true],"blossom-mommy-blog-slider-big":["https:\/\/infotep.com.ar\/wp-content\/uploads\/2025\/08\/WhatsApp-Image-2025-08-07-at-13.31.37-2-min.jpeg",700,467,false],"blossom-mommy-blog-slider":["https:\/\/infotep.com.ar\/wp-content\/uploads\/2025\/08\/WhatsApp-Image-2025-08-07-at-13.31.37-2-min-460x310.jpeg",460,310,true],"blossom-mommy-blog-two":["https:\/\/infotep.com.ar\/wp-content\/uploads\/2025\/08\/WhatsApp-Image-2025-08-07-at-13.31.37-2-min.jpeg",700,467,false]},"author_info":{"info":["Angela Tobar"]},"category_info":"<a href=\"https:\/\/infotep.com.ar\/index.php\/category\/provinciales\/\" rel=\"category tag\">Provinciales<\/a>","tag_info":"Provinciales","comment_count":"0","_links":{"self":[{"href":"https:\/\/infotep.com.ar\/index.php\/wp-json\/wp\/v2\/posts\/26571"}],"collection":[{"href":"https:\/\/infotep.com.ar\/index.php\/wp-json\/wp\/v2\/posts"}],"about":[{"href":"https:\/\/infotep.com.ar\/index.php\/wp-json\/wp\/v2\/types\/post"}],"author":[{"embeddable":true,"href":"https:\/\/infotep.com.ar\/index.php\/wp-json\/wp\/v2\/users\/5"}],"replies":[{"embeddable":true,"href":"https:\/\/infotep.com.ar\/index.php\/wp-json\/wp\/v2\/comments?post=26571"}],"version-history":[{"count":1,"href":"https:\/\/infotep.com.ar\/index.php\/wp-json\/wp\/v2\/posts\/26571\/revisions"}],"predecessor-version":[{"id":26573,"href":"https:\/\/infotep.com.ar\/index.php\/wp-json\/wp\/v2\/posts\/26571\/revisions\/26573"}],"wp:featuredmedia":[{"embeddable":true,"href":"https:\/\/infotep.com.ar\/index.php\/wp-json\/wp\/v2\/media\/26572"}],"wp:attachment":[{"href":"https:\/\/infotep.com.ar\/index.php\/wp-json\/wp\/v2\/media?parent=26571"}],"wp:term":[{"taxonomy":"category","embeddable":true,"href":"https:\/\/infotep.com.ar\/index.php\/wp-json\/wp\/v2\/categories?post=26571"},{"taxonomy":"post_tag","embeddable":true,"href":"https:\/\/infotep.com.ar\/index.php\/wp-json\/wp\/v2\/tags?post=26571"}],"curies":[{"name":"wp","href":"https:\/\/api.w.org\/{rel}","templated":true}]}}