{"id":26574,"date":"2025-08-08T00:18:20","date_gmt":"2025-08-08T03:18:20","guid":{"rendered":"https:\/\/infotep.com.ar\/?p=26574"},"modified":"2025-08-08T00:18:20","modified_gmt":"2025-08-08T03:18:20","slug":"compromiso-de-la-provincia-por-la-inclusion-laboral","status":"publish","type":"post","link":"https:\/\/infotep.com.ar\/index.php\/2025\/08\/08\/compromiso-de-la-provincia-por-la-inclusion-laboral\/","title":{"rendered":"Compromiso de la Provincia por la inclusi\u00f3n laboral"},"content":{"rendered":"\n<p>Por primera vez se firm\u00f3 un acuerdo de tolerancia cero a la discriminaci\u00f3n. Del acto participaron directivos del sector privado<\/p>\n\n\n\n<p>Se realiz\u00f3 en La Plata la tercera edici\u00f3n \u201cCEO por la inclusi\u00f3n\u201d impulsada por el Gobierno de la provincia de Buenos Aires, a trav\u00e9s del ministerio de Trabajo y de la Jefatura de Asesores del Gobernador. La iniciativa que lleva adelante la Red de Empresas Inclusivas Argentina fue realizada por primera vez en territorio bonaerense.<\/p>\n\n\n\n<p>\u201cCEO por la Inclusi\u00f3n\u201d convoca anualmente a directores ejecutivos (Chief Executive Officer \u2013CEO) de organizaciones p\u00fablicas y privadas a suscribir un compromiso por la inclusi\u00f3n y el trato con equidad hacia las personas con discapacidad en el \u00e1mbito laboral.<\/p>\n\n\n\n<p>El gobierno provincial, la Organizaci\u00f3n Internacional del Trabajo (OIT) y la Red de Empresas Inclusivas compartieron esta instancia en la que los CEO de diferentes empresas asumieron el compromiso de implementar una pol\u00edtica de \u201ctolerancia cero\u201d frente a cualquier forma de discriminaci\u00f3n hacia personas con discapacidad.<\/p>\n\n\n\n<p>El ministro de Trabajo, Walter Correa, destac\u00f3 la importancia de \u201cla interacci\u00f3n con la Red y con las organizaciones internacionales para comprender que, entre todos y todas, empresas, gremios, la provincia y los municipios, podemos garantizar que las personas con discapacidad puedan acceder a trabajos dignos\u201d.<\/p>\n\n\n\n<p>Adem\u00e1s, agreg\u00f3: \u201cDesde el ministerio de Trabajo de la provincia de Buenos Aires estamos trabajando muy fuertemente para cambiar el paradigma de la discapacidad, pensamos que para cada persona con discapacidad hay un empleo y hay un lugar de trabajo. Y en ese sentido, es muy importante poder articular con el sector empresario\u201d.<\/p>\n\n\n\n<p>Estuvieron presentes la Codirectora Ejecutiva de la Red de Empresas Inclusivas para Argentina y Uruguay, Leticia Viva, la oficial principal de Operaciones y Punto Focal para temas de Discapacidad de la OIT, Mar\u00eda Eugenia Quintana, el Coordinador de Cooperaci\u00f3n T\u00e9cnica De la Organizaci\u00f3n de Estados Iberoamericanos (OEI) Argentina, Rodolfo Barrere, y Pablo Granado, Human Capital Managing Director en Pwc Argentina.<\/p>\n\n\n\n<p>Suscribieron este compromiso p\u00fablico por la inclusi\u00f3n y el trato con equidad hacia las personas en situaci\u00f3n de discapacidad en el \u00e1mbito laboral Pablo Angiono, CEO de Eurofarma; Andr\u00e9s Czarnecki, de Stampin Marek S.A.; Ingrid Grof Rivas, de Industrias Maya Srl; Nicol\u00e1s Lusardi, de Cook Master Srl; Constanza Sena, de De Seal Siher, y Romina Vargas, de Vargas Srl.<\/p>\n\n\n\n<p>Tambi\u00e9n participaron de este encuentro la directora Ejecutiva de UIPBA, Mar\u00eda Laura Berm\u00fadez, el secretario General de la CGT, Octavio Arg\u00fcello, la directora Provincial de Empleo, Claudia Lazzaro, la directora de Relaciones con Empresas y Organizaciones de las y los Trabajadores, Marcela Cortiellas, y el gerente General de Ratto Hnos., Lorenzo Ratto, entre otros representantes de empresas, gremios y municipios bonaerenses.<\/p>\n","protected":false},"excerpt":{"rendered":"<p>Por primera vez se firm&oacute; un acuerdo de tolerancia cero a la discriminaci&oacute;n. Del acto participaron directivos del sector privado Se realiz&oacute; en La Plata la tercera edici&oacute;n &ldquo;CEO por la inclusi&oacute;n&rdquo; impulsada por el Gobierno de la provincia de Buenos Aires, a trav&eacute;s del ministerio de Trabajo y de la Jefatura de Asesores del &hellip; <\/p>\n","protected":false},"author":5,"featured_media":26575,"comment_status":"closed","ping_status":"closed","sticky":false,"template":"","format":"standard","meta":{"om_disable_all_campaigns":false,"_joinchat":[]},"categories":[7,4],"tags":[46,43,569],"featured_image_urls":{"full":["https:\/\/infotep.com.ar\/wp-content\/uploads\/2025\/08\/CONVENIO_15.jpg",700,403,false],"thumbnail":["https:\/\/infotep.com.ar\/wp-content\/uploads\/2025\/08\/CONVENIO_15-150x150.jpg",150,150,true],"medium":["https:\/\/infotep.com.ar\/wp-content\/uploads\/2025\/08\/CONVENIO_15-300x173.jpg",300,173,true],"medium_large":["https:\/\/infotep.com.ar\/wp-content\/uploads\/2025\/08\/CONVENIO_15.jpg",700,403,false],"large":["https:\/\/infotep.com.ar\/wp-content\/uploads\/2025\/08\/CONVENIO_15.jpg",700,403,false],"1536x1536":["https:\/\/infotep.com.ar\/wp-content\/uploads\/2025\/08\/CONVENIO_15.jpg",700,403,false],"2048x2048":["https:\/\/infotep.com.ar\/wp-content\/uploads\/2025\/08\/CONVENIO_15.jpg",700,403,false],"blossom-feminine-slider":["https:\/\/infotep.com.ar\/wp-content\/uploads\/2025\/08\/CONVENIO_15.jpg",700,403,false],"blossom-feminine-featured":["https:\/\/infotep.com.ar\/wp-content\/uploads\/2025\/08\/CONVENIO_15.jpg",700,403,false],"blossom-feminine-with-sidebar":["https:\/\/infotep.com.ar\/wp-content\/uploads\/2025\/08\/CONVENIO_15.jpg",700,403,false],"blossom-feminine-blog":["https:\/\/infotep.com.ar\/wp-content\/uploads\/2025\/08\/CONVENIO_15-435x403.jpg",435,403,true],"blossom-feminine-cat":["https:\/\/infotep.com.ar\/wp-content\/uploads\/2025\/08\/CONVENIO_15-450x300.jpg",450,300,true],"blossom-feminine-related":["https:\/\/infotep.com.ar\/wp-content\/uploads\/2025\/08\/CONVENIO_15-320x200.jpg",320,200,true],"blossom-feminine-schema":["https:\/\/infotep.com.ar\/wp-content\/uploads\/2025\/08\/CONVENIO_15-104x60.jpg",104,60,true],"blossom-mommy-blog-slider-big":["https:\/\/infotep.com.ar\/wp-content\/uploads\/2025\/08\/CONVENIO_15.jpg",700,403,false],"blossom-mommy-blog-slider":["https:\/\/infotep.com.ar\/wp-content\/uploads\/2025\/08\/CONVENIO_15-460x310.jpg",460,310,true],"blossom-mommy-blog-two":["https:\/\/infotep.com.ar\/wp-content\/uploads\/2025\/08\/CONVENIO_15.jpg",700,403,false]},"author_info":{"info":["Angela Tobar"]},"category_info":"<a href=\"https:\/\/infotep.com.ar\/index.php\/category\/gremios\/\" rel=\"category tag\">Gremios<\/a> <a href=\"https:\/\/infotep.com.ar\/index.php\/category\/provinciales\/\" rel=\"category tag\">Provinciales<\/a>","tag_info":"Provinciales","comment_count":"0","_links":{"self":[{"href":"https:\/\/infotep.com.ar\/index.php\/wp-json\/wp\/v2\/posts\/26574"}],"collection":[{"href":"https:\/\/infotep.com.ar\/index.php\/wp-json\/wp\/v2\/posts"}],"about":[{"href":"https:\/\/infotep.com.ar\/index.php\/wp-json\/wp\/v2\/types\/post"}],"author":[{"embeddable":true,"href":"https:\/\/infotep.com.ar\/index.php\/wp-json\/wp\/v2\/users\/5"}],"replies":[{"embeddable":true,"href":"https:\/\/infotep.com.ar\/index.php\/wp-json\/wp\/v2\/comments?post=26574"}],"version-history":[{"count":1,"href":"https:\/\/infotep.com.ar\/index.php\/wp-json\/wp\/v2\/posts\/26574\/revisions"}],"predecessor-version":[{"id":26576,"href":"https:\/\/infotep.com.ar\/index.php\/wp-json\/wp\/v2\/posts\/26574\/revisions\/26576"}],"wp:featuredmedia":[{"embeddable":true,"href":"https:\/\/infotep.com.ar\/index.php\/wp-json\/wp\/v2\/media\/26575"}],"wp:attachment":[{"href":"https:\/\/infotep.com.ar\/index.php\/wp-json\/wp\/v2\/media?parent=26574"}],"wp:term":[{"taxonomy":"category","embeddable":true,"href":"https:\/\/infotep.com.ar\/index.php\/wp-json\/wp\/v2\/categories?post=26574"},{"taxonomy":"post_tag","embeddable":true,"href":"https:\/\/infotep.com.ar\/index.php\/wp-json\/wp\/v2\/tags?post=26574"}],"curies":[{"name":"wp","href":"https:\/\/api.w.org\/{rel}","templated":true}]}}