{"id":26577,"date":"2025-08-08T00:26:46","date_gmt":"2025-08-08T03:26:46","guid":{"rendered":"https:\/\/infotep.com.ar\/?p=26577"},"modified":"2025-08-08T00:26:48","modified_gmt":"2025-08-08T03:26:48","slug":"moreno-celebra-el-mes-de-la-pachamama","status":"publish","type":"post","link":"https:\/\/infotep.com.ar\/index.php\/2025\/08\/08\/moreno-celebra-el-mes-de-la-pachamama\/","title":{"rendered":"Moreno celebra el mes de la Pachamama"},"content":{"rendered":"\n<p>Los festejos se desarrollan desde el 5 y hasta el 29 de agosto, en distintos espacios para ofrecer respeto y cuidado a la tierra.<\/p>\n\n\n\n<p><strong>El Municipio de Moreno, declarada ciudad Plurinacional y Multicultural, celebra el \u201cMes de la Pachamama&#8221; con una serie de ceremonias y ofrendas durante agosto que se llevar\u00e1n a cabo en distintos puntos del distrito.<\/strong><\/p>\n\n\n\n<p>Las celebraciones se desarrollan en jardines de infantes, escuelas, centros culturales, unidades sanitarias, plazas, hospitales y espacios comunitarios, con una gran participaci\u00f3n vecinal. Cada ceremonia incluye una ofrenda con alimentos, flores y elementos simb\u00f3licos, acompa\u00f1ada de m\u00fasica, palabras compartidas y gestos de respeto a la naturaleza .<\/p>\n\n\n\n<p>Estas actividades, organizadas por la Direcci\u00f3n de Identidades Culturales de la Subsecretar\u00eda de Cultura, tienen por objeto agradecer a la Madre Tierra por los frutos, los ciclos naturales, los animales y la vida por medio de rituales que se transformaron y enriquecieron con aportes culturales, hist\u00f3ricos y sociales de diversas comunidades originarias y criollas.<\/p>\n\n\n\n<p>A continuaci\u00f3n, se detallan las fechas, horarios y lugares donde se llevan a cabo las ceremonias:<\/p>\n\n\n\n<ul>\n<li>6 de agosto, 13 horas \u2013 EP N\u00ba 5 (Av. San Fernando 8802, Cuartel V)<\/li>\n\n\n\n<li>8 de agosto, 11 horas \u2013 Centro Cultural \u201cLos Sin Sombras\u201d (Mosconi y La M\u00fasica, Cuartel V)<\/li>\n\n\n\n<li>9 de agosto, 15 horas \u2013 Museo Molina Campos (Molina Campos 364, Moreno Centro)<\/li>\n\n\n\n<li>10 de agosto, 15 horas \u2013 Plaza Dr. Buj\u00e1n (Ruta 7, Km 35,5, Paso del Rey)<\/li>\n\n\n\n<li>11 de agosto, 10 horas \u2013 Unidad Sanitaria \u201cJos\u00e9 Mar\u00eda Cortes\u201d (Salvador Mar\u00eda del Carril 4099, Paso del Rey)<\/li>\n\n\n\n<li>12 de agosto, 11 horas \u2013 Hospital de Moreno (Av. Del Libertador 710, Moreno Centro)<\/li>\n\n\n\n<li>14 de agosto, 13 horas \u2013 Plaza Mariano Moreno (Asconap\u00e9 51, Moreno Centro)<\/li>\n\n\n\n<li>15 de agosto, 10 horas \u2013 Huerta \u201cEstrella Federal\u201d (Corrientes 2301, Paso del Rey)<\/li>\n\n\n\n<li>17 de agosto, 12 horas \u2013 Reserva Natural Los Robles (Benito Ju\u00e1rez y Williams, La Reja)<\/li>\n\n\n\n<li>19 de agosto, 14 horas \u2013 Centro Cultural Chichilo (M\u00e1rquez de Aguado 554, Moreno Norte)<\/li>\n\n\n\n<li>20 de agosto, 10 y 13 horas \u2013 EP N\u00ba 1 (Uruguay 27, Moreno Centro)<\/li>\n\n\n\n<li>21 de agosto, 13 horas \u2013 EP N\u00ba 8 (Barker 2028, Trujui)<\/li>\n\n\n\n<li>22 de agosto, 13 horas \u2013 ES N\u00ba 84 y EP N\u00ba 53 (Luis Agote 10600, Cuartel V)<\/li>\n\n\n\n<li>29 de agosto, 17 horas \u2013 Casa de las Culturas (Dr. Vera 247, moreno Centro)<\/li>\n<\/ul>\n","protected":false},"excerpt":{"rendered":"<p>Los festejos se desarrollan desde el 5 y hasta el 29 de agosto, en distintos espacios para ofrecer respeto y cuidado a la tierra. El Municipio de Moreno, declarada ciudad Plurinacional y Multicultural, celebra el &ldquo;Mes de la Pachamama&rdquo; con una serie de ceremonias y ofrendas durante agosto que se llevar&aacute;n a cabo en distintos &hellip; <\/p>\n","protected":false},"author":5,"featured_media":26579,"comment_status":"closed","ping_status":"closed","sticky":false,"template":"","format":"standard","meta":{"om_disable_all_campaigns":false,"_joinchat":[]},"categories":[85],"tags":[46,43,569],"featured_image_urls":{"full":["https:\/\/infotep.com.ar\/wp-content\/uploads\/2025\/08\/pachamama-1.jpg",800,449,false],"thumbnail":["https:\/\/infotep.com.ar\/wp-content\/uploads\/2025\/08\/pachamama-1-150x150.jpg",150,150,true],"medium":["https:\/\/infotep.com.ar\/wp-content\/uploads\/2025\/08\/pachamama-1-300x168.jpg",300,168,true],"medium_large":["https:\/\/infotep.com.ar\/wp-content\/uploads\/2025\/08\/pachamama-1-768x431.jpg",768,431,true],"large":["https:\/\/infotep.com.ar\/wp-content\/uploads\/2025\/08\/pachamama-1.jpg",800,449,false],"1536x1536":["https:\/\/infotep.com.ar\/wp-content\/uploads\/2025\/08\/pachamama-1.jpg",800,449,false],"2048x2048":["https:\/\/infotep.com.ar\/wp-content\/uploads\/2025\/08\/pachamama-1.jpg",800,449,false],"blossom-feminine-slider":["https:\/\/infotep.com.ar\/wp-content\/uploads\/2025\/08\/pachamama-1.jpg",800,449,false],"blossom-feminine-featured":["https:\/\/infotep.com.ar\/wp-content\/uploads\/2025\/08\/pachamama-1.jpg",800,449,false],"blossom-feminine-with-sidebar":["https:\/\/infotep.com.ar\/wp-content\/uploads\/2025\/08\/pachamama-1.jpg",800,449,false],"blossom-feminine-blog":["https:\/\/infotep.com.ar\/wp-content\/uploads\/2025\/08\/pachamama-1-435x435.jpg",435,435,true],"blossom-feminine-cat":["https:\/\/infotep.com.ar\/wp-content\/uploads\/2025\/08\/pachamama-1-450x300.jpg",450,300,true],"blossom-feminine-related":["https:\/\/infotep.com.ar\/wp-content\/uploads\/2025\/08\/pachamama-1-320x200.jpg",320,200,true],"blossom-feminine-schema":["https:\/\/infotep.com.ar\/wp-content\/uploads\/2025\/08\/pachamama-1-107x60.jpg",107,60,true],"blossom-mommy-blog-slider-big":["https:\/\/infotep.com.ar\/wp-content\/uploads\/2025\/08\/pachamama-1.jpg",800,449,false],"blossom-mommy-blog-slider":["https:\/\/infotep.com.ar\/wp-content\/uploads\/2025\/08\/pachamama-1-460x310.jpg",460,310,true],"blossom-mommy-blog-two":["https:\/\/infotep.com.ar\/wp-content\/uploads\/2025\/08\/pachamama-1-768x449.jpg",768,449,true]},"author_info":{"info":["Angela Tobar"]},"category_info":"<a href=\"https:\/\/infotep.com.ar\/index.php\/category\/municipales\/moreno\/\" rel=\"category tag\">Moreno<\/a>","tag_info":"Moreno","comment_count":"0","_links":{"self":[{"href":"https:\/\/infotep.com.ar\/index.php\/wp-json\/wp\/v2\/posts\/26577"}],"collection":[{"href":"https:\/\/infotep.com.ar\/index.php\/wp-json\/wp\/v2\/posts"}],"about":[{"href":"https:\/\/infotep.com.ar\/index.php\/wp-json\/wp\/v2\/types\/post"}],"author":[{"embeddable":true,"href":"https:\/\/infotep.com.ar\/index.php\/wp-json\/wp\/v2\/users\/5"}],"replies":[{"embeddable":true,"href":"https:\/\/infotep.com.ar\/index.php\/wp-json\/wp\/v2\/comments?post=26577"}],"version-history":[{"count":1,"href":"https:\/\/infotep.com.ar\/index.php\/wp-json\/wp\/v2\/posts\/26577\/revisions"}],"predecessor-version":[{"id":26580,"href":"https:\/\/infotep.com.ar\/index.php\/wp-json\/wp\/v2\/posts\/26577\/revisions\/26580"}],"wp:featuredmedia":[{"embeddable":true,"href":"https:\/\/infotep.com.ar\/index.php\/wp-json\/wp\/v2\/media\/26579"}],"wp:attachment":[{"href":"https:\/\/infotep.com.ar\/index.php\/wp-json\/wp\/v2\/media?parent=26577"}],"wp:term":[{"taxonomy":"category","embeddable":true,"href":"https:\/\/infotep.com.ar\/index.php\/wp-json\/wp\/v2\/categories?post=26577"},{"taxonomy":"post_tag","embeddable":true,"href":"https:\/\/infotep.com.ar\/index.php\/wp-json\/wp\/v2\/tags?post=26577"}],"curies":[{"name":"wp","href":"https:\/\/api.w.org\/{rel}","templated":true}]}}