{"id":26585,"date":"2025-08-08T00:37:28","date_gmt":"2025-08-08T03:37:28","guid":{"rendered":"https:\/\/infotep.com.ar\/?p=26585"},"modified":"2025-08-08T00:37:29","modified_gmt":"2025-08-08T03:37:29","slug":"la-oposicion-manifesto-su-rechazo-frente-a-milei-y-el-slogan-kirchnerismo-nunca-mas","status":"publish","type":"post","link":"https:\/\/infotep.com.ar\/index.php\/2025\/08\/08\/la-oposicion-manifesto-su-rechazo-frente-a-milei-y-el-slogan-kirchnerismo-nunca-mas\/","title":{"rendered":"La oposici\u00f3n manifest\u00f3 su rechazo frente a Milei y el slogan &#8220;Kirchnerismo Nunca M\u00e1s&#8221;"},"content":{"rendered":"\n<p>Luego de haber lanzado la campa\u00f1a, un sector de la oposici\u00f3n se mostr\u00f3 duro frente a la frase referida hacia la dictadura.<br><\/p>\n\n\n\n<p><strong>La oposici\u00f3n manifest\u00f3 su rechazo frente al slogan &#8220;Kirchnerismo Nunca M\u00e1s&#8221;, utilizado ayer por La Libertad Avanza (LLA) para dar inicio de la campa\u00f1a en la provincia de Buenos Aires, de cara a las pr\u00f3ximas elecciones provinciales del 7 de septiembre.<\/strong><\/p>\n\n\n\n<p>Acompa\u00f1ado por sus ocho candidatos electorales, el presidente Javier Milei pos\u00f3 con la frase &#8220;Kirchnerismo Nunca M\u00e1s&#8221; en la localidad de Villa Celina, dando el puntapi\u00e9 inicial a la campa\u00f1a con el objetivo de arrebatarle al peronismo la Legislatura bonaerense.<\/p>\n\n\n\n<p>La frase &#8220;Nunca M\u00e1s&#8221; es utilizada para repudiar el terrorismo de Estado ocurrido durante la \u00faltima dictadura militar del pa\u00eds. Este nombre fue adoptado por la Comisi\u00f3n Nacional sobre la Desaparici\u00f3n de Personas (CONADEP), con el que se enjuici\u00f3 y conden\u00f3 a las Juntas Militares de la dictadura militar.<\/p>\n\n\n\n<p>Esto gener\u00f3 malestar en la oposici\u00f3n, que no dud\u00f3 y sali\u00f3 con los tapones de punta a rechazar el uso del &#8220;Nunca M\u00e1s&#8221; dentro de la foto que nuclea a los cabeza de listas junto al Jefe de Estado.<\/p>\n\n\n\n<p>La diputada nacional, Victoria Tolosa Paz, sostuvo que el uso de la frase no funciona como &#8220;provocaci\u00f3n&#8221; hacia el kirchnerismo, sino que tambi\u00e9n &#8220;es una afrenta a los organismos de derechos humanos, a las Madres y Abuelas de Plaza de Mayo, y a la memoria colectiva de un pueblo que dijo Nunca M\u00e1s al terrorismo de Estado&#8221;.<\/p>\n\n\n\n<p>&#8220;Javier Milei y su espacio cruzaron un l\u00edmite inadmisible: banalizaron el dolor, profanaron una consigna sagrada y jugaron con la historia de un pa\u00eds que todav\u00eda busca justicia&#8221;, critic\u00f3 en sus redes.<\/p>\n\n\n\n<p>Por \u00faltimo, asegur\u00f3 que la patria &#8220;se reconstruye con m\u00e1s derechos, m\u00e1s justicia social y m\u00e1s democracia, no negando el pasado&#8221;.<\/p>\n\n\n\n<p>No nos van a correr con odio. No nos van a callar, culmin\u00f3.<\/p>\n\n\n\n<p>Esteban Paul\u00f3n, actual diputado y candidato a senador nacional, afianz\u00f3 la consigna de que el &#8220;Nunca M\u00e1s&#8221; le pertenece &#8220;a todos&#8221;.<\/p>\n\n\n\n<p>Indic\u00f3 que hacer campa\u00f1a &#8220;banalizando&#8221; una &#8220;causa democr\u00e1tica tan sentida&#8221; es considerado &#8220;inaceptable&#8221;.<\/p>\n\n\n\n<p>&#8220;No se juega con la memoria de un pueblo que le dijo \u2018Nunca M\u00e1s\u2019 al terrorismo de Estado&#8221;, expres\u00f3 en su cuenta de X.<\/p>\n\n\n\n<p>Por su parte, la extitular de la Administraci\u00f3n Nacional de la Seguridad Social (ANSES), Fernanda Raverta, carg\u00f3 contra el intendente de General Pueyrred\u00f3n y candidato por la quinta secci\u00f3n, Guillermo Montenegro.<\/p>\n\n\n\n<p>&#8220;La humillaci\u00f3n a la que lo somete Karina Milei es total: lo disfraz\u00f3 con un buzo como si estuviera en un viaje de egresados, lo hizo sostener una bandera que banaliza el \u2018Nunca M\u00e1s\u2019 y lo llev\u00f3 hasta La Matanza. \u00a1Qu\u00e9 mascota, hermano!&#8221; asever\u00f3.<\/p>\n\n\n\n<p>Adem\u00e1s, critic\u00f3 la gesti\u00f3n de Montenegro y afirm\u00f3 que &#8220;se gan\u00f3 un r\u00e9cord&#8221; por haber dejado &#8220;sin gas y sin agua&#8221; a la gente de Mar del Plata.<\/p>\n\n\n\n<p>&#8220;Encima eleg\u00eds posar en un predio lleno de basura. Tan literal todo, que duele&#8221;, remat\u00f3.<\/p>\n\n\n\n<p>Desde la oposici\u00f3n sindical, Daniel Catalano, secretario general de ATE Capital, indic\u00f3 que la alianza entre LLA y el PRO &#8220;sintetiza la violencia&#8221;.<\/p>\n\n\n\n<p>&#8220;Usar el &#8216;Nunca M\u00e1s&#8217; es banalizar la memoria colectiva del pueblo. En Argentina alzamos las banderas del Nunca M\u00e1s al terrorismo de estado&#8221;.<\/p>\n\n\n\n<p>A su vez, le record\u00f3 a Milei que &#8220;gracias a N\u00e9stor y Cristina Kirchner, cientos de genocidas fueron condenados&#8221;: &#8220;Ellos dignificaron al pueblo argentino. Vos simplemente sos una lamentable experiencia de justificaci\u00f3n de las aberraciones que sufrimos los argentinos y que sufren muchos pueblos en el mundo&#8221;.<\/p>\n\n\n\n<p>Y sobre el final asinti\u00f3: &#8220;Ac\u00e1 no se trata de ustedes o kirchnerismo. Ustedes son el hambre, la crueldad y la miseria que padecen millones de argentinos y argentinas todos los d\u00edas. A ustedes vamos a ponerles un l\u00edmite en las urnas&#8221;.<\/p>\n","protected":false},"excerpt":{"rendered":"<p>Luego de haber lanzado la campa&ntilde;a, un sector de la oposici&oacute;n se mostr&oacute; duro frente a la frase referida hacia la dictadura. La oposici&oacute;n manifest&oacute; su rechazo frente al slogan &ldquo;Kirchnerismo Nunca M&aacute;s&rdquo;, utilizado ayer por La Libertad Avanza (LLA) para dar inicio de la campa&ntilde;a en la provincia de Buenos Aires, de cara a &hellip; <\/p>\n","protected":false},"author":5,"featured_media":26586,"comment_status":"closed","ping_status":"closed","sticky":false,"template":"","format":"standard","meta":{"om_disable_all_campaigns":false,"_joinchat":[]},"categories":[4],"tags":[46,43,569],"featured_image_urls":{"full":["https:\/\/infotep.com.ar\/wp-content\/uploads\/2025\/08\/720-1.webp",1098,720,false],"thumbnail":["https:\/\/infotep.com.ar\/wp-content\/uploads\/2025\/08\/720-1-150x150.webp",150,150,true],"medium":["https:\/\/infotep.com.ar\/wp-content\/uploads\/2025\/08\/720-1-300x197.webp",300,197,true],"medium_large":["https:\/\/infotep.com.ar\/wp-content\/uploads\/2025\/08\/720-1-768x504.webp",768,504,true],"large":["https:\/\/infotep.com.ar\/wp-content\/uploads\/2025\/08\/720-1-1024x671.webp",1020,668,true],"1536x1536":["https:\/\/infotep.com.ar\/wp-content\/uploads\/2025\/08\/720-1.webp",1098,720,false],"2048x2048":["https:\/\/infotep.com.ar\/wp-content\/uploads\/2025\/08\/720-1.webp",1098,720,false],"blossom-feminine-slider":["https:\/\/infotep.com.ar\/wp-content\/uploads\/2025\/08\/720-1-1098x649.webp",1098,649,true],"blossom-feminine-featured":["https:\/\/infotep.com.ar\/wp-content\/uploads\/2025\/08\/720-1-1098x600.webp",1098,600,true],"blossom-feminine-with-sidebar":["https:\/\/infotep.com.ar\/wp-content\/uploads\/2025\/08\/720-1-1020x600.webp",1020,600,true],"blossom-feminine-blog":["https:\/\/infotep.com.ar\/wp-content\/uploads\/2025\/08\/720-1-435x435.webp",435,435,true],"blossom-feminine-cat":["https:\/\/infotep.com.ar\/wp-content\/uploads\/2025\/08\/720-1-450x300.webp",450,300,true],"blossom-feminine-related":["https:\/\/infotep.com.ar\/wp-content\/uploads\/2025\/08\/720-1-320x200.webp",320,200,true],"blossom-feminine-schema":["https:\/\/infotep.com.ar\/wp-content\/uploads\/2025\/08\/720-1-92x60.webp",92,60,true],"blossom-mommy-blog-slider-big":["https:\/\/infotep.com.ar\/wp-content\/uploads\/2025\/08\/720-1-920x650.webp",920,650,true],"blossom-mommy-blog-slider":["https:\/\/infotep.com.ar\/wp-content\/uploads\/2025\/08\/720-1-460x310.webp",460,310,true],"blossom-mommy-blog-two":["https:\/\/infotep.com.ar\/wp-content\/uploads\/2025\/08\/720-1-768x480.webp",768,480,true]},"author_info":{"info":["Angela Tobar"]},"category_info":"<a href=\"https:\/\/infotep.com.ar\/index.php\/category\/provinciales\/\" rel=\"category tag\">Provinciales<\/a>","tag_info":"Provinciales","comment_count":"0","_links":{"self":[{"href":"https:\/\/infotep.com.ar\/index.php\/wp-json\/wp\/v2\/posts\/26585"}],"collection":[{"href":"https:\/\/infotep.com.ar\/index.php\/wp-json\/wp\/v2\/posts"}],"about":[{"href":"https:\/\/infotep.com.ar\/index.php\/wp-json\/wp\/v2\/types\/post"}],"author":[{"embeddable":true,"href":"https:\/\/infotep.com.ar\/index.php\/wp-json\/wp\/v2\/users\/5"}],"replies":[{"embeddable":true,"href":"https:\/\/infotep.com.ar\/index.php\/wp-json\/wp\/v2\/comments?post=26585"}],"version-history":[{"count":1,"href":"https:\/\/infotep.com.ar\/index.php\/wp-json\/wp\/v2\/posts\/26585\/revisions"}],"predecessor-version":[{"id":26587,"href":"https:\/\/infotep.com.ar\/index.php\/wp-json\/wp\/v2\/posts\/26585\/revisions\/26587"}],"wp:featuredmedia":[{"embeddable":true,"href":"https:\/\/infotep.com.ar\/index.php\/wp-json\/wp\/v2\/media\/26586"}],"wp:attachment":[{"href":"https:\/\/infotep.com.ar\/index.php\/wp-json\/wp\/v2\/media?parent=26585"}],"wp:term":[{"taxonomy":"category","embeddable":true,"href":"https:\/\/infotep.com.ar\/index.php\/wp-json\/wp\/v2\/categories?post=26585"},{"taxonomy":"post_tag","embeddable":true,"href":"https:\/\/infotep.com.ar\/index.php\/wp-json\/wp\/v2\/tags?post=26585"}],"curies":[{"name":"wp","href":"https:\/\/api.w.org\/{rel}","templated":true}]}}