{"id":26588,"date":"2025-08-08T00:08:00","date_gmt":"2025-08-08T03:08:00","guid":{"rendered":"https:\/\/infotep.com.ar\/?p=26588"},"modified":"2025-08-08T00:40:25","modified_gmt":"2025-08-08T03:40:25","slug":"axel-kicillof-sumo-una-nueva-foto-de-unidad-en-medio-del-cierre-de-alianzas-para-las-legislativas","status":"publish","type":"post","link":"https:\/\/infotep.com.ar\/index.php\/2025\/08\/08\/axel-kicillof-sumo-una-nueva-foto-de-unidad-en-medio-del-cierre-de-alianzas-para-las-legislativas\/","title":{"rendered":"Axel Kicillof sum\u00f3 una nueva foto de unidad en medio del cierre de alianzas para las legislativas"},"content":{"rendered":"\n<p>El gobernador bonaerense encabez\u00f3 actos en Presidente Per\u00f3n y Ezeiza junto a Ver\u00f3nica Magario, Mayra Mendoza y Facundo Tignanelli.<br><\/p>\n\n\n\n<p>En medio del cierre de alianzas para las elecciones legislativas nacionales del pr\u00f3ximo 26 de octubre, el gobernador bonaerense Axel Kicillof sum\u00f3 este jueves una nueva foto de unidad con los candidatos de la Tercera Secci\u00f3n Electoral en dos municipios del conurbano.<\/p>\n\n\n\n<p><strong>\u201cMilei pretende destruir la Argentina que conocemos y so\u00f1amos, pero el 7 de septiembre vamos a demostrar que nunca van a darse el gusto de ver a la Provincia de brazos ca\u00eddos\u201d, asegur\u00f3 Kicillof al encabezar un acto en Ezeiza para entregar patrulleros juntos a la vicegobernadora y candidata a diputada bonaerense, Ver\u00f3nica Magario.<\/strong><\/p>\n\n\n\n<p class=\"has-light-green-cyan-background-color has-background\">En ese escenario, el mandatario provincial volvi\u00f3 a denunciar el ajuste libertario al territorio bonaerense y record\u00f3 el reclamo que esa jurisdicci\u00f3n realiz\u00f3 en la Corte Suprema por los $12 billones de pesos que la Provincia le exige al gobierno de Javier Milei.<\/p>\n\n\n\n<p>\u201cVamos a seguir reclamando ante la Corte Suprema por lo que nos corresponde: no se puede festejar un super\u00e1vit que est\u00e1 construido sobre la base de lo que el Gobierno nacional les rob\u00f3 a las provincias\u201d, cuestion\u00f3 Kicillof.<\/p>\n\n\n\n<p>Esta fue la segunda foto del d\u00eda con candidatos por parte del gobernador, ya que m\u00e1s temprano hab\u00eda participado de un acto en Presidente Per\u00f3n \u2013donde inaugur\u00f3 infraestructura educativa\u2013 junto a otros dos postulantes a legisladores de la Tercera: Mayra Mendoza, intendenta de Quilmes y Facundo Tignanelli, diputado bonaerense.<\/p>\n\n\n\n<p><\/p>\n\n\n\n<p><\/p>\n","protected":false},"excerpt":{"rendered":"<p>El gobernador bonaerense encabez&oacute; actos en Presidente Per&oacute;n y Ezeiza junto a Ver&oacute;nica Magario, Mayra Mendoza y Facundo Tignanelli. En medio del cierre de alianzas para las elecciones legislativas nacionales del pr&oacute;ximo 26 de octubre, el gobernador bonaerense Axel Kicillof sum&oacute; este jueves una nueva foto de unidad con los candidatos de la Tercera Secci&oacute;n &hellip; <\/p>\n","protected":false},"author":5,"featured_media":26589,"comment_status":"closed","ping_status":"closed","sticky":false,"template":"","format":"standard","meta":{"om_disable_all_campaigns":false,"_joinchat":[]},"categories":[4],"tags":[46,43,569],"featured_image_urls":{"full":["https:\/\/infotep.com.ar\/wp-content\/uploads\/2025\/08\/720-2.webp",1080,720,false],"thumbnail":["https:\/\/infotep.com.ar\/wp-content\/uploads\/2025\/08\/720-2-150x150.webp",150,150,true],"medium":["https:\/\/infotep.com.ar\/wp-content\/uploads\/2025\/08\/720-2-300x200.webp",300,200,true],"medium_large":["https:\/\/infotep.com.ar\/wp-content\/uploads\/2025\/08\/720-2-768x512.webp",768,512,true],"large":["https:\/\/infotep.com.ar\/wp-content\/uploads\/2025\/08\/720-2-1024x683.webp",1020,680,true],"1536x1536":["https:\/\/infotep.com.ar\/wp-content\/uploads\/2025\/08\/720-2.webp",1080,720,false],"2048x2048":["https:\/\/infotep.com.ar\/wp-content\/uploads\/2025\/08\/720-2.webp",1080,720,false],"blossom-feminine-slider":["https:\/\/infotep.com.ar\/wp-content\/uploads\/2025\/08\/720-2-1080x649.webp",1080,649,true],"blossom-feminine-featured":["https:\/\/infotep.com.ar\/wp-content\/uploads\/2025\/08\/720-2-1080x600.webp",1080,600,true],"blossom-feminine-with-sidebar":["https:\/\/infotep.com.ar\/wp-content\/uploads\/2025\/08\/720-2-1020x600.webp",1020,600,true],"blossom-feminine-blog":["https:\/\/infotep.com.ar\/wp-content\/uploads\/2025\/08\/720-2-435x435.webp",435,435,true],"blossom-feminine-cat":["https:\/\/infotep.com.ar\/wp-content\/uploads\/2025\/08\/720-2-450x300.webp",450,300,true],"blossom-feminine-related":["https:\/\/infotep.com.ar\/wp-content\/uploads\/2025\/08\/720-2-320x200.webp",320,200,true],"blossom-feminine-schema":["https:\/\/infotep.com.ar\/wp-content\/uploads\/2025\/08\/720-2-90x60.webp",90,60,true],"blossom-mommy-blog-slider-big":["https:\/\/infotep.com.ar\/wp-content\/uploads\/2025\/08\/720-2-920x650.webp",920,650,true],"blossom-mommy-blog-slider":["https:\/\/infotep.com.ar\/wp-content\/uploads\/2025\/08\/720-2-460x310.webp",460,310,true],"blossom-mommy-blog-two":["https:\/\/infotep.com.ar\/wp-content\/uploads\/2025\/08\/720-2-768x480.webp",768,480,true]},"author_info":{"info":["Angela Tobar"]},"category_info":"<a href=\"https:\/\/infotep.com.ar\/index.php\/category\/provinciales\/\" rel=\"category tag\">Provinciales<\/a>","tag_info":"Provinciales","comment_count":"0","_links":{"self":[{"href":"https:\/\/infotep.com.ar\/index.php\/wp-json\/wp\/v2\/posts\/26588"}],"collection":[{"href":"https:\/\/infotep.com.ar\/index.php\/wp-json\/wp\/v2\/posts"}],"about":[{"href":"https:\/\/infotep.com.ar\/index.php\/wp-json\/wp\/v2\/types\/post"}],"author":[{"embeddable":true,"href":"https:\/\/infotep.com.ar\/index.php\/wp-json\/wp\/v2\/users\/5"}],"replies":[{"embeddable":true,"href":"https:\/\/infotep.com.ar\/index.php\/wp-json\/wp\/v2\/comments?post=26588"}],"version-history":[{"count":1,"href":"https:\/\/infotep.com.ar\/index.php\/wp-json\/wp\/v2\/posts\/26588\/revisions"}],"predecessor-version":[{"id":26590,"href":"https:\/\/infotep.com.ar\/index.php\/wp-json\/wp\/v2\/posts\/26588\/revisions\/26590"}],"wp:featuredmedia":[{"embeddable":true,"href":"https:\/\/infotep.com.ar\/index.php\/wp-json\/wp\/v2\/media\/26589"}],"wp:attachment":[{"href":"https:\/\/infotep.com.ar\/index.php\/wp-json\/wp\/v2\/media?parent=26588"}],"wp:term":[{"taxonomy":"category","embeddable":true,"href":"https:\/\/infotep.com.ar\/index.php\/wp-json\/wp\/v2\/categories?post=26588"},{"taxonomy":"post_tag","embeddable":true,"href":"https:\/\/infotep.com.ar\/index.php\/wp-json\/wp\/v2\/tags?post=26588"}],"curies":[{"name":"wp","href":"https:\/\/api.w.org\/{rel}","templated":true}]}}