{"id":26597,"date":"2025-08-08T15:22:52","date_gmt":"2025-08-08T18:22:52","guid":{"rendered":"https:\/\/infotep.com.ar\/?p=26597"},"modified":"2025-08-08T15:22:53","modified_gmt":"2025-08-08T18:22:53","slug":"javier-milei-realizara-una-cadena-nacional-esta-noche-sobre-los-vetos-a-las-leyes-del-congreso","status":"publish","type":"post","link":"https:\/\/infotep.com.ar\/index.php\/2025\/08\/08\/javier-milei-realizara-una-cadena-nacional-esta-noche-sobre-los-vetos-a-las-leyes-del-congreso\/","title":{"rendered":"Javier Milei realizar\u00e1 una cadena nacional esta noche sobre los vetos a las leyes del Congreso"},"content":{"rendered":"\n<p>El vocero presidencial, Manuel Adorni, confirm\u00f3 que el mensaje ser\u00e1 a las 21.<br><br>El presidente Javier Milei hablar\u00e1 esta noche en cadena nacional en un mensaje en el que busca exponer los vetos a las leyes y responder ante la derrota legislativa que sufri\u00f3 el Poder Ejecutivo el pasado mi\u00e9rcoles en la C\u00e1mara de Diputados.<\/p>\n\n\n\n<p>As\u00ed lo confirm\u00f3 el vocero presidencial, Manuel Adorni, en la habitual conferencia de prensa en la que detall\u00f3 que abordar\u00e1 la derogaci\u00f3n de los decretos delegados que anulan la Agencia Nacional de Seguridad Vial y la Direcci\u00f3n Nacional de Vialidad, los cambios sobre el INTA y el INTI, as\u00ed como las reformas en el Banco Nacional de Datos Gen\u00e9ticos y sobre institutos culturales.<\/p>\n\n\n\n<p>Al respecto, el funcionario detall\u00f3 que el mandatario dar\u00e1 el mensaje desde el Sal\u00f3n Blanco de Casa Rosada dos d\u00edas m\u00e1s despu\u00e9s de que el bloque de diputados de la oposici\u00f3n, con respaldo de varios sectores aliados, lograran torcer las voluntades del Ejecutivo.<\/p>\n\n\n\n<p>Milei, intentar\u00e1 ensayar\u00e1 una especie de argumentaci\u00f3n a trav\u00e9s de un mensaje que grabar\u00e1 esta tarde, a las 18, en el que reafirmar\u00e1 su compromiso con el ajuste, el d\u00e9ficit cero y la pol\u00edtica monetaria.<\/p>\n\n\n\n<p>Si bien a\u00fan restan definir detalles, es posible que Milei se muestre escoltado por el ministro de Econom\u00eda, Luis Caputo, y rodeado por el equipo econ\u00f3mico aunque se descarta la asistencia del resto de los funcionarios del Gabinete como ha ocurrido en otras oportunidades.<\/p>\n\n\n\n<p><\/p>\n","protected":false},"excerpt":{"rendered":"<p>El vocero presidencial, Manuel Adorni, confirm&oacute; que el mensaje ser&aacute; a las 21. El presidente Javier Milei hablar&aacute; esta noche en cadena nacional en un mensaje en el que busca exponer los vetos a las leyes y responder ante la derrota legislativa que sufri&oacute; el Poder Ejecutivo el pasado mi&eacute;rcoles en la C&aacute;mara de Diputados. &hellip; <\/p>\n","protected":false},"author":5,"featured_media":20884,"comment_status":"closed","ping_status":"closed","sticky":false,"template":"","format":"standard","meta":{"om_disable_all_campaigns":false,"_joinchat":[]},"categories":[3],"tags":[46,43,569],"featured_image_urls":{"full":["https:\/\/infotep.com.ar\/wp-content\/uploads\/2025\/02\/milei.webp",555,360,false],"thumbnail":["https:\/\/infotep.com.ar\/wp-content\/uploads\/2025\/02\/milei-150x150.webp",150,150,true],"medium":["https:\/\/infotep.com.ar\/wp-content\/uploads\/2025\/02\/milei-300x195.webp",300,195,true],"medium_large":["https:\/\/infotep.com.ar\/wp-content\/uploads\/2025\/02\/milei.webp",555,360,false],"large":["https:\/\/infotep.com.ar\/wp-content\/uploads\/2025\/02\/milei.webp",555,360,false],"1536x1536":["https:\/\/infotep.com.ar\/wp-content\/uploads\/2025\/02\/milei.webp",555,360,false],"2048x2048":["https:\/\/infotep.com.ar\/wp-content\/uploads\/2025\/02\/milei.webp",555,360,false],"blossom-feminine-slider":["https:\/\/infotep.com.ar\/wp-content\/uploads\/2025\/02\/milei.webp",555,360,false],"blossom-feminine-featured":["https:\/\/infotep.com.ar\/wp-content\/uploads\/2025\/02\/milei.webp",555,360,false],"blossom-feminine-with-sidebar":["https:\/\/infotep.com.ar\/wp-content\/uploads\/2025\/02\/milei.webp",555,360,false],"blossom-feminine-blog":["https:\/\/infotep.com.ar\/wp-content\/uploads\/2025\/02\/milei-435x360.webp",435,360,true],"blossom-feminine-cat":["https:\/\/infotep.com.ar\/wp-content\/uploads\/2025\/02\/milei-450x300.webp",450,300,true],"blossom-feminine-related":["https:\/\/infotep.com.ar\/wp-content\/uploads\/2025\/02\/milei-320x200.webp",320,200,true],"blossom-feminine-schema":["https:\/\/infotep.com.ar\/wp-content\/uploads\/2025\/02\/milei-93x60.webp",93,60,true],"blossom-mommy-blog-slider-big":["https:\/\/infotep.com.ar\/wp-content\/uploads\/2025\/02\/milei.webp",555,360,false],"blossom-mommy-blog-slider":["https:\/\/infotep.com.ar\/wp-content\/uploads\/2025\/02\/milei-460x310.webp",460,310,true],"blossom-mommy-blog-two":["https:\/\/infotep.com.ar\/wp-content\/uploads\/2025\/02\/milei.webp",555,360,false]},"author_info":{"info":["Angela Tobar"]},"category_info":"<a href=\"https:\/\/infotep.com.ar\/index.php\/category\/nacionales\/\" rel=\"category tag\">Nacionales<\/a>","tag_info":"Nacionales","comment_count":"0","_links":{"self":[{"href":"https:\/\/infotep.com.ar\/index.php\/wp-json\/wp\/v2\/posts\/26597"}],"collection":[{"href":"https:\/\/infotep.com.ar\/index.php\/wp-json\/wp\/v2\/posts"}],"about":[{"href":"https:\/\/infotep.com.ar\/index.php\/wp-json\/wp\/v2\/types\/post"}],"author":[{"embeddable":true,"href":"https:\/\/infotep.com.ar\/index.php\/wp-json\/wp\/v2\/users\/5"}],"replies":[{"embeddable":true,"href":"https:\/\/infotep.com.ar\/index.php\/wp-json\/wp\/v2\/comments?post=26597"}],"version-history":[{"count":1,"href":"https:\/\/infotep.com.ar\/index.php\/wp-json\/wp\/v2\/posts\/26597\/revisions"}],"predecessor-version":[{"id":26598,"href":"https:\/\/infotep.com.ar\/index.php\/wp-json\/wp\/v2\/posts\/26597\/revisions\/26598"}],"wp:featuredmedia":[{"embeddable":true,"href":"https:\/\/infotep.com.ar\/index.php\/wp-json\/wp\/v2\/media\/20884"}],"wp:attachment":[{"href":"https:\/\/infotep.com.ar\/index.php\/wp-json\/wp\/v2\/media?parent=26597"}],"wp:term":[{"taxonomy":"category","embeddable":true,"href":"https:\/\/infotep.com.ar\/index.php\/wp-json\/wp\/v2\/categories?post=26597"},{"taxonomy":"post_tag","embeddable":true,"href":"https:\/\/infotep.com.ar\/index.php\/wp-json\/wp\/v2\/tags?post=26597"}],"curies":[{"name":"wp","href":"https:\/\/api.w.org\/{rel}","templated":true}]}}