{"id":26629,"date":"2025-08-11T11:12:35","date_gmt":"2025-08-11T14:12:35","guid":{"rendered":"https:\/\/infotep.com.ar\/?p=26629"},"modified":"2025-08-11T11:12:36","modified_gmt":"2025-08-11T14:12:36","slug":"bregman-dice-que-milei-esta-desconectado-de-la-realidad-y-que-hay-olor-a-2001","status":"publish","type":"post","link":"https:\/\/infotep.com.ar\/index.php\/2025\/08\/11\/bregman-dice-que-milei-esta-desconectado-de-la-realidad-y-que-hay-olor-a-2001\/","title":{"rendered":"Bregman dice que Milei &#8220;est\u00e1 desconectado de la realidad&#8221; y que &#8220;hay olor a 2001&#8221;"},"content":{"rendered":"\n<p>La dirigente del FIT compar\u00f3 la cadena nacional de Milei con los discursos de De la R\u00faa, que &#8220;anunciaba el \u2018megacanje\u2019 y &#8220;todo iba hacia el precipicio\u201d<br><br>La ex diputada nacional y referente del Frente de Izquierda y los Trabajadores (FIT) Myriam Bregman afirm\u00f3 hoy que el presidente Javier Milei est\u00e1 \u201cdesconectado de la realidad social\u201d y consider\u00f3 que, tras el discurso que dio el mandatario el viernes por la cadena nacional, &#8220;hay olor a 2001&#8221;.<\/p>\n\n\n\n<p><strong>\u201cHay olor a 2001, porque (el discurso de Milei) parec\u00eda esos manotazos de ahogado que dio (el ex presidente Fernando) De la R\u00faa, a \u00faltimo momento cuando daba una conferencia de prensa y anunciaba el \u2018megacanje\u2019 y que vos sab\u00edas que todo iba hacia el precipicio\u201d, afirm\u00f3.<\/strong><\/p>\n\n\n\n<p>Bregman asever\u00f3 que Milei \u201cest\u00e1 desconectado de la realidad social y cumpliendo las \u00f3rdenes de quienes est\u00e1n gobernando realmente, que son el Fondo Monetario y la banca internacional\u201d, en declaraciones al programa \u201cSin corbata\u201d que se emite por Splendid AM 990.<\/p>\n\n\n\n<p class=\"has-light-green-cyan-background-color has-background\">Agreg\u00f3 que en el e discurso presidencial del viernes \u201ctodo lo que dijo es ilegal, primero, porque habl\u00f3 de emitir resoluciones y dem\u00e1s y \u00e9l no puede dictar DNU sobre ese tipo de materias. Est\u00e1 prohibido en el art\u00edculo 99 de la Constituci\u00f3n, no puede dictar DNU sobre todo lo que sea materia tributaria\u201d.<\/p>\n\n\n\n<p>Para la dirigente del FIT lo que dice Milei \u201ces lo que el Fondo Monetario Internacional le dicta y ahora vienen por m\u00e1s, porque el Fondo le dijo que avance con una nueva reforma laboral y que avance con una reforma jubilatoria\u201d.<\/p>\n\n\n\n<p>\u201cDecir de d\u00f3nde sale el dinero cuando se genere un gasto es profundamente neoliberal, incluso en una democracia capitalista, porque se supone que se aspira a un estado de bienestar\u201d, manifest\u00f3.<\/p>\n\n\n\n<p>De igual modo cuestion\u00f3 que haciendo lo contrario, el presidente Milei fue hace unos d\u00edas a la Sociedad Rural a decirle que bajaba las retenciones \u00bf\u00c9l dijo de d\u00f3nde va a salir el dinero que le est\u00e1 evitando cobrar a esos sectores? No, no lo dijo\u201d, subray\u00f3.<\/p>\n","protected":false},"excerpt":{"rendered":"<p>La dirigente del FIT compar&oacute; la cadena nacional de Milei con los discursos de De la R&uacute;a, que &ldquo;anunciaba el &lsquo;megacanje&rsquo; y &ldquo;todo iba hacia el precipicio&rdquo; La ex diputada nacional y referente del Frente de Izquierda y los Trabajadores (FIT) Myriam Bregman afirm&oacute; hoy que el presidente Javier Milei est&aacute; &ldquo;desconectado de la realidad &hellip; <\/p>\n","protected":false},"author":5,"featured_media":24697,"comment_status":"closed","ping_status":"closed","sticky":false,"template":"","format":"standard","meta":{"om_disable_all_campaigns":false,"_joinchat":[]},"categories":[3],"tags":[46,43,569],"featured_image_urls":{"full":["https:\/\/infotep.com.ar\/wp-content\/uploads\/2025\/06\/bregman.jpg",720,480,false],"thumbnail":["https:\/\/infotep.com.ar\/wp-content\/uploads\/2025\/06\/bregman-150x150.jpg",150,150,true],"medium":["https:\/\/infotep.com.ar\/wp-content\/uploads\/2025\/06\/bregman-300x200.jpg",300,200,true],"medium_large":["https:\/\/infotep.com.ar\/wp-content\/uploads\/2025\/06\/bregman.jpg",720,480,false],"large":["https:\/\/infotep.com.ar\/wp-content\/uploads\/2025\/06\/bregman.jpg",720,480,false],"1536x1536":["https:\/\/infotep.com.ar\/wp-content\/uploads\/2025\/06\/bregman.jpg",720,480,false],"2048x2048":["https:\/\/infotep.com.ar\/wp-content\/uploads\/2025\/06\/bregman.jpg",720,480,false],"blossom-feminine-slider":["https:\/\/infotep.com.ar\/wp-content\/uploads\/2025\/06\/bregman.jpg",720,480,false],"blossom-feminine-featured":["https:\/\/infotep.com.ar\/wp-content\/uploads\/2025\/06\/bregman.jpg",720,480,false],"blossom-feminine-with-sidebar":["https:\/\/infotep.com.ar\/wp-content\/uploads\/2025\/06\/bregman.jpg",720,480,false],"blossom-feminine-blog":["https:\/\/infotep.com.ar\/wp-content\/uploads\/2025\/06\/bregman-435x435.jpg",435,435,true],"blossom-feminine-cat":["https:\/\/infotep.com.ar\/wp-content\/uploads\/2025\/06\/bregman-450x300.jpg",450,300,true],"blossom-feminine-related":["https:\/\/infotep.com.ar\/wp-content\/uploads\/2025\/06\/bregman-320x200.jpg",320,200,true],"blossom-feminine-schema":["https:\/\/infotep.com.ar\/wp-content\/uploads\/2025\/06\/bregman-90x60.jpg",90,60,true],"blossom-mommy-blog-slider-big":["https:\/\/infotep.com.ar\/wp-content\/uploads\/2025\/06\/bregman.jpg",720,480,false],"blossom-mommy-blog-slider":["https:\/\/infotep.com.ar\/wp-content\/uploads\/2025\/06\/bregman-460x310.jpg",460,310,true],"blossom-mommy-blog-two":["https:\/\/infotep.com.ar\/wp-content\/uploads\/2025\/06\/bregman.jpg",720,480,false]},"author_info":{"info":["Angela Tobar"]},"category_info":"<a href=\"https:\/\/infotep.com.ar\/index.php\/category\/nacionales\/\" rel=\"category tag\">Nacionales<\/a>","tag_info":"Nacionales","comment_count":"0","_links":{"self":[{"href":"https:\/\/infotep.com.ar\/index.php\/wp-json\/wp\/v2\/posts\/26629"}],"collection":[{"href":"https:\/\/infotep.com.ar\/index.php\/wp-json\/wp\/v2\/posts"}],"about":[{"href":"https:\/\/infotep.com.ar\/index.php\/wp-json\/wp\/v2\/types\/post"}],"author":[{"embeddable":true,"href":"https:\/\/infotep.com.ar\/index.php\/wp-json\/wp\/v2\/users\/5"}],"replies":[{"embeddable":true,"href":"https:\/\/infotep.com.ar\/index.php\/wp-json\/wp\/v2\/comments?post=26629"}],"version-history":[{"count":1,"href":"https:\/\/infotep.com.ar\/index.php\/wp-json\/wp\/v2\/posts\/26629\/revisions"}],"predecessor-version":[{"id":26630,"href":"https:\/\/infotep.com.ar\/index.php\/wp-json\/wp\/v2\/posts\/26629\/revisions\/26630"}],"wp:featuredmedia":[{"embeddable":true,"href":"https:\/\/infotep.com.ar\/index.php\/wp-json\/wp\/v2\/media\/24697"}],"wp:attachment":[{"href":"https:\/\/infotep.com.ar\/index.php\/wp-json\/wp\/v2\/media?parent=26629"}],"wp:term":[{"taxonomy":"category","embeddable":true,"href":"https:\/\/infotep.com.ar\/index.php\/wp-json\/wp\/v2\/categories?post=26629"},{"taxonomy":"post_tag","embeddable":true,"href":"https:\/\/infotep.com.ar\/index.php\/wp-json\/wp\/v2\/tags?post=26629"}],"curies":[{"name":"wp","href":"https:\/\/api.w.org\/{rel}","templated":true}]}}