{"id":26631,"date":"2025-08-11T11:13:40","date_gmt":"2025-08-11T14:13:40","guid":{"rendered":"https:\/\/infotep.com.ar\/?p=26631"},"modified":"2025-08-11T11:13:40","modified_gmt":"2025-08-11T14:13:40","slug":"realizan-pericia-para-determinar-la-trayectoria-del-disparo-que-hirio-a-pablo-grillo","status":"publish","type":"post","link":"https:\/\/infotep.com.ar\/index.php\/2025\/08\/11\/realizan-pericia-para-determinar-la-trayectoria-del-disparo-que-hirio-a-pablo-grillo\/","title":{"rendered":"Realizan pericia para determinar la trayectoria del disparo que hiri\u00f3 a Pablo Grillo"},"content":{"rendered":"\n<p>La misma se llevar\u00e1 a cabo este lunes y fue ordenada por la jueza federal Mar\u00eda Servini.<br><br>La Justicia realizar\u00e1 hoy una pericia bal\u00edstica para determinar la trayectoria del disparo que hiri\u00f3 de gravedad al reportero gr\u00e1fico Pablo Grillo, durante una manifestaci\u00f3n el 12 de marzo \u00faltimo en apoyo a jubilados en el Congreso Nacional.<\/p>\n\n\n\n<p>La diligencia fue ordenada por la jueza federal Mar\u00eda Servini luego de citar a declaraci\u00f3n indagatoria para el 2 de septiembre pr\u00f3ximo al gendarme imputado como supuesto autor del disparo, H\u00e9ctor Guerrero, informaron fuentes judiciales.<\/p>\n\n\n\n<p>El cartucho de gas disparado hiri\u00f3 en la cabeza al fot\u00f3grafo que cubr\u00eda una manifestaci\u00f3n en apoyo a los jubilados en inmediaciones del Congreso Nacional.<\/p>\n\n\n\n<p>Al ordenar el peritaje la jueza dispuso determinar \u201cla trayectoria del proyectil que impact\u00f3 en la cabeza de Pablo Grillo desde su origen hasta el punto de impacto\u201d.<\/p>\n\n\n\n<p>Tambi\u00e9n \u201cla velocidad alcanzada por el proyectil en cuesti\u00f3n desde su origen hasta el momento del impacto\u201d y la posici\u00f3n del arma al momento de efectuarse el disparo.<\/p>\n","protected":false},"excerpt":{"rendered":"<p>La misma se llevar&aacute; a cabo este lunes y fue ordenada por la jueza federal Mar&iacute;a Servini. La Justicia realizar&aacute; hoy una pericia bal&iacute;stica para determinar la trayectoria del disparo que hiri&oacute; de gravedad al reportero gr&aacute;fico Pablo Grillo, durante una manifestaci&oacute;n el 12 de marzo &uacute;ltimo en apoyo a jubilados en el Congreso Nacional. &hellip; <\/p>\n","protected":false},"author":5,"featured_media":21657,"comment_status":"closed","ping_status":"closed","sticky":false,"template":"","format":"standard","meta":{"om_disable_all_campaigns":false,"_joinchat":[]},"categories":[3],"tags":[569],"featured_image_urls":{"full":["https:\/\/infotep.com.ar\/wp-content\/uploads\/2025\/03\/pablo-grillo.webp",610,406,false],"thumbnail":["https:\/\/infotep.com.ar\/wp-content\/uploads\/2025\/03\/pablo-grillo-150x150.webp",150,150,true],"medium":["https:\/\/infotep.com.ar\/wp-content\/uploads\/2025\/03\/pablo-grillo-300x200.webp",300,200,true],"medium_large":["https:\/\/infotep.com.ar\/wp-content\/uploads\/2025\/03\/pablo-grillo.webp",610,406,false],"large":["https:\/\/infotep.com.ar\/wp-content\/uploads\/2025\/03\/pablo-grillo.webp",610,406,false],"1536x1536":["https:\/\/infotep.com.ar\/wp-content\/uploads\/2025\/03\/pablo-grillo.webp",610,406,false],"2048x2048":["https:\/\/infotep.com.ar\/wp-content\/uploads\/2025\/03\/pablo-grillo.webp",610,406,false],"blossom-feminine-slider":["https:\/\/infotep.com.ar\/wp-content\/uploads\/2025\/03\/pablo-grillo.webp",610,406,false],"blossom-feminine-featured":["https:\/\/infotep.com.ar\/wp-content\/uploads\/2025\/03\/pablo-grillo.webp",610,406,false],"blossom-feminine-with-sidebar":["https:\/\/infotep.com.ar\/wp-content\/uploads\/2025\/03\/pablo-grillo.webp",610,406,false],"blossom-feminine-blog":["https:\/\/infotep.com.ar\/wp-content\/uploads\/2025\/03\/pablo-grillo-435x406.webp",435,406,true],"blossom-feminine-cat":["https:\/\/infotep.com.ar\/wp-content\/uploads\/2025\/03\/pablo-grillo-450x300.webp",450,300,true],"blossom-feminine-related":["https:\/\/infotep.com.ar\/wp-content\/uploads\/2025\/03\/pablo-grillo-320x200.webp",320,200,true],"blossom-feminine-schema":["https:\/\/infotep.com.ar\/wp-content\/uploads\/2025\/03\/pablo-grillo-90x60.webp",90,60,true],"blossom-mommy-blog-slider-big":["https:\/\/infotep.com.ar\/wp-content\/uploads\/2025\/03\/pablo-grillo.webp",610,406,false],"blossom-mommy-blog-slider":["https:\/\/infotep.com.ar\/wp-content\/uploads\/2025\/03\/pablo-grillo-460x310.webp",460,310,true],"blossom-mommy-blog-two":["https:\/\/infotep.com.ar\/wp-content\/uploads\/2025\/03\/pablo-grillo.webp",610,406,false]},"author_info":{"info":["Angela Tobar"]},"category_info":"<a href=\"https:\/\/infotep.com.ar\/index.php\/category\/nacionales\/\" rel=\"category tag\">Nacionales<\/a>","tag_info":"Nacionales","comment_count":"0","_links":{"self":[{"href":"https:\/\/infotep.com.ar\/index.php\/wp-json\/wp\/v2\/posts\/26631"}],"collection":[{"href":"https:\/\/infotep.com.ar\/index.php\/wp-json\/wp\/v2\/posts"}],"about":[{"href":"https:\/\/infotep.com.ar\/index.php\/wp-json\/wp\/v2\/types\/post"}],"author":[{"embeddable":true,"href":"https:\/\/infotep.com.ar\/index.php\/wp-json\/wp\/v2\/users\/5"}],"replies":[{"embeddable":true,"href":"https:\/\/infotep.com.ar\/index.php\/wp-json\/wp\/v2\/comments?post=26631"}],"version-history":[{"count":1,"href":"https:\/\/infotep.com.ar\/index.php\/wp-json\/wp\/v2\/posts\/26631\/revisions"}],"predecessor-version":[{"id":26632,"href":"https:\/\/infotep.com.ar\/index.php\/wp-json\/wp\/v2\/posts\/26631\/revisions\/26632"}],"wp:featuredmedia":[{"embeddable":true,"href":"https:\/\/infotep.com.ar\/index.php\/wp-json\/wp\/v2\/media\/21657"}],"wp:attachment":[{"href":"https:\/\/infotep.com.ar\/index.php\/wp-json\/wp\/v2\/media?parent=26631"}],"wp:term":[{"taxonomy":"category","embeddable":true,"href":"https:\/\/infotep.com.ar\/index.php\/wp-json\/wp\/v2\/categories?post=26631"},{"taxonomy":"post_tag","embeddable":true,"href":"https:\/\/infotep.com.ar\/index.php\/wp-json\/wp\/v2\/tags?post=26631"}],"curies":[{"name":"wp","href":"https:\/\/api.w.org\/{rel}","templated":true}]}}