{"id":26633,"date":"2025-08-11T11:18:48","date_gmt":"2025-08-11T14:18:48","guid":{"rendered":"https:\/\/infotep.com.ar\/?p=26633"},"modified":"2025-08-11T11:18:49","modified_gmt":"2025-08-11T14:18:49","slug":"el-hospital-garrahan-en-pie-de-lucha-anuncio-un-nuevo-paro-para-este-miercoles","status":"publish","type":"post","link":"https:\/\/infotep.com.ar\/index.php\/2025\/08\/11\/el-hospital-garrahan-en-pie-de-lucha-anuncio-un-nuevo-paro-para-este-miercoles\/","title":{"rendered":"El Hospital Garrahan en pie de lucha, anunci\u00f3 un nuevo paro para este mi\u00e9rcoles"},"content":{"rendered":"\n<p>El cese de actividades ser\u00e1 por 24 horas y tambi\u00e9n habr\u00e1 una movilizaci\u00f3n y una asamblea para definir una nueva marcha hacia la Quinta de Olivos.<br><br><strong>El Hospital Garrahan volver\u00e1 a realizar un paro el pr\u00f3ximo mi\u00e9rcoles 13 en contra del recorte presupuestario del Gobierno Nacional y de los bajos salarios que perciben desde hace m\u00e1s de un a\u00f1o y medio.<\/strong><\/p>\n\n\n\n<p class=\"has-light-green-cyan-background-color has-background\">Los trabajadores de la Asociaci\u00f3n de Profesionales y T\u00e9cnicos (APyT) de la instituci\u00f3n confirmaron, tambi\u00e9n, que ese mismo d\u00eda, habr\u00e1 una movilizaci\u00f3n y una nueva asamblea \u201cpara definir\u201d si llevar\u00e1n a cabo \u201cuna caravana y un ruidazo a la Quinta Presidencial de Olivos&#8221;, bajo la consigna &#8220;que el presidente escuche al Garrahan&#8221;.<\/p>\n\n\n\n<p>&#8220;Estamos trabajando para organizar una gran acci\u00f3n federal para el 27 de agosto, con el objetivo de visibilizar, en todo el pa\u00eds, la situaci\u00f3n del Hospital Garrahan, la salud p\u00fablica, la universidad y el CONICET&#8221;, aseguraron.<\/p>\n\n\n\n<p>La semana pasada, la secretaria general de APyT, Norma Lezana, explic\u00f3 a Noticias Argentinas que las cifras del \u201cpresunto\u201d aumento de presupuesto que divulga el oficialismo son de \u201cgastos operativos y de funcionamiento log\u00edstico&#8221; de la instituci\u00f3n y no de salarios.<\/p>\n\n\n\n<p>En la misma l\u00ednea, apunt\u00f3 contra el diputado nacional de La Libertad Avanza (LLA) Jos\u00e9 Luis Espert, quien fue uno de los funcionarios que sostuvo que se les otorg\u00f3 un aumento: \u201cJam\u00e1s pis\u00f3 el hospital y no sabe de lo que habla. Por eso, sus declaraciones generan espanto y repulsi\u00f3n\u201d, manifest\u00f3 Lezana.<\/p>\n\n\n\n<p>Para finalizar, se\u00f1al\u00f3 que si el presidente Javier Milei propone a vetar la Ley de Emergencia Pedi\u00e1trica que se vot\u00f3 en el Congreso la semana pasada, \u201cse va a desatar un vendaval de repudio social\u201d: \u201cEstamos convencidos de eso por el nivel de solidaridad que recibimos y por la conciencia que tenemos en el hospital de lo que estamos defendiendo&#8221;, concluy\u00f3.<\/p>\n","protected":false},"excerpt":{"rendered":"<p>El cese de actividades ser&aacute; por 24 horas y tambi&eacute;n habr&aacute; una movilizaci&oacute;n y una asamblea para definir una nueva marcha hacia la Quinta de Olivos. El Hospital Garrahan volver&aacute; a realizar un paro el pr&oacute;ximo mi&eacute;rcoles 13 en contra del recorte presupuestario del Gobierno Nacional y de los bajos salarios que perciben desde hace &hellip; <\/p>\n","protected":false},"author":5,"featured_media":24343,"comment_status":"closed","ping_status":"closed","sticky":false,"template":"","format":"standard","meta":{"om_disable_all_campaigns":false,"_joinchat":[]},"categories":[7,3],"tags":[46,43,569],"featured_image_urls":{"full":["https:\/\/infotep.com.ar\/wp-content\/uploads\/2025\/06\/garrahan.webp",1154,720,false],"thumbnail":["https:\/\/infotep.com.ar\/wp-content\/uploads\/2025\/06\/garrahan-150x150.webp",150,150,true],"medium":["https:\/\/infotep.com.ar\/wp-content\/uploads\/2025\/06\/garrahan-300x187.webp",300,187,true],"medium_large":["https:\/\/infotep.com.ar\/wp-content\/uploads\/2025\/06\/garrahan-768x479.webp",768,479,true],"large":["https:\/\/infotep.com.ar\/wp-content\/uploads\/2025\/06\/garrahan-1024x639.webp",1020,637,true],"1536x1536":["https:\/\/infotep.com.ar\/wp-content\/uploads\/2025\/06\/garrahan.webp",1154,720,false],"2048x2048":["https:\/\/infotep.com.ar\/wp-content\/uploads\/2025\/06\/garrahan.webp",1154,720,false],"blossom-feminine-slider":["https:\/\/infotep.com.ar\/wp-content\/uploads\/2025\/06\/garrahan-1154x649.webp",1154,649,true],"blossom-feminine-featured":["https:\/\/infotep.com.ar\/wp-content\/uploads\/2025\/06\/garrahan-1154x600.webp",1154,600,true],"blossom-feminine-with-sidebar":["https:\/\/infotep.com.ar\/wp-content\/uploads\/2025\/06\/garrahan-1020x600.webp",1020,600,true],"blossom-feminine-blog":["https:\/\/infotep.com.ar\/wp-content\/uploads\/2025\/06\/garrahan-435x435.webp",435,435,true],"blossom-feminine-cat":["https:\/\/infotep.com.ar\/wp-content\/uploads\/2025\/06\/garrahan-450x300.webp",450,300,true],"blossom-feminine-related":["https:\/\/infotep.com.ar\/wp-content\/uploads\/2025\/06\/garrahan-320x200.webp",320,200,true],"blossom-feminine-schema":["https:\/\/infotep.com.ar\/wp-content\/uploads\/2025\/06\/garrahan-96x60.webp",96,60,true],"blossom-mommy-blog-slider-big":["https:\/\/infotep.com.ar\/wp-content\/uploads\/2025\/06\/garrahan-920x650.webp",920,650,true],"blossom-mommy-blog-slider":["https:\/\/infotep.com.ar\/wp-content\/uploads\/2025\/06\/garrahan-460x310.webp",460,310,true],"blossom-mommy-blog-two":["https:\/\/infotep.com.ar\/wp-content\/uploads\/2025\/06\/garrahan-768x480.webp",768,480,true]},"author_info":{"info":["Angela Tobar"]},"category_info":"<a href=\"https:\/\/infotep.com.ar\/index.php\/category\/gremios\/\" rel=\"category tag\">Gremios<\/a> <a href=\"https:\/\/infotep.com.ar\/index.php\/category\/nacionales\/\" rel=\"category tag\">Nacionales<\/a>","tag_info":"Nacionales","comment_count":"0","_links":{"self":[{"href":"https:\/\/infotep.com.ar\/index.php\/wp-json\/wp\/v2\/posts\/26633"}],"collection":[{"href":"https:\/\/infotep.com.ar\/index.php\/wp-json\/wp\/v2\/posts"}],"about":[{"href":"https:\/\/infotep.com.ar\/index.php\/wp-json\/wp\/v2\/types\/post"}],"author":[{"embeddable":true,"href":"https:\/\/infotep.com.ar\/index.php\/wp-json\/wp\/v2\/users\/5"}],"replies":[{"embeddable":true,"href":"https:\/\/infotep.com.ar\/index.php\/wp-json\/wp\/v2\/comments?post=26633"}],"version-history":[{"count":1,"href":"https:\/\/infotep.com.ar\/index.php\/wp-json\/wp\/v2\/posts\/26633\/revisions"}],"predecessor-version":[{"id":26634,"href":"https:\/\/infotep.com.ar\/index.php\/wp-json\/wp\/v2\/posts\/26633\/revisions\/26634"}],"wp:featuredmedia":[{"embeddable":true,"href":"https:\/\/infotep.com.ar\/index.php\/wp-json\/wp\/v2\/media\/24343"}],"wp:attachment":[{"href":"https:\/\/infotep.com.ar\/index.php\/wp-json\/wp\/v2\/media?parent=26633"}],"wp:term":[{"taxonomy":"category","embeddable":true,"href":"https:\/\/infotep.com.ar\/index.php\/wp-json\/wp\/v2\/categories?post=26633"},{"taxonomy":"post_tag","embeddable":true,"href":"https:\/\/infotep.com.ar\/index.php\/wp-json\/wp\/v2\/tags?post=26633"}],"curies":[{"name":"wp","href":"https:\/\/api.w.org\/{rel}","templated":true}]}}