{"id":26659,"date":"2025-08-11T05:15:00","date_gmt":"2025-08-11T08:15:00","guid":{"rendered":"https:\/\/infotep.com.ar\/?p=26659"},"modified":"2025-08-11T17:16:05","modified_gmt":"2025-08-11T20:16:05","slug":"programa-puentes-se-inauguro-la-ampliacion-del-centro-universitario-de-alberti","status":"publish","type":"post","link":"https:\/\/infotep.com.ar\/index.php\/2025\/08\/11\/programa-puentes-se-inauguro-la-ampliacion-del-centro-universitario-de-alberti\/","title":{"rendered":"Programa Puentes: se inaugur\u00f3 la ampliaci\u00f3n del Centro Universitario de Alberti"},"content":{"rendered":"\n<p>El ministro Carlos Bianco y el intendente Germ\u00e1n Lago encabezaron el acto en el que tambi\u00e9n se entregaron diplomas a graduados de una carrera dictada a trav\u00e9s de Puentes.<\/p>\n\n\n\n<p>\u201cNunca en la historia argentina un gobierno provincial se hab\u00eda comprometido tanto con la educaci\u00f3n superior\u201d, se\u00f1al\u00f3 el ministro de Gobierno de la Provincia de Buenos Aires, Carlos Bianco, durante el acto en el que se inaugur\u00f3 la ampliaci\u00f3n del Centro Universitario de Alberti, una obra que cont\u00f3 con financiamiento del programa Puentes. El funcionario provincial encabez\u00f3 la jornada junto al intendente local, Germ\u00e1n Lago.<\/p>\n\n\n\n<p>Con esta ampliaci\u00f3n, el centro que hab\u00eda sido puesto en funcionamiento en marzo de 2023 suma una nueva aula con una superficie de 65 metros cuadrados, que permitir\u00e1 ampliar su capacidad para recibir a m\u00e1s estudiantes. Asimismo, el financiamiento otorgado a trav\u00e9s de Puentes permiti\u00f3 incorporar equipamiento tecnol\u00f3gico multimedia, en tanto que el municipio de Alberti proporcion\u00f3 nuevo mobiliario para las aulas.<\/p>\n\n\n\n<p>En el marco del acto de inauguraci\u00f3n, el ministro Bianco expres\u00f3: \u201cEn los pueblos del interior hab\u00eda una demanda muy fuerte por estudiar, pero en general s\u00f3lo pod\u00edan hacerlo los hijos de las familias que tienen los recursos para mandarlos a las ciudades donde est\u00e1n las universidades, mientras que los de las familias trabajadoras no pod\u00edan. Esa demanda, de la que tom\u00f3 nota el gobernador Axel Kicillof, fue el puntapi\u00e9 inicial del programa Puentes, que lanzamos con el objetivo de igualar las oportunidades\u201d.<\/p>\n\n\n\n<p>Por su parte, el intendente Lago destac\u00f3 \u201cel acompa\u00f1amiento del Gobernador para que esta pol\u00edtica llegue a distritos como Alberti y permita estudiar carreras de nivel superior, as\u00ed como la posibilidad de seguir ampliando el Centro Universitario. Con esta nueva aula generamos m\u00e1s espacios para la formaci\u00f3n de nuestra comunidad\u201d.<\/p>\n\n\n\n<p>Durante la jornada, asimismo, se entregaron diplomas a las egresadas y egresados de la Diplomatura en Iniciaci\u00f3n a la Programaci\u00f3n y An\u00e1lisis de Datos, una carrera de la Universidad de Buenos Aires dictada en el municipio a trav\u00e9s de Puentes. En la entrega particip\u00f3 el decano de la Facultad de Ciencias Exactas y Naturales de la Universidad de Buenos Aires, Guillermo Dur\u00e1n.<\/p>\n\n\n\n<p>Tambi\u00e9n se hizo entrega al municipio de dos carros tecnol\u00f3gicos con diez netbooks del programa Conectar Igualdad Bonaerense y una pizarra digital a las escuelas secundarias N\u00b0 3 y N\u00b0 2 de Alberti. Esta entrega estuvo a cargo de la directora provincial de Educaci\u00f3n Superior de la Direcci\u00f3n General de Cultura y Educaci\u00f3n de la provincia, Marisa Gori.<\/p>\n\n\n\n<p>En el marco del programa Puentes se dictan en Alberti la Diplomatura Universitaria en Producci\u00f3n Agropecuaria (a cargo de la Universidad Nacional de San Antonio de Areco), la Tecnicatura Universitaria en Cuidado de Adultos Mayores (brindada por la Universidad Nacional de Quilmes) y la Licenciatura en Administraci\u00f3n Agraria (a cargo de la Universidad Nacional Arturo Jauretche en modalidad a distancia). A esta oferta se le sumar\u00e1 pr\u00f3ximamente la Diplomatura en Gobernanza Ambiental y Pr\u00e1cticas Ambientales Participativas (dictada por la Universidad Nacional de General Sarmiento).<\/p>\n\n\n\n<p>En el cierre de su alocuci\u00f3n, el ministro Bianco se\u00f1al\u00f3: \u201cLos salarios que m\u00e1s cayeron en Argentina son los de los docentes universitarios: perdieron un 40% por decisi\u00f3n del presidente Milei. Adem\u00e1s, en su gesti\u00f3n, el presupuesto de las universidades nacionales se redujo un 25%. En la provincia de Buenos Aires, en cambio, hay un Gobernador que se preocupa por la universidad p\u00fablica\u201d. \u201cLa forma de cambiar esto en democracia es a trav\u00e9s del ejercicio del voto. Hay un modelo que niega derechos y recorta fondos, y otro que trabaja por la universidad, por la ciencia, por el esfuerzo y el m\u00e9rito con igualdad de oportunidades. Nosotros vamos a seguir trabajando por una provincia con derechos y posibilidades para todas y todos\u201d, finaliz\u00f3 el funcionario bonaerense.<\/p>\n\n\n\n<p>Implementado por el Ministerio de Gobierno, el programa Puentes tiene como objetivo brindarles a las y los bonaerenses, a lo largo de todo el territorio provincial, la posibilidad de cursar carreras universitarias sin necesidad de abandonar sus lugares de origen. De esta manera, se apunta a que las personas puedan acceder a mejores oportunidades de crecimiento personal y contribuyan desde el conocimiento al desarrollo de sus comunidades. Desde su puesta en marcha en julio de 2022, la iniciativa lleva inaugurados 39 nuevos centros universitarios y cerca de 11.000 personas se han inscripto a sus ofertas de formaci\u00f3n, que alcanzan las 275 carreras en 80 municipios.<\/p>\n\n\n\n<p>Estuvieron presentes en la jornada el director provincial de Vinculaci\u00f3n con el Sistema Universitario y Cient\u00edfico y coordinador del programa Puentes, Juan Brardinelli, y autoridades universitarias y municipales.<\/p>\n","protected":false},"excerpt":{"rendered":"<p>El ministro Carlos Bianco y el intendente Germ&aacute;n Lago encabezaron el acto en el que tambi&eacute;n se entregaron diplomas a graduados de una carrera dictada a trav&eacute;s de Puentes. &ldquo;Nunca en la historia argentina un gobierno provincial se hab&iacute;a comprometido tanto con la educaci&oacute;n superior&rdquo;, se&ntilde;al&oacute; el ministro de Gobierno de la Provincia de Buenos &hellip; <\/p>\n","protected":false},"author":5,"featured_media":26660,"comment_status":"closed","ping_status":"closed","sticky":false,"template":"","format":"standard","meta":{"om_disable_all_campaigns":false,"_joinchat":[]},"categories":[4,6],"tags":[46,43,569],"featured_image_urls":{"full":["https:\/\/infotep.com.ar\/wp-content\/uploads\/2025\/08\/Screenshot_20250808_190951_WhatsApp.jpg",743,530,false],"thumbnail":["https:\/\/infotep.com.ar\/wp-content\/uploads\/2025\/08\/Screenshot_20250808_190951_WhatsApp-150x150.jpg",150,150,true],"medium":["https:\/\/infotep.com.ar\/wp-content\/uploads\/2025\/08\/Screenshot_20250808_190951_WhatsApp-300x214.jpg",300,214,true],"medium_large":["https:\/\/infotep.com.ar\/wp-content\/uploads\/2025\/08\/Screenshot_20250808_190951_WhatsApp.jpg",743,530,false],"large":["https:\/\/infotep.com.ar\/wp-content\/uploads\/2025\/08\/Screenshot_20250808_190951_WhatsApp.jpg",743,530,false],"1536x1536":["https:\/\/infotep.com.ar\/wp-content\/uploads\/2025\/08\/Screenshot_20250808_190951_WhatsApp.jpg",743,530,false],"2048x2048":["https:\/\/infotep.com.ar\/wp-content\/uploads\/2025\/08\/Screenshot_20250808_190951_WhatsApp.jpg",743,530,false],"blossom-feminine-slider":["https:\/\/infotep.com.ar\/wp-content\/uploads\/2025\/08\/Screenshot_20250808_190951_WhatsApp.jpg",743,530,false],"blossom-feminine-featured":["https:\/\/infotep.com.ar\/wp-content\/uploads\/2025\/08\/Screenshot_20250808_190951_WhatsApp.jpg",743,530,false],"blossom-feminine-with-sidebar":["https:\/\/infotep.com.ar\/wp-content\/uploads\/2025\/08\/Screenshot_20250808_190951_WhatsApp.jpg",743,530,false],"blossom-feminine-blog":["https:\/\/infotep.com.ar\/wp-content\/uploads\/2025\/08\/Screenshot_20250808_190951_WhatsApp-435x435.jpg",435,435,true],"blossom-feminine-cat":["https:\/\/infotep.com.ar\/wp-content\/uploads\/2025\/08\/Screenshot_20250808_190951_WhatsApp-450x300.jpg",450,300,true],"blossom-feminine-related":["https:\/\/infotep.com.ar\/wp-content\/uploads\/2025\/08\/Screenshot_20250808_190951_WhatsApp-320x200.jpg",320,200,true],"blossom-feminine-schema":["https:\/\/infotep.com.ar\/wp-content\/uploads\/2025\/08\/Screenshot_20250808_190951_WhatsApp-84x60.jpg",84,60,true],"blossom-mommy-blog-slider-big":["https:\/\/infotep.com.ar\/wp-content\/uploads\/2025\/08\/Screenshot_20250808_190951_WhatsApp.jpg",743,530,false],"blossom-mommy-blog-slider":["https:\/\/infotep.com.ar\/wp-content\/uploads\/2025\/08\/Screenshot_20250808_190951_WhatsApp-460x310.jpg",460,310,true],"blossom-mommy-blog-two":["https:\/\/infotep.com.ar\/wp-content\/uploads\/2025\/08\/Screenshot_20250808_190951_WhatsApp-743x480.jpg",743,480,true]},"author_info":{"info":["Angela Tobar"]},"category_info":"<a href=\"https:\/\/infotep.com.ar\/index.php\/category\/provinciales\/\" rel=\"category tag\">Provinciales<\/a> <a href=\"https:\/\/infotep.com.ar\/index.php\/category\/universitarias\/\" rel=\"category tag\">Universitarias<\/a>","tag_info":"Universitarias","comment_count":"0","_links":{"self":[{"href":"https:\/\/infotep.com.ar\/index.php\/wp-json\/wp\/v2\/posts\/26659"}],"collection":[{"href":"https:\/\/infotep.com.ar\/index.php\/wp-json\/wp\/v2\/posts"}],"about":[{"href":"https:\/\/infotep.com.ar\/index.php\/wp-json\/wp\/v2\/types\/post"}],"author":[{"embeddable":true,"href":"https:\/\/infotep.com.ar\/index.php\/wp-json\/wp\/v2\/users\/5"}],"replies":[{"embeddable":true,"href":"https:\/\/infotep.com.ar\/index.php\/wp-json\/wp\/v2\/comments?post=26659"}],"version-history":[{"count":1,"href":"https:\/\/infotep.com.ar\/index.php\/wp-json\/wp\/v2\/posts\/26659\/revisions"}],"predecessor-version":[{"id":26661,"href":"https:\/\/infotep.com.ar\/index.php\/wp-json\/wp\/v2\/posts\/26659\/revisions\/26661"}],"wp:featuredmedia":[{"embeddable":true,"href":"https:\/\/infotep.com.ar\/index.php\/wp-json\/wp\/v2\/media\/26660"}],"wp:attachment":[{"href":"https:\/\/infotep.com.ar\/index.php\/wp-json\/wp\/v2\/media?parent=26659"}],"wp:term":[{"taxonomy":"category","embeddable":true,"href":"https:\/\/infotep.com.ar\/index.php\/wp-json\/wp\/v2\/categories?post=26659"},{"taxonomy":"post_tag","embeddable":true,"href":"https:\/\/infotep.com.ar\/index.php\/wp-json\/wp\/v2\/tags?post=26659"}],"curies":[{"name":"wp","href":"https:\/\/api.w.org\/{rel}","templated":true}]}}