{"id":26662,"date":"2025-08-11T05:17:00","date_gmt":"2025-08-11T08:17:00","guid":{"rendered":"https:\/\/infotep.com.ar\/?p=26662"},"modified":"2025-08-11T17:19:44","modified_gmt":"2025-08-11T20:19:44","slug":"kicillof-y-menendez-inauguraron-obras-en-merlo","status":"publish","type":"post","link":"https:\/\/infotep.com.ar\/index.php\/2025\/08\/11\/kicillof-y-menendez-inauguraron-obras-en-merlo\/","title":{"rendered":"Kicillof y Men\u00e9ndez inauguraron obras en Merlo"},"content":{"rendered":"\n<p>El Intendente Gustavo Men\u00e9ndez recibi\u00f3 en Merlo al Gobernador de la Provincia de Buenos Aires, Axel Kicillof. Las autoridades entregaron patrulleros y motos a la Polic\u00eda para fortalecer la seguridad en el distrito e inauguraron obras de ampliaci\u00f3n en la Escuela Secundaria N\u00b0 50 de Mariano Acosta.<\/p>\n\n\n\n<p><strong>Los mandatarios encabezaron el acto de inauguraci\u00f3n de dos nuevas aulas para los estudiantes de la Secundaria N\u00ba 50 y una para los alumnos de la Escuela de Educaci\u00f3n Primaria N\u00b040, que funciona en la planta baja del establecimiento.<\/strong><\/p>\n\n\n\n<p><strong>El jefe comunal<\/strong> sostuvo: \u201cEstamos muy emocionados por ver el progreso de una comunidad educativa que, a pesar de todas las adversidades, se mantiene unida para abrir puertas y construir un futuro con m\u00e1s desarrollo y esperanza\u201d.<\/p>\n\n\n\n<p>\u201cContamos con el apoyo de una Provincia que se hace cargo de las obras, las termina y trabaja todos los d\u00edas para garantizar los derechos de los vecinos y vecinas\u201d, manifest\u00f3 Men\u00e9ndez.<\/p>\n\n\n\n<p>Por su parte, <strong>el Gobernador Kicillof<\/strong> expres\u00f3 \u201cEl Gobierno Provincial trabaja para que en Merlo y en cada uno de los distritos haya mejores escuelas, rutas, cloacas, y para que cada vecino sienta que, a pesar del ataque feroz del gobierno nacional, tiene una Provincia que no baja los brazos y los acompa\u00f1a\u201d.<\/p>\n\n\n\n<p class=\"has-light-green-cyan-background-color has-background\">En este contexto, las autoridades, junto al Ministro de Seguridad, Javier Alonso, entregaron dos patrulleros y 10 motos nuevas para fortalecer la seguridad en el distrito, acompa\u00f1ados por los 62 nuevos agentes que se incorporan a las fuerzas de seguridad.<\/p>\n\n\n\n<p>\u201cLa seguridad es una problem\u00e1tica muy compleja. No es una tarea f\u00e1cil, pero el Gobierno Provincial y los municipios estamos cerca de la gente para asistirla. Si nos unimos, vamos a sacar a la gente adelante\u201d, indic\u00f3 el Intendente de Merlo.<\/p>\n\n\n\n<p>\u201cEntregamos veh\u00edculos para la seguridad, recibimos nuevos agentes. Fue un trabajo muy intenso. Todo esto es el resultado del trabajo entre Municipio y Provincia, porque el Estado Nacional est\u00e1 ausente. Y tenemos un intendente como Gustavo Men\u00e9ndez que ataja los problemas que nos genera el Gobierno Nacional\u201d, remarc\u00f3 por su parte el Gobernador Kicillof.<\/p>\n\n\n\n<p>Participaron del acto el ministro de Infraestructura y Servicios P\u00fablicos, Gabriel Katopodis; el director general de Cultura y Educaci\u00f3n, Alberto Sileoni; Karina Men\u00e9ndez; la Secretaria de Cultura, Educaci\u00f3n, Deportes y Recreaci\u00f3n, Silvana Zahana; los subsecretarios provinciales de Educaci\u00f3n, Pablo Urquiza; y de Articulaci\u00f3n Institucional para la Seguridad, Eduardo Aparicio y el Secretario de Desarrollo e Integraci\u00f3n Social y candidato a concejal, Lucas Scarcella.<\/p>\n\n\n\n<p>Scarcella finalmente expres\u00f3 que \u201cToda la comunidad educativa est\u00e1 muy feliz, se necesitaba ampliar la escuela debido a la cantidad de demanda que hay de matr\u00edcula, y tambi\u00e9n brindamos respuestas ante otra demanda que tienen los vecinos de Merlo, como de todo el conurbano y de la Provincia, es que se invierta en seguridad, y hoy lo que estamos viendo materializado\u201d.<\/p>\n","protected":false},"excerpt":{"rendered":"<p>El Intendente Gustavo Men&eacute;ndez recibi&oacute; en Merlo al Gobernador de la Provincia de Buenos Aires, Axel Kicillof. Las autoridades entregaron patrulleros y motos a la Polic&iacute;a para fortalecer la seguridad en el distrito e inauguraron obras de ampliaci&oacute;n en la Escuela Secundaria N&deg; 50 de Mariano Acosta. Los mandatarios encabezaron el acto de inauguraci&oacute;n de &hellip; <\/p>\n","protected":false},"author":5,"featured_media":26663,"comment_status":"closed","ping_status":"closed","sticky":false,"template":"","format":"standard","meta":{"om_disable_all_campaigns":false,"_joinchat":[]},"categories":[10],"tags":[46,43,569],"featured_image_urls":{"full":["https:\/\/infotep.com.ar\/wp-content\/uploads\/2025\/08\/Menendez-y-Kicillof-inauguraron-obras-y-refuerzan-la-seguridad-en-Merlo-9.jpg",1025,768,false],"thumbnail":["https:\/\/infotep.com.ar\/wp-content\/uploads\/2025\/08\/Menendez-y-Kicillof-inauguraron-obras-y-refuerzan-la-seguridad-en-Merlo-9-150x150.jpg",150,150,true],"medium":["https:\/\/infotep.com.ar\/wp-content\/uploads\/2025\/08\/Menendez-y-Kicillof-inauguraron-obras-y-refuerzan-la-seguridad-en-Merlo-9-300x225.jpg",300,225,true],"medium_large":["https:\/\/infotep.com.ar\/wp-content\/uploads\/2025\/08\/Menendez-y-Kicillof-inauguraron-obras-y-refuerzan-la-seguridad-en-Merlo-9-768x575.jpg",768,575,true],"large":["https:\/\/infotep.com.ar\/wp-content\/uploads\/2025\/08\/Menendez-y-Kicillof-inauguraron-obras-y-refuerzan-la-seguridad-en-Merlo-9.jpg",1020,764,false],"1536x1536":["https:\/\/infotep.com.ar\/wp-content\/uploads\/2025\/08\/Menendez-y-Kicillof-inauguraron-obras-y-refuerzan-la-seguridad-en-Merlo-9.jpg",1025,768,false],"2048x2048":["https:\/\/infotep.com.ar\/wp-content\/uploads\/2025\/08\/Menendez-y-Kicillof-inauguraron-obras-y-refuerzan-la-seguridad-en-Merlo-9.jpg",1025,768,false],"blossom-feminine-slider":["https:\/\/infotep.com.ar\/wp-content\/uploads\/2025\/08\/Menendez-y-Kicillof-inauguraron-obras-y-refuerzan-la-seguridad-en-Merlo-9-1025x649.jpg",1025,649,true],"blossom-feminine-featured":["https:\/\/infotep.com.ar\/wp-content\/uploads\/2025\/08\/Menendez-y-Kicillof-inauguraron-obras-y-refuerzan-la-seguridad-en-Merlo-9-1025x600.jpg",1025,600,true],"blossom-feminine-with-sidebar":["https:\/\/infotep.com.ar\/wp-content\/uploads\/2025\/08\/Menendez-y-Kicillof-inauguraron-obras-y-refuerzan-la-seguridad-en-Merlo-9-1020x600.jpg",1020,600,true],"blossom-feminine-blog":["https:\/\/infotep.com.ar\/wp-content\/uploads\/2025\/08\/Menendez-y-Kicillof-inauguraron-obras-y-refuerzan-la-seguridad-en-Merlo-9-435x435.jpg",435,435,true],"blossom-feminine-cat":["https:\/\/infotep.com.ar\/wp-content\/uploads\/2025\/08\/Menendez-y-Kicillof-inauguraron-obras-y-refuerzan-la-seguridad-en-Merlo-9-450x300.jpg",450,300,true],"blossom-feminine-related":["https:\/\/infotep.com.ar\/wp-content\/uploads\/2025\/08\/Menendez-y-Kicillof-inauguraron-obras-y-refuerzan-la-seguridad-en-Merlo-9-320x200.jpg",320,200,true],"blossom-feminine-schema":["https:\/\/infotep.com.ar\/wp-content\/uploads\/2025\/08\/Menendez-y-Kicillof-inauguraron-obras-y-refuerzan-la-seguridad-en-Merlo-9-80x60.jpg",80,60,true],"blossom-mommy-blog-slider-big":["https:\/\/infotep.com.ar\/wp-content\/uploads\/2025\/08\/Menendez-y-Kicillof-inauguraron-obras-y-refuerzan-la-seguridad-en-Merlo-9-920x650.jpg",920,650,true],"blossom-mommy-blog-slider":["https:\/\/infotep.com.ar\/wp-content\/uploads\/2025\/08\/Menendez-y-Kicillof-inauguraron-obras-y-refuerzan-la-seguridad-en-Merlo-9-460x310.jpg",460,310,true],"blossom-mommy-blog-two":["https:\/\/infotep.com.ar\/wp-content\/uploads\/2025\/08\/Menendez-y-Kicillof-inauguraron-obras-y-refuerzan-la-seguridad-en-Merlo-9-768x480.jpg",768,480,true]},"author_info":{"info":["Angela Tobar"]},"category_info":"<a href=\"https:\/\/infotep.com.ar\/index.php\/category\/municipales\/merlo\/\" rel=\"category tag\">Merlo<\/a>","tag_info":"Merlo","comment_count":"0","_links":{"self":[{"href":"https:\/\/infotep.com.ar\/index.php\/wp-json\/wp\/v2\/posts\/26662"}],"collection":[{"href":"https:\/\/infotep.com.ar\/index.php\/wp-json\/wp\/v2\/posts"}],"about":[{"href":"https:\/\/infotep.com.ar\/index.php\/wp-json\/wp\/v2\/types\/post"}],"author":[{"embeddable":true,"href":"https:\/\/infotep.com.ar\/index.php\/wp-json\/wp\/v2\/users\/5"}],"replies":[{"embeddable":true,"href":"https:\/\/infotep.com.ar\/index.php\/wp-json\/wp\/v2\/comments?post=26662"}],"version-history":[{"count":1,"href":"https:\/\/infotep.com.ar\/index.php\/wp-json\/wp\/v2\/posts\/26662\/revisions"}],"predecessor-version":[{"id":26664,"href":"https:\/\/infotep.com.ar\/index.php\/wp-json\/wp\/v2\/posts\/26662\/revisions\/26664"}],"wp:featuredmedia":[{"embeddable":true,"href":"https:\/\/infotep.com.ar\/index.php\/wp-json\/wp\/v2\/media\/26663"}],"wp:attachment":[{"href":"https:\/\/infotep.com.ar\/index.php\/wp-json\/wp\/v2\/media?parent=26662"}],"wp:term":[{"taxonomy":"category","embeddable":true,"href":"https:\/\/infotep.com.ar\/index.php\/wp-json\/wp\/v2\/categories?post=26662"},{"taxonomy":"post_tag","embeddable":true,"href":"https:\/\/infotep.com.ar\/index.php\/wp-json\/wp\/v2\/tags?post=26662"}],"curies":[{"name":"wp","href":"https:\/\/api.w.org\/{rel}","templated":true}]}}