{"id":26757,"date":"2025-08-15T11:45:25","date_gmt":"2025-08-15T14:45:25","guid":{"rendered":"https:\/\/infotep.com.ar\/?p=26757"},"modified":"2025-08-15T11:45:26","modified_gmt":"2025-08-15T14:45:26","slug":"javier-milei-lanzo-la-campana-en-provincia-con-duros-insultos-y-un-discurso-lleno-de-violencia","status":"publish","type":"post","link":"https:\/\/infotep.com.ar\/index.php\/2025\/08\/15\/javier-milei-lanzo-la-campana-en-provincia-con-duros-insultos-y-un-discurso-lleno-de-violencia\/","title":{"rendered":"Javier Milei lanz\u00f3 la campa\u00f1a en Provincia con duros insultos y un discurso lleno de violencia"},"content":{"rendered":"\n<p>El presidente Javier Milei afirm\u00f3 ayer que el kirchnerismo \u201cha convertido la provincia de Buenos Aires en una verg\u00fcenza nacional\u201d, y emiti\u00f3 una lista de insultos y conceptos violentos al polarizar con el gobernador Axel Kicillof en el lanzamiento de la campa\u00f1a de La Libertad Avanza (LLA).<\/p>\n\n\n\n<p>El distrito \u201cdeber\u00eda ser punta de lanza de la riqueza nacional pero fue transformada en un reducto de atraso\u201d, dijo Milei al cerrar el acto que LLA realiz\u00f3 en el club Atenas de la ciudad de La Plata.<\/p>\n\n\n\n<p>El mandatario llam\u00f3 a \u201cponerle un freno\u201d al gobernador bonaerense, Axel Kicillof, y al \u201cmaldito kirchnerismo\u201d, y calific\u00f3 al gobernador como \u201ccomunista enano\u201d.<\/p>\n\n\n\n<p>Asimismo, cuestion\u00f3 la decisi\u00f3n de Kicillof de haber desdoblado la elecci\u00f3n para el 7 de septiembre, al se\u00f1alar que \u201cquieren que los bonaerenses de bien se queden en la casa, para que solo vayan a votar sus \u00f1oquis y la elecci\u00f3n la decida el aparato\u201d.<\/p>\n","protected":false},"excerpt":{"rendered":"<p>El presidente Javier Milei afirm&oacute; ayer que el kirchnerismo &ldquo;ha convertido la provincia de Buenos Aires en una verg&uuml;enza nacional&rdquo;, y emiti&oacute; una lista de insultos y conceptos violentos al polarizar con el gobernador Axel Kicillof en el lanzamiento de la campa&ntilde;a de La Libertad Avanza (LLA). El distrito &ldquo;deber&iacute;a ser punta de lanza de &hellip; <\/p>\n","protected":false},"author":5,"featured_media":20884,"comment_status":"closed","ping_status":"closed","sticky":false,"template":"","format":"standard","meta":{"om_disable_all_campaigns":false,"_joinchat":[]},"categories":[3],"tags":[46,43,569],"featured_image_urls":{"full":["https:\/\/infotep.com.ar\/wp-content\/uploads\/2025\/02\/milei.webp",555,360,false],"thumbnail":["https:\/\/infotep.com.ar\/wp-content\/uploads\/2025\/02\/milei-150x150.webp",150,150,true],"medium":["https:\/\/infotep.com.ar\/wp-content\/uploads\/2025\/02\/milei-300x195.webp",300,195,true],"medium_large":["https:\/\/infotep.com.ar\/wp-content\/uploads\/2025\/02\/milei.webp",555,360,false],"large":["https:\/\/infotep.com.ar\/wp-content\/uploads\/2025\/02\/milei.webp",555,360,false],"1536x1536":["https:\/\/infotep.com.ar\/wp-content\/uploads\/2025\/02\/milei.webp",555,360,false],"2048x2048":["https:\/\/infotep.com.ar\/wp-content\/uploads\/2025\/02\/milei.webp",555,360,false],"blossom-feminine-slider":["https:\/\/infotep.com.ar\/wp-content\/uploads\/2025\/02\/milei.webp",555,360,false],"blossom-feminine-featured":["https:\/\/infotep.com.ar\/wp-content\/uploads\/2025\/02\/milei.webp",555,360,false],"blossom-feminine-with-sidebar":["https:\/\/infotep.com.ar\/wp-content\/uploads\/2025\/02\/milei.webp",555,360,false],"blossom-feminine-blog":["https:\/\/infotep.com.ar\/wp-content\/uploads\/2025\/02\/milei-435x360.webp",435,360,true],"blossom-feminine-cat":["https:\/\/infotep.com.ar\/wp-content\/uploads\/2025\/02\/milei-450x300.webp",450,300,true],"blossom-feminine-related":["https:\/\/infotep.com.ar\/wp-content\/uploads\/2025\/02\/milei-320x200.webp",320,200,true],"blossom-feminine-schema":["https:\/\/infotep.com.ar\/wp-content\/uploads\/2025\/02\/milei-93x60.webp",93,60,true],"blossom-mommy-blog-slider-big":["https:\/\/infotep.com.ar\/wp-content\/uploads\/2025\/02\/milei.webp",555,360,false],"blossom-mommy-blog-slider":["https:\/\/infotep.com.ar\/wp-content\/uploads\/2025\/02\/milei-460x310.webp",460,310,true],"blossom-mommy-blog-two":["https:\/\/infotep.com.ar\/wp-content\/uploads\/2025\/02\/milei.webp",555,360,false]},"author_info":{"info":["Angela Tobar"]},"category_info":"<a href=\"https:\/\/infotep.com.ar\/index.php\/category\/nacionales\/\" rel=\"category tag\">Nacionales<\/a>","tag_info":"Nacionales","comment_count":"0","_links":{"self":[{"href":"https:\/\/infotep.com.ar\/index.php\/wp-json\/wp\/v2\/posts\/26757"}],"collection":[{"href":"https:\/\/infotep.com.ar\/index.php\/wp-json\/wp\/v2\/posts"}],"about":[{"href":"https:\/\/infotep.com.ar\/index.php\/wp-json\/wp\/v2\/types\/post"}],"author":[{"embeddable":true,"href":"https:\/\/infotep.com.ar\/index.php\/wp-json\/wp\/v2\/users\/5"}],"replies":[{"embeddable":true,"href":"https:\/\/infotep.com.ar\/index.php\/wp-json\/wp\/v2\/comments?post=26757"}],"version-history":[{"count":1,"href":"https:\/\/infotep.com.ar\/index.php\/wp-json\/wp\/v2\/posts\/26757\/revisions"}],"predecessor-version":[{"id":26758,"href":"https:\/\/infotep.com.ar\/index.php\/wp-json\/wp\/v2\/posts\/26757\/revisions\/26758"}],"wp:featuredmedia":[{"embeddable":true,"href":"https:\/\/infotep.com.ar\/index.php\/wp-json\/wp\/v2\/media\/20884"}],"wp:attachment":[{"href":"https:\/\/infotep.com.ar\/index.php\/wp-json\/wp\/v2\/media?parent=26757"}],"wp:term":[{"taxonomy":"category","embeddable":true,"href":"https:\/\/infotep.com.ar\/index.php\/wp-json\/wp\/v2\/categories?post=26757"},{"taxonomy":"post_tag","embeddable":true,"href":"https:\/\/infotep.com.ar\/index.php\/wp-json\/wp\/v2\/tags?post=26757"}],"curies":[{"name":"wp","href":"https:\/\/api.w.org\/{rel}","templated":true}]}}