{"id":26763,"date":"2025-08-15T19:45:03","date_gmt":"2025-08-15T22:45:03","guid":{"rendered":"https:\/\/infotep.com.ar\/?p=26763"},"modified":"2025-08-15T19:45:04","modified_gmt":"2025-08-15T22:45:04","slug":"bianco-vamos-a-seguir-con-puentes-para-que-miles-de-personas-puedan-estudiar","status":"publish","type":"post","link":"https:\/\/infotep.com.ar\/index.php\/2025\/08\/15\/bianco-vamos-a-seguir-con-puentes-para-que-miles-de-personas-puedan-estudiar\/","title":{"rendered":"Bianco: \u201cVamos a seguir con Puentes para que miles de personas puedan estudiar&#8221;"},"content":{"rendered":"\n<p>El Ministro de Gobierno y el intendente Ricardo Moccero pusieron en funcionamiento un nuevo espacio destinado a biblioteca y \u00e1rea de inform\u00e1tica y entregaron una ambulancia para el sistema de salud del municipio.<br><br>\u201cVamos a seguir con el programa Puentes para que haya miles de personas en toda la provincia que puedan acceder a estudiar en la universidad y formarse\u201d, afirm\u00f3 hoy el ministro de Gobierno de la Provincia de Buenos Aires, Carlos Bianco. Fue en un acto en el que junto al intendente Ricardo Moccero inauguraron, en el Centro Regional Universitario de Coronel Su\u00e1rez (CREUS), un nuevo sector destinado a la biblioteca y el \u00e1rea de inform\u00e1tica.<\/p>\n\n\n\n<p>La obra de ampliaci\u00f3n, financiada a trav\u00e9s de Puentes, le suma al CREUS una superficie cubierta de 125 metros cuadrados (distribuidos entre planta baja y planta alta) e incluy\u00f3, adem\u00e1s, la realizaci\u00f3n de terminaciones y la compra de equipos de calefacci\u00f3n y refrigeraci\u00f3n, tendido el\u00e9ctrico e iluminaci\u00f3n, que dotan al edificio de m\u00e1s funcionalidad y nuevas comodidades para la comunidad educativa. En agosto de 2024 se hab\u00eda inaugurado tambi\u00e9n un sector de aulas nuevas con una superficie aproximada de 500 metros cuadrados.<\/p>\n\n\n\n<p>En el marco de la inauguraci\u00f3n, el ministro Bianco afirm\u00f3: \u201cEl gobernador Axel Kicillof estableci\u00f3 una serie de pol\u00edticas espec\u00edficas destinadas a los municipios del interior de la provincia. Una de ellas es Puentes, que hoy nos permite estar dando clases en 80 municipios en los que antes no se pod\u00edan estudiar carreras universitarias. La universidad p\u00fablica significa que las sociedades puedan contar con m\u00e1s profesionales dedicados a solucionar las necesidades de la poblaci\u00f3n\u201d.<\/p>\n\n\n\n<p>Por su parte, el intendente Moccero se\u00f1al\u00f3: \u201cEn Coronel Su\u00e1rez tomamos una decisi\u00f3n hist\u00f3rica: invertir en el CREUS para que nuestros j\u00f3venes puedan formarse en su ciudad, sin desarraigo, con carreras universitarias de calidad y r\u00e1pida inserci\u00f3n laboral. Lo que comenz\u00f3 en un espacio alquilado, hoy es un edificio propio que so\u00f1amos convertir en universidad nacional. Gracias al trabajo conjunto de la Provincia, el municipio y toda la comunidad, ya contamos con m\u00e1s de 400 estudiantes y m\u00e1s de 150 graduados que se desempe\u00f1an en empresas locales. Este es el camino: apostar a la educaci\u00f3n como motor de desarrollo y oportunidades para todos\u201d.<\/p>\n\n\n\n<p>Actualmente se dictan en Coronel Su\u00e1rez a trav\u00e9s del programa Puentes cinco carreras: el ciclo de Licenciatura en Enfermer\u00eda (Universidad Nacional del Sur), la Diplomatura en mediaci\u00f3n cultural: literatura, artes esc\u00e9nicas, visuales y audiovisuales (Universidad Nacional de General Sarmiento), la Tecnicatura en Programaci\u00f3n (Universidad Nacional de Lomas de Zamora), la Tecnicatura Universitaria en Bromatolog\u00eda y Medioambiente (Universidad Tecnol\u00f3gica Nacional) y la Tecnicatura Universitaria en Operaci\u00f3n y Mantenimiento de Redes El\u00e9ctricas (Universidad Tecnol\u00f3gica Nacional).<\/p>\n\n\n\n<p>Como parte de la actividad, asimismo, las autoridades entregaron una ambulancia enviada por el Ministerio de Salud de la Provincia para seguir fortaleciendo el sistema de sanitario en el municipio. Al respecto, el ministro Bianco se\u00f1al\u00f3: \u201cNuestro gobierno lleva entregadas 388 ambulancias en todos los municipios de la provincia, cada una de ellas altamente equipada. Nos hubiese gustado entregar m\u00e1s, pero Gobierno nacional nos recort\u00f3 12 billones de pesos\u201d.<\/p>\n\n\n\n<p>\u201cEl presidente Milei dice que la universidad es un \u2018curro\u2019 y que no hay que hacer obra p\u00fablica. Nosotros, en cambio, en el Gobierno de la Provincia construimos centros universitarios, brindamos carreras, entregamos ambulancias, hacemos obra p\u00fablica. Nuestro deber como funcionarios es no darles la espalda a las necesidades de las y los bonaerenses y trabajar para generar m\u00e1s oportunidades y mejores condiciones de vida para todas y todos\u201d, concluy\u00f3 Bianco.<\/p>\n\n\n\n<p>Desde su puesta en marcha en 2022, el programa Puentes lleva inaugurados 42 nuevos centros universitarios en distintos municipios de la provincia y brinda la posibilidad de cursar carreras universitarias en 80 distritos. Cerca de 11.000 personas se han inscripto en sus propuestas de formaci\u00f3n, que incluyen 275 carreas.<\/p>\n\n\n\n<p>En la actividad tambi\u00e9n participaron el subsecretario de Educaci\u00f3n de la Provincia de Buenos Aires, Pablo Urquiza, la rectora de la Universidad Provincial del Sudoeste, Andrea Savoretti, el director provincial de Vinculaci\u00f3n con el Sistema Universitario y Cient\u00edfico y coordinador del programa Puentes, Juan Brardinelli, la referente regional Marisol Merquel y autoridades locales.<\/p>\n","protected":false},"excerpt":{"rendered":"<p>El Ministro de Gobierno y el intendente Ricardo Moccero pusieron en funcionamiento un nuevo espacio destinado a biblioteca y &aacute;rea de inform&aacute;tica y entregaron una ambulancia para el sistema de salud del municipio. &ldquo;Vamos a seguir con el programa Puentes para que haya miles de personas en toda la provincia que puedan acceder a estudiar &hellip; <\/p>\n","protected":false},"author":5,"featured_media":26764,"comment_status":"closed","ping_status":"closed","sticky":false,"template":"","format":"standard","meta":{"om_disable_all_campaigns":false,"_joinchat":[]},"categories":[4],"tags":[46,43,569],"featured_image_urls":{"full":["https:\/\/infotep.com.ar\/wp-content\/uploads\/2025\/08\/foto1_21.jpeg",743,530,false],"thumbnail":["https:\/\/infotep.com.ar\/wp-content\/uploads\/2025\/08\/foto1_21-150x150.jpeg",150,150,true],"medium":["https:\/\/infotep.com.ar\/wp-content\/uploads\/2025\/08\/foto1_21-300x214.jpeg",300,214,true],"medium_large":["https:\/\/infotep.com.ar\/wp-content\/uploads\/2025\/08\/foto1_21.jpeg",743,530,false],"large":["https:\/\/infotep.com.ar\/wp-content\/uploads\/2025\/08\/foto1_21.jpeg",743,530,false],"1536x1536":["https:\/\/infotep.com.ar\/wp-content\/uploads\/2025\/08\/foto1_21.jpeg",743,530,false],"2048x2048":["https:\/\/infotep.com.ar\/wp-content\/uploads\/2025\/08\/foto1_21.jpeg",743,530,false],"blossom-feminine-slider":["https:\/\/infotep.com.ar\/wp-content\/uploads\/2025\/08\/foto1_21.jpeg",743,530,false],"blossom-feminine-featured":["https:\/\/infotep.com.ar\/wp-content\/uploads\/2025\/08\/foto1_21.jpeg",743,530,false],"blossom-feminine-with-sidebar":["https:\/\/infotep.com.ar\/wp-content\/uploads\/2025\/08\/foto1_21.jpeg",743,530,false],"blossom-feminine-blog":["https:\/\/infotep.com.ar\/wp-content\/uploads\/2025\/08\/foto1_21-435x435.jpeg",435,435,true],"blossom-feminine-cat":["https:\/\/infotep.com.ar\/wp-content\/uploads\/2025\/08\/foto1_21-450x300.jpeg",450,300,true],"blossom-feminine-related":["https:\/\/infotep.com.ar\/wp-content\/uploads\/2025\/08\/foto1_21-320x200.jpeg",320,200,true],"blossom-feminine-schema":["https:\/\/infotep.com.ar\/wp-content\/uploads\/2025\/08\/foto1_21-84x60.jpeg",84,60,true],"blossom-mommy-blog-slider-big":["https:\/\/infotep.com.ar\/wp-content\/uploads\/2025\/08\/foto1_21.jpeg",743,530,false],"blossom-mommy-blog-slider":["https:\/\/infotep.com.ar\/wp-content\/uploads\/2025\/08\/foto1_21-460x310.jpeg",460,310,true],"blossom-mommy-blog-two":["https:\/\/infotep.com.ar\/wp-content\/uploads\/2025\/08\/foto1_21-743x480.jpeg",743,480,true]},"author_info":{"info":["Angela Tobar"]},"category_info":"<a href=\"https:\/\/infotep.com.ar\/index.php\/category\/provinciales\/\" rel=\"category tag\">Provinciales<\/a>","tag_info":"Provinciales","comment_count":"0","_links":{"self":[{"href":"https:\/\/infotep.com.ar\/index.php\/wp-json\/wp\/v2\/posts\/26763"}],"collection":[{"href":"https:\/\/infotep.com.ar\/index.php\/wp-json\/wp\/v2\/posts"}],"about":[{"href":"https:\/\/infotep.com.ar\/index.php\/wp-json\/wp\/v2\/types\/post"}],"author":[{"embeddable":true,"href":"https:\/\/infotep.com.ar\/index.php\/wp-json\/wp\/v2\/users\/5"}],"replies":[{"embeddable":true,"href":"https:\/\/infotep.com.ar\/index.php\/wp-json\/wp\/v2\/comments?post=26763"}],"version-history":[{"count":1,"href":"https:\/\/infotep.com.ar\/index.php\/wp-json\/wp\/v2\/posts\/26763\/revisions"}],"predecessor-version":[{"id":26765,"href":"https:\/\/infotep.com.ar\/index.php\/wp-json\/wp\/v2\/posts\/26763\/revisions\/26765"}],"wp:featuredmedia":[{"embeddable":true,"href":"https:\/\/infotep.com.ar\/index.php\/wp-json\/wp\/v2\/media\/26764"}],"wp:attachment":[{"href":"https:\/\/infotep.com.ar\/index.php\/wp-json\/wp\/v2\/media?parent=26763"}],"wp:term":[{"taxonomy":"category","embeddable":true,"href":"https:\/\/infotep.com.ar\/index.php\/wp-json\/wp\/v2\/categories?post=26763"},{"taxonomy":"post_tag","embeddable":true,"href":"https:\/\/infotep.com.ar\/index.php\/wp-json\/wp\/v2\/tags?post=26763"}],"curies":[{"name":"wp","href":"https:\/\/api.w.org\/{rel}","templated":true}]}}