{"id":26795,"date":"2025-08-18T00:20:59","date_gmt":"2025-08-18T03:20:59","guid":{"rendered":"https:\/\/infotep.com.ar\/?p=26795"},"modified":"2025-08-18T00:21:00","modified_gmt":"2025-08-18T03:21:00","slug":"kicillof-sin-inversion-publica-no-hay-acceso-a-la-salud-para-la-mayor-parte-de-nuestro-pueblo","status":"publish","type":"post","link":"https:\/\/infotep.com.ar\/index.php\/2025\/08\/18\/kicillof-sin-inversion-publica-no-hay-acceso-a-la-salud-para-la-mayor-parte-de-nuestro-pueblo\/","title":{"rendered":"Kicillof: \u201cSin inversi\u00f3n p\u00fablica no hay acceso a la salud para la mayor parte de nuestro pueblo\u201d"},"content":{"rendered":"\n<p>El Gobernador inaugur\u00f3 un Centro de Atenci\u00f3n Primaria de la Salud en el barrio Alborada y entreg\u00f3 una ambulancia para la localidad de Carlos Mar\u00eda Naon.<\/p>\n\n\n\n<p>El gobernador de la provincia de Buenos Aires, Axel Kicillof, inaugur\u00f3 este viernes un Centro de Atenci\u00f3n Primaria de la Salud (CAPS) y entreg\u00f3 una ambulancia de \u00faltima generaci\u00f3n para fortalecer la gesti\u00f3n de emergencias en el municipio de Nueve de Julio. Fue junto al ministro de Salud, Nicol\u00e1s Kreplak; y la intendenta local, Mar\u00eda Jos\u00e9 Gentile.<\/p>\n\n\n\n<p>Tambi\u00e9n estuvieron presentes el presidente del Concejo Deliberante de Pehuaj\u00f3, Diego Videla; el intendente de Alberti, Germ\u00e1n Lago; la senadora bonaerense Mar\u00eda Elena Defunchio; y el dirigente H\u00e9ctor Bianchi.<\/p>\n\n\n\n<p>En ese marco, Kicillof destac\u00f3 que \u201cen la provincia de Buenos Aires decidimos que hab\u00eda que invertir para reconstruir el sistema de salud y, al mismo tiempo, para transformar el modelo de atenci\u00f3n y cuidados\u201d. \u201cCon este CAPS, el n\u00famero 195 que inauguramos, estamos dando un paso m\u00e1s en esa direcci\u00f3n: buscamos que los vecinos no recurran a la salud p\u00fablica solo cuando est\u00e1n enfermos, sino que tengan un espacio integrado al barrio que trabaje en la prevenci\u00f3n\u201d, agreg\u00f3.<\/p>\n\n\n\n<p>Las nuevas instalaciones del CAPS \u201cNueva Alborada\u201d requirieron una inversi\u00f3n de $1.406 millones y reemplazan a una antigua sala ubicada en el barrio. El edificio cuenta con 480 metros cuadrados en los que se distribuyen cuatro consultorios de atenci\u00f3n general, uno ginecol\u00f3gico, uno odontol\u00f3gico, vacunatorio, enfermer\u00eda y farmacia. Adem\u00e1s, posee equipamiento inform\u00e1tico para la implementaci\u00f3n de la Historia de Salud Integrada (HSI).<\/p>\n\n\n\n<p>\u201cCon este centro de salud y con la ambulancia que entregamos para la localidad de Carlos Mar\u00eda Naon, vemos que la disyuntiva no es entre el Estado o el sector privado. En 9 de Julio y en la mayor\u00eda de los municipios de la provincia si no hay inversi\u00f3n p\u00fablica, no hay acceso a la salud para la mayor parte de nuestro pueblo\u201d, explic\u00f3 el Gobernador.<\/p>\n\n\n\n<p>Durante la jornada, Kicillof, junto al ministro de Seguridad, Javier Alonso, puso en funcionamiento nuevos patrulleros destinados a fortalecer las tareas de prevenci\u00f3n del delito en el distrito. De esta manera, se alcanzan los 13 m\u00f3viles entregados por la Provincia al municipio desde 2019.<\/p>\n\n\n\n<p>Por su parte, la intendenta Gentile sostuvo: \u201cEste CAPS es la prueba de que cuando se trabaja pensando en la gente, dejando los colores pol\u00edticos de lado, los resultados son muy positivos para los vecinos\u201d.<\/p>\n\n\n\n<p>\u201cEn la provincia de Buenos Aires sabemos que no se puede mejorar la seguridad sin recursos: cuando Milei nos rob\u00f3 los fondos que nos correspond\u00edan, lo que hicimos fue destinar una gran inversi\u00f3n que nos permite traer hoy los patrulleros que necesitaba 9 de Julio\u201d, sostuvo Kicillof y concluy\u00f3: \u201cEstamos ante una gran oportunidad, pero para ponerle un freno a la motosierra no alcanza con enojarse. Hay que alzar la voz de forma colectiva. Hay que elegir la boleta de Fuerza Patria\u201d.<\/p>\n\n\n\n<p>Estuvieron presentes las diputadas bonaerenses Micaela Olivetto y Viviana Guzzo; el intendente de Carlos Casares, Daniel Stadnik; y los concejales y concejalas Julia Crespo, Jos\u00e9 Mar\u00eda Mignes, Sebasti\u00e1n Malis, Natalia Bazterra y Esteban Naudin.<\/p>\n","protected":false},"excerpt":{"rendered":"<p>El Gobernador inaugur&oacute; un Centro de Atenci&oacute;n Primaria de la Salud en el barrio Alborada y entreg&oacute; una ambulancia para la localidad de Carlos Mar&iacute;a Naon. El gobernador de la provincia de Buenos Aires, Axel Kicillof, inaugur&oacute; este viernes un Centro de Atenci&oacute;n Primaria de la Salud (CAPS) y entreg&oacute; una ambulancia de &uacute;ltima generaci&oacute;n &hellip; <\/p>\n","protected":false},"author":5,"featured_media":26796,"comment_status":"closed","ping_status":"closed","sticky":false,"template":"","format":"standard","meta":{"om_disable_all_campaigns":false,"_joinchat":[]},"categories":[4],"tags":[46,43,569],"featured_image_urls":{"full":["https:\/\/infotep.com.ar\/wp-content\/uploads\/2025\/08\/AK9999999.jpg",743,530,false],"thumbnail":["https:\/\/infotep.com.ar\/wp-content\/uploads\/2025\/08\/AK9999999-150x150.jpg",150,150,true],"medium":["https:\/\/infotep.com.ar\/wp-content\/uploads\/2025\/08\/AK9999999-300x214.jpg",300,214,true],"medium_large":["https:\/\/infotep.com.ar\/wp-content\/uploads\/2025\/08\/AK9999999.jpg",743,530,false],"large":["https:\/\/infotep.com.ar\/wp-content\/uploads\/2025\/08\/AK9999999.jpg",743,530,false],"1536x1536":["https:\/\/infotep.com.ar\/wp-content\/uploads\/2025\/08\/AK9999999.jpg",743,530,false],"2048x2048":["https:\/\/infotep.com.ar\/wp-content\/uploads\/2025\/08\/AK9999999.jpg",743,530,false],"blossom-feminine-slider":["https:\/\/infotep.com.ar\/wp-content\/uploads\/2025\/08\/AK9999999.jpg",743,530,false],"blossom-feminine-featured":["https:\/\/infotep.com.ar\/wp-content\/uploads\/2025\/08\/AK9999999.jpg",743,530,false],"blossom-feminine-with-sidebar":["https:\/\/infotep.com.ar\/wp-content\/uploads\/2025\/08\/AK9999999.jpg",743,530,false],"blossom-feminine-blog":["https:\/\/infotep.com.ar\/wp-content\/uploads\/2025\/08\/AK9999999-435x435.jpg",435,435,true],"blossom-feminine-cat":["https:\/\/infotep.com.ar\/wp-content\/uploads\/2025\/08\/AK9999999-450x300.jpg",450,300,true],"blossom-feminine-related":["https:\/\/infotep.com.ar\/wp-content\/uploads\/2025\/08\/AK9999999-320x200.jpg",320,200,true],"blossom-feminine-schema":["https:\/\/infotep.com.ar\/wp-content\/uploads\/2025\/08\/AK9999999-84x60.jpg",84,60,true],"blossom-mommy-blog-slider-big":["https:\/\/infotep.com.ar\/wp-content\/uploads\/2025\/08\/AK9999999.jpg",743,530,false],"blossom-mommy-blog-slider":["https:\/\/infotep.com.ar\/wp-content\/uploads\/2025\/08\/AK9999999-460x310.jpg",460,310,true],"blossom-mommy-blog-two":["https:\/\/infotep.com.ar\/wp-content\/uploads\/2025\/08\/AK9999999-743x480.jpg",743,480,true]},"author_info":{"info":["Angela Tobar"]},"category_info":"<a href=\"https:\/\/infotep.com.ar\/index.php\/category\/provinciales\/\" rel=\"category tag\">Provinciales<\/a>","tag_info":"Provinciales","comment_count":"0","_links":{"self":[{"href":"https:\/\/infotep.com.ar\/index.php\/wp-json\/wp\/v2\/posts\/26795"}],"collection":[{"href":"https:\/\/infotep.com.ar\/index.php\/wp-json\/wp\/v2\/posts"}],"about":[{"href":"https:\/\/infotep.com.ar\/index.php\/wp-json\/wp\/v2\/types\/post"}],"author":[{"embeddable":true,"href":"https:\/\/infotep.com.ar\/index.php\/wp-json\/wp\/v2\/users\/5"}],"replies":[{"embeddable":true,"href":"https:\/\/infotep.com.ar\/index.php\/wp-json\/wp\/v2\/comments?post=26795"}],"version-history":[{"count":1,"href":"https:\/\/infotep.com.ar\/index.php\/wp-json\/wp\/v2\/posts\/26795\/revisions"}],"predecessor-version":[{"id":26797,"href":"https:\/\/infotep.com.ar\/index.php\/wp-json\/wp\/v2\/posts\/26795\/revisions\/26797"}],"wp:featuredmedia":[{"embeddable":true,"href":"https:\/\/infotep.com.ar\/index.php\/wp-json\/wp\/v2\/media\/26796"}],"wp:attachment":[{"href":"https:\/\/infotep.com.ar\/index.php\/wp-json\/wp\/v2\/media?parent=26795"}],"wp:term":[{"taxonomy":"category","embeddable":true,"href":"https:\/\/infotep.com.ar\/index.php\/wp-json\/wp\/v2\/categories?post=26795"},{"taxonomy":"post_tag","embeddable":true,"href":"https:\/\/infotep.com.ar\/index.php\/wp-json\/wp\/v2\/tags?post=26795"}],"curies":[{"name":"wp","href":"https:\/\/api.w.org\/{rel}","templated":true}]}}