{"id":26888,"date":"2025-08-20T13:46:43","date_gmt":"2025-08-20T16:46:43","guid":{"rendered":"https:\/\/infotep.com.ar\/?p=26888"},"modified":"2025-08-20T13:46:44","modified_gmt":"2025-08-20T16:46:44","slug":"agost-carreno-dice-que-las-declaraciones-de-davis-sobre-libra-comprometen-al-gobierno-de-javier-milei","status":"publish","type":"post","link":"https:\/\/infotep.com.ar\/index.php\/2025\/08\/20\/agost-carreno-dice-que-las-declaraciones-de-davis-sobre-libra-comprometen-al-gobierno-de-javier-milei\/","title":{"rendered":"Agost Carre\u00f1o dice que las declaraciones de Davis sobre $Libra \u201ccomprometen al Gobierno de Javier Milei\u201d"},"content":{"rendered":"\n<p>El diputado del PRO cordob\u00e9s dijo que Hayden Davis dio ante la jueza \u201cinformaci\u00f3n que compromete fuertemente al Gobierno&#8221;<br><br>El diputado nacional Oscar Agost Carre\u00f1o (PRO-Encuentro Federal) afirm\u00f3 hoy que las declaraciones de Hayden Davis <strong>en la Justicia estadounidense sobre el criptogate $Libra \u201ccomprometen al Gobierno de Javier Milei&#8221;, y minimiz\u00f3 que la jueza Jennifer Rochon haya descongelado los fondos del empresario acusado.<\/strong><\/p>\n\n\n\n<p>\u201cDavis habl\u00f3 de la situaci\u00f3n de estafa, y que es en todo caso culpa del presidente de Argentina y su equipo, y no de \u00e9l\u201d, afirm\u00f3 el diputado cordob\u00e9s en declaraciones al programa RPM que se emite por Splendid AM 990.<\/p>\n\n\n\n<p>Agost Carre\u00f1o explic\u00f3 que el objetivo de la jueza al congelar los fondos era \u201cque Davis aparezca y apareci\u00f3\u201d, por lo cual el descongelamiento de las cuentas \u201ces algo neutro, porque la jueza logr\u00f3 el objetivo que quer\u00eda, y lo determinante es que Davis empez\u00f3 a hablar\u201d, subray\u00f3.<\/p>\n\n\n\n<p>Adem\u00e1s, el diputado dijo que Davis dio ante la jueza \u201cinformaci\u00f3n que compromete fuertemente al Gobierno. En primer lugar dice que hab\u00eda gente con informaci\u00f3n privilegiada y que \u00e9l le da el contrato a alguien del entorno de Milei\u201d.<\/p>\n\n\n\n<p><strong>Tambi\u00e9n se\u00f1al\u00f3 que \u201chubo tres compradores furtivos, tres \u2018snipers\u2019 que hicieron compras en el momento de inicio de la cotizaci\u00f3n por montos muy grandes y muy extra\u00f1os, y que despu\u00e9s ve\u00eda que se retiraban de manera espont\u00e1nea y llev\u00e1ndose mucha plata, y que \u00e9l entend\u00eda eran argentinos\u201d.<\/strong><\/p>\n\n\n\n<p>\u201cPor otro lado, \u00e9l (por Davis) dice que ven\u00eda hablando con el entorno de Javier Milei. No dice con qui\u00e9n, pero dice que ven\u00eda hablando con ellos y que eso no es una estafa\u201d, y dice en su declaraci\u00f3n que \u201csi alguien dice que es una estafa es porque Javier Milei, de manera inconsulta, cort\u00f3 las comunicaciones y dio de baja el posteo\u201d que promocionaba a $Libra.<\/p>\n\n\n\n<p>El legislador del PRO estim\u00f3 que \u201cvan a seguir habiendo novedades, m\u00e1s all\u00e1 de que pareciera que el descongelamiento de las cuentas de Davis es un escal\u00f3n para abajo en la investigaci\u00f3n\u201d, y asegur\u00f3 que el caso $Libra \u201cdebe ser investigado en profundidad\u201d, porque si bien el PRO acompa\u00f1\u00f3 en el Congreso muchas propuestas del Gobierno \u201clo cierto es que la gente no vot\u00f3 por casos de corrupci\u00f3n o por los temas que estamos viendo ahora, como el fentanilo o lo que pasa con los jubilados\u201d.<\/p>\n\n\n\n<p>\u201cLo hemos ayudado mucho en el Congreso con la Ley de Bases y con muchas otras cuestiones, pero Javier Milei no solo no retribuye a la oposici\u00f3n que lo ayud\u00f3 consensuando proyectos que sean buenos para la gente, sino que mantiene un destrato constante\u201d hacia los legisladores, concluy\u00f3 el diputado.<\/p>\n","protected":false},"excerpt":{"rendered":"<p>El diputado del PRO cordob&eacute;s dijo que Hayden Davis dio ante la jueza &ldquo;informaci&oacute;n que compromete fuertemente al Gobierno&rdquo; El diputado nacional Oscar Agost Carre&ntilde;o (PRO-Encuentro Federal) afirm&oacute; hoy que las declaraciones de Hayden Davis en la Justicia estadounidense sobre el criptogate $Libra &ldquo;comprometen al Gobierno de Javier Milei&rdquo;, y minimiz&oacute; que la jueza Jennifer &hellip; <\/p>\n","protected":false},"author":5,"featured_media":21324,"comment_status":"closed","ping_status":"closed","sticky":false,"template":"","format":"standard","meta":{"om_disable_all_campaigns":false,"_joinchat":[]},"categories":[3],"tags":[46,43,569],"featured_image_urls":{"full":["https:\/\/infotep.com.ar\/wp-content\/uploads\/2025\/03\/milei-libra-memecoin-criptomonedas.jpg",1200,675,false],"thumbnail":["https:\/\/infotep.com.ar\/wp-content\/uploads\/2025\/03\/milei-libra-memecoin-criptomonedas-150x150.jpg",150,150,true],"medium":["https:\/\/infotep.com.ar\/wp-content\/uploads\/2025\/03\/milei-libra-memecoin-criptomonedas-300x169.jpg",300,169,true],"medium_large":["https:\/\/infotep.com.ar\/wp-content\/uploads\/2025\/03\/milei-libra-memecoin-criptomonedas-768x432.jpg",768,432,true],"large":["https:\/\/infotep.com.ar\/wp-content\/uploads\/2025\/03\/milei-libra-memecoin-criptomonedas-1024x576.jpg",1020,574,true],"1536x1536":["https:\/\/infotep.com.ar\/wp-content\/uploads\/2025\/03\/milei-libra-memecoin-criptomonedas.jpg",1200,675,false],"2048x2048":["https:\/\/infotep.com.ar\/wp-content\/uploads\/2025\/03\/milei-libra-memecoin-criptomonedas.jpg",1200,675,false],"blossom-feminine-slider":["https:\/\/infotep.com.ar\/wp-content\/uploads\/2025\/03\/milei-libra-memecoin-criptomonedas-1200x649.jpg",1200,649,true],"blossom-feminine-featured":["https:\/\/infotep.com.ar\/wp-content\/uploads\/2025\/03\/milei-libra-memecoin-criptomonedas-1200x600.jpg",1200,600,true],"blossom-feminine-with-sidebar":["https:\/\/infotep.com.ar\/wp-content\/uploads\/2025\/03\/milei-libra-memecoin-criptomonedas-1020x600.jpg",1020,600,true],"blossom-feminine-blog":["https:\/\/infotep.com.ar\/wp-content\/uploads\/2025\/03\/milei-libra-memecoin-criptomonedas-435x435.jpg",435,435,true],"blossom-feminine-cat":["https:\/\/infotep.com.ar\/wp-content\/uploads\/2025\/03\/milei-libra-memecoin-criptomonedas-450x300.jpg",450,300,true],"blossom-feminine-related":["https:\/\/infotep.com.ar\/wp-content\/uploads\/2025\/03\/milei-libra-memecoin-criptomonedas-320x200.jpg",320,200,true],"blossom-feminine-schema":["https:\/\/infotep.com.ar\/wp-content\/uploads\/2025\/03\/milei-libra-memecoin-criptomonedas-107x60.jpg",107,60,true],"blossom-mommy-blog-slider-big":["https:\/\/infotep.com.ar\/wp-content\/uploads\/2025\/03\/milei-libra-memecoin-criptomonedas-920x650.jpg",920,650,true],"blossom-mommy-blog-slider":["https:\/\/infotep.com.ar\/wp-content\/uploads\/2025\/03\/milei-libra-memecoin-criptomonedas-460x310.jpg",460,310,true],"blossom-mommy-blog-two":["https:\/\/infotep.com.ar\/wp-content\/uploads\/2025\/03\/milei-libra-memecoin-criptomonedas-768x480.jpg",768,480,true]},"author_info":{"info":["Angela Tobar"]},"category_info":"<a href=\"https:\/\/infotep.com.ar\/index.php\/category\/nacionales\/\" rel=\"category tag\">Nacionales<\/a>","tag_info":"Nacionales","comment_count":"0","_links":{"self":[{"href":"https:\/\/infotep.com.ar\/index.php\/wp-json\/wp\/v2\/posts\/26888"}],"collection":[{"href":"https:\/\/infotep.com.ar\/index.php\/wp-json\/wp\/v2\/posts"}],"about":[{"href":"https:\/\/infotep.com.ar\/index.php\/wp-json\/wp\/v2\/types\/post"}],"author":[{"embeddable":true,"href":"https:\/\/infotep.com.ar\/index.php\/wp-json\/wp\/v2\/users\/5"}],"replies":[{"embeddable":true,"href":"https:\/\/infotep.com.ar\/index.php\/wp-json\/wp\/v2\/comments?post=26888"}],"version-history":[{"count":1,"href":"https:\/\/infotep.com.ar\/index.php\/wp-json\/wp\/v2\/posts\/26888\/revisions"}],"predecessor-version":[{"id":26889,"href":"https:\/\/infotep.com.ar\/index.php\/wp-json\/wp\/v2\/posts\/26888\/revisions\/26889"}],"wp:featuredmedia":[{"embeddable":true,"href":"https:\/\/infotep.com.ar\/index.php\/wp-json\/wp\/v2\/media\/21324"}],"wp:attachment":[{"href":"https:\/\/infotep.com.ar\/index.php\/wp-json\/wp\/v2\/media?parent=26888"}],"wp:term":[{"taxonomy":"category","embeddable":true,"href":"https:\/\/infotep.com.ar\/index.php\/wp-json\/wp\/v2\/categories?post=26888"},{"taxonomy":"post_tag","embeddable":true,"href":"https:\/\/infotep.com.ar\/index.php\/wp-json\/wp\/v2\/tags?post=26888"}],"curies":[{"name":"wp","href":"https:\/\/api.w.org\/{rel}","templated":true}]}}