{"id":26902,"date":"2025-08-20T14:03:57","date_gmt":"2025-08-20T17:03:57","guid":{"rendered":"https:\/\/infotep.com.ar\/?p=26902"},"modified":"2025-08-20T14:04:55","modified_gmt":"2025-08-20T17:04:55","slug":"bianco-y-sanzio-inauguraron-una-ampliacion-del-centro-universitario-de-baradero","status":"publish","type":"post","link":"https:\/\/infotep.com.ar\/index.php\/2025\/08\/20\/bianco-y-sanzio-inauguraron-una-ampliacion-del-centro-universitario-de-baradero\/","title":{"rendered":"Bianco y Sanzio inauguraron una ampliaci\u00f3n del Centro Universitario de Baradero"},"content":{"rendered":"\n<p>El Ministro de Gobierno y el intendente tambi\u00e9n entregaron netbooks de Conectar Igualdad Bonaerense y presentaron el nuevo plan y c\u00f3digo de ordenamiento urbano, territorial y ambiental del municipio.<\/p>\n\n\n\n<p>El ministro de Gobierno de la Provincia de Buenos Aires, Carlos Bianco, y el intendente Esteban Sanzio inauguraron hoy una nueva aula y las refacciones del Centro Universitario de Baradero. Las obras fueron realizadas en el marco de Puentes, el programa del Gobierno de la Provincia de Buenos Aires que busca ampliar el acceso a la educaci\u00f3n superior en todo el territorio bonaerense.<\/p>\n\n\n\n<p>Esta ampliaci\u00f3n le a\u00f1ade al edificio un nuevo espacio para el dictado de clases y, junto con las mejoras edilicias en muros, fundaciones, pisos y cubierta, dotan al centro universitario de mejores comodidades para las y los vecinos que asisten a cursar carreras.<\/p>\n\n\n\n<p>Actualmente, en el Centro Universitario de Baradero se dicta la Tecnicatura Universitaria en Producci\u00f3n Digital, a cargo de la Universidad Nacional de Quilmes, y durante el segundo cuatrimestre de este a\u00f1o se sumar\u00e1n la Diplomatura en Turismo y Desarrollo Socioecon\u00f3mico y Territorial, tambi\u00e9n dictada por la Universidad Nacional de Quilmes, y la Diplomatura en Ciencias de Datos, de la Universidad Nacional de San Mart\u00edn.<\/p>\n\n\n\n<p>Desde su puesta en marcha en julio de 2022, Puentes lleva inaugurados 43 centros universitarios y est\u00e1 presente en 80 municipios con una oferta de 275 carreras. De esta manera, cada vez m\u00e1s bonaerenses pueden acceder a la educaci\u00f3n superior para mejorar sus oportunidades de crecimiento personal y, al mismo tiempo, contribuir al desarrollo de sus comunidades.<\/p>\n\n\n\n<p><strong>Entrega de netbooks de Conectar Igualdad Bonaerense<\/strong><\/p>\n\n\n\n<p>Adem\u00e1s, la jornada tambi\u00e9n incluy\u00f3 la entrega de netbooks del programa Conectar Igualdad Bonaerense a estudiantes de nueve escuelas secundarias rurales y de educaci\u00f3n especial de Baradero: la Escuela de Educaci\u00f3n Secundaria N\u00b01 \u201cAna Mar\u00eda Ares\u201d, la Escuela de Educaci\u00f3n Secundaria N\u00b012, la Escuela de Educaci\u00f3n Secundaria N\u00b07, la Escuela de Educaci\u00f3n Secundaria N\u00b09, el Centro de Formaci\u00f3n Rural \u201cArturo F. Salas\u201d, la Escuela Ignacia Salas de Figueroa, el Centro de Formaci\u00f3n Integral N\u00b01, el Anexo I de Escuela de Educaci\u00f3n Secundaria N\u00b07 y el Centro Educativo para la Producci\u00f3n Total N\u00b017 \u201cIrineo Portela\u201d.<\/p>\n\n\n\n<p>Al respecto, el ministro Bianco explic\u00f3: \u201cCuando en 2019 el gobernador Axel Kicillof asumi\u00f3 su gesti\u00f3n decidi\u00f3 retomar las entregas de computadoras que se hab\u00edan cancelado durante el gobierno del presidente Macri. As\u00ed nace Conectar Igualdad Bonaerense. Estas computadoras son una recompensa a todo el esfuerzo que hacen las chicas y los chicos para terminar la secundaria. Adem\u00e1s, instalamos conectividad y hoy tenemos a m\u00e1s del 95% de las escuelas de la provincia con acceso a internet\u201d.<\/p>\n\n\n\n<p>Presentaci\u00f3n del nuevo plan y c\u00f3digo de ordenamiento urbano, territorial y ambiental de Baradero<\/p>\n\n\n\n<p>En el cierre de la jornada de actividades, Bianco y Sanzio presentaron el nuevo plan y c\u00f3digo de ordenamiento urbano, territorial y ambiental de Baradero, elaborado con el objetivo de promover un acceso m\u00e1s justo al h\u00e1bitat para las y los vecinos y fortalecer al Estado en su rol de planificaci\u00f3n del territorio.<\/p>\n\n\n\n<p>El nuevo marco regulatorio es fruto del trabajo realizado por el Ministerio de Gobierno a trav\u00e9s de su Direcci\u00f3n Provincial de Ordenamiento Urbano y Territorial (dependiente de la Subsecretar\u00eda de Asuntos Territoriales), en conjunto con el Ministerio de Ambiente, la Autoridad del Agua y el municipio, en contacto con la comunidad local, especialistas, acad\u00e9micos, colegios profesionales y sectores de desarrolladores urbanos, entre otros.<\/p>\n\n\n\n<p>En este marco, Bianco destac\u00f3 la colaboraci\u00f3n entre los diversos actores y se\u00f1al\u00f3: \u201cSi las definiciones acerca del ordenamiento urbano quedan \u00fanicamente en manos del mercado ganan los sectores concentrados y quedan afuera los sectores populares. Este tipo de acciones de planificaci\u00f3n, en cambio, son una muestra de c\u00f3mo el Estado puede trabajar para que todos y todas tengan las mismas oportunidades\u201d.<\/p>\n\n\n\n<p>Estuvieron presentes durante la jornada el subsecretario de Relaciones Internacionales e Interjurisdiccionales de la provincia de Buenos Aires, Juan Manuel Pad\u00edn, el subsecretario de Asuntos Territoriales, Agust\u00edn Robla, la directora provincial de Ordenamiento Urbano y Territorial, Carla Filippini, el director provincial de Vinculaci\u00f3n con el Sistema Universitario y Cient\u00edfico y coordinador del programa Puentes, Juan Brardinelli, el rector de la Universidad Nacional de San Antonio de Areco, Jer\u00f3nimo Ainchill, y autoridades municipales.<\/p>\n\n\n\n<p><\/p>\n","protected":false},"excerpt":{"rendered":"<p>El Ministro de Gobierno y el intendente tambi&eacute;n entregaron netbooks de Conectar Igualdad Bonaerense y presentaron el nuevo plan y c&oacute;digo de ordenamiento urbano, territorial y ambiental del municipio. El ministro de Gobierno de la Provincia de Buenos Aires, Carlos Bianco, y el intendente Esteban Sanzio inauguraron hoy una nueva aula y las refacciones del &hellip; <\/p>\n","protected":false},"author":5,"featured_media":26903,"comment_status":"closed","ping_status":"closed","sticky":false,"template":"","format":"standard","meta":{"om_disable_all_campaigns":false,"_joinchat":[]},"categories":[4,6],"tags":[46,43,569],"featured_image_urls":{"full":["https:\/\/infotep.com.ar\/wp-content\/uploads\/2025\/08\/foto1_22.jpeg",743,530,false],"thumbnail":["https:\/\/infotep.com.ar\/wp-content\/uploads\/2025\/08\/foto1_22-150x150.jpeg",150,150,true],"medium":["https:\/\/infotep.com.ar\/wp-content\/uploads\/2025\/08\/foto1_22-300x214.jpeg",300,214,true],"medium_large":["https:\/\/infotep.com.ar\/wp-content\/uploads\/2025\/08\/foto1_22.jpeg",743,530,false],"large":["https:\/\/infotep.com.ar\/wp-content\/uploads\/2025\/08\/foto1_22.jpeg",743,530,false],"1536x1536":["https:\/\/infotep.com.ar\/wp-content\/uploads\/2025\/08\/foto1_22.jpeg",743,530,false],"2048x2048":["https:\/\/infotep.com.ar\/wp-content\/uploads\/2025\/08\/foto1_22.jpeg",743,530,false],"blossom-feminine-slider":["https:\/\/infotep.com.ar\/wp-content\/uploads\/2025\/08\/foto1_22.jpeg",743,530,false],"blossom-feminine-featured":["https:\/\/infotep.com.ar\/wp-content\/uploads\/2025\/08\/foto1_22.jpeg",743,530,false],"blossom-feminine-with-sidebar":["https:\/\/infotep.com.ar\/wp-content\/uploads\/2025\/08\/foto1_22.jpeg",743,530,false],"blossom-feminine-blog":["https:\/\/infotep.com.ar\/wp-content\/uploads\/2025\/08\/foto1_22-435x435.jpeg",435,435,true],"blossom-feminine-cat":["https:\/\/infotep.com.ar\/wp-content\/uploads\/2025\/08\/foto1_22-450x300.jpeg",450,300,true],"blossom-feminine-related":["https:\/\/infotep.com.ar\/wp-content\/uploads\/2025\/08\/foto1_22-320x200.jpeg",320,200,true],"blossom-feminine-schema":["https:\/\/infotep.com.ar\/wp-content\/uploads\/2025\/08\/foto1_22-84x60.jpeg",84,60,true],"blossom-mommy-blog-slider-big":["https:\/\/infotep.com.ar\/wp-content\/uploads\/2025\/08\/foto1_22.jpeg",743,530,false],"blossom-mommy-blog-slider":["https:\/\/infotep.com.ar\/wp-content\/uploads\/2025\/08\/foto1_22-460x310.jpeg",460,310,true],"blossom-mommy-blog-two":["https:\/\/infotep.com.ar\/wp-content\/uploads\/2025\/08\/foto1_22-743x480.jpeg",743,480,true]},"author_info":{"info":["Angela Tobar"]},"category_info":"<a href=\"https:\/\/infotep.com.ar\/index.php\/category\/provinciales\/\" rel=\"category tag\">Provinciales<\/a> <a href=\"https:\/\/infotep.com.ar\/index.php\/category\/universitarias\/\" rel=\"category tag\">Universitarias<\/a>","tag_info":"Universitarias","comment_count":"0","_links":{"self":[{"href":"https:\/\/infotep.com.ar\/index.php\/wp-json\/wp\/v2\/posts\/26902"}],"collection":[{"href":"https:\/\/infotep.com.ar\/index.php\/wp-json\/wp\/v2\/posts"}],"about":[{"href":"https:\/\/infotep.com.ar\/index.php\/wp-json\/wp\/v2\/types\/post"}],"author":[{"embeddable":true,"href":"https:\/\/infotep.com.ar\/index.php\/wp-json\/wp\/v2\/users\/5"}],"replies":[{"embeddable":true,"href":"https:\/\/infotep.com.ar\/index.php\/wp-json\/wp\/v2\/comments?post=26902"}],"version-history":[{"count":1,"href":"https:\/\/infotep.com.ar\/index.php\/wp-json\/wp\/v2\/posts\/26902\/revisions"}],"predecessor-version":[{"id":26904,"href":"https:\/\/infotep.com.ar\/index.php\/wp-json\/wp\/v2\/posts\/26902\/revisions\/26904"}],"wp:featuredmedia":[{"embeddable":true,"href":"https:\/\/infotep.com.ar\/index.php\/wp-json\/wp\/v2\/media\/26903"}],"wp:attachment":[{"href":"https:\/\/infotep.com.ar\/index.php\/wp-json\/wp\/v2\/media?parent=26902"}],"wp:term":[{"taxonomy":"category","embeddable":true,"href":"https:\/\/infotep.com.ar\/index.php\/wp-json\/wp\/v2\/categories?post=26902"},{"taxonomy":"post_tag","embeddable":true,"href":"https:\/\/infotep.com.ar\/index.php\/wp-json\/wp\/v2\/tags?post=26902"}],"curies":[{"name":"wp","href":"https:\/\/api.w.org\/{rel}","templated":true}]}}