{"id":26965,"date":"2025-08-22T00:00:00","date_gmt":"2025-08-22T03:00:00","guid":{"rendered":"https:\/\/infotep.com.ar\/?p=26965"},"modified":"2025-08-22T00:24:56","modified_gmt":"2025-08-22T03:24:56","slug":"en-la-provincia-asumimos-el-desafio-de-proteger-el-trabajo-y-la-industria","status":"publish","type":"post","link":"https:\/\/infotep.com.ar\/index.php\/2025\/08\/22\/en-la-provincia-asumimos-el-desafio-de-proteger-el-trabajo-y-la-industria\/","title":{"rendered":"\u201cEn la Provincia asumimos el desaf\u00edo de proteger el trabajo y la industria\u201d"},"content":{"rendered":"\n<p>El ministro Walter Correa asisti\u00f3 al cierre del VI Congreso Industrial organizado por IPA, en La Rural<\/p>\n\n\n\n<p>El ministro de Trabajo Walter Correa particip\u00f3 del cierre del VI Congreso Industrial del \u201cConsenso Nacional del Trabajo y la Producci\u00f3n\u201d junto al ministro de Desarrollo Agrario, Javier Rodr\u00edguez, y la subsecretaria de Industria y PyMES, Mariela Bembi. Este encuentro que reuni\u00f3 a los diferentes actores de la producci\u00f3n est\u00e1 organizado por Industriales Pymes Argentino (IPA) y se realiz\u00f3 en conjunto con la Tercera Exposici\u00f3n de Industria y Servicios, en el predio de La Rural.<\/p>\n\n\n\n<p>En el acto de cierre, el ministro Correa detall\u00f3: \u201cTenemos un Gobierno nacional que no habla de producci\u00f3n, que no habla de trabajo y mucho menos de los derechos de las y los trabajadores, as\u00ed que estamos frente a una situaci\u00f3n sumamente compleja\u201d. \u201cPero en la Provincia, con nuestro gobernador Axel Kicillof, tenemos la cultura de dar la pelea cotidiana con pol\u00edticas activas desde el Estado bonaerense, conteniendo y sosteniendo los puestos de trabajo\u201d, afirm\u00f3.<\/p>\n\n\n\n<p>Asimismo, Correa advirti\u00f3 que \u201cla Ley Bases tiene dos caracter\u00edsticas: una es ir en contra de los derechos de los trabajadores y trabajadoras, la otra es potenciar pol\u00edticas extractivistas para sacarnos los recursos naturales a los argentinos\u201d. Y destac\u00f3 que, por el contrario, \u201cen la provincia de Buenos Aires nos hacemos cargo del desaf\u00edo que es volver a tener una pol\u00edtica industrial\u201d.<\/p>\n\n\n\n<p>En el acto de cierre, al que tambi\u00e9n asisti\u00f3 la directora Provincial de Empleo, Claudia Lazzaro, el presidente de IPA, Daniel Rosato, le entreg\u00f3 al ministro Correa una placa para el gobernador Axel Kicillof en \u201cagradecimiento por las pol\u00edticas que promueven el desarrollo y el crecimiento sostenido de las industrias PyMES y el empleo argentino\u201d.<\/p>\n","protected":false},"excerpt":{"rendered":"<p>El ministro Walter Correa asisti&oacute; al cierre del VI Congreso Industrial organizado por IPA, en La Rural El ministro de Trabajo Walter Correa particip&oacute; del cierre del VI Congreso Industrial del &ldquo;Consenso Nacional del Trabajo y la Producci&oacute;n&rdquo; junto al ministro de Desarrollo Agrario, Javier Rodr&iacute;guez, y la subsecretaria de Industria y PyMES, Mariela Bembi. &hellip; <\/p>\n","protected":false},"author":5,"featured_media":26966,"comment_status":"closed","ping_status":"closed","sticky":false,"template":"","format":"standard","meta":{"om_disable_all_campaigns":false,"_joinchat":[]},"categories":[4],"tags":[46,43,569],"featured_image_urls":{"full":["https:\/\/infotep.com.ar\/wp-content\/uploads\/2025\/08\/CONGRESO_2.jpg",700,466,false],"thumbnail":["https:\/\/infotep.com.ar\/wp-content\/uploads\/2025\/08\/CONGRESO_2-150x150.jpg",150,150,true],"medium":["https:\/\/infotep.com.ar\/wp-content\/uploads\/2025\/08\/CONGRESO_2-300x200.jpg",300,200,true],"medium_large":["https:\/\/infotep.com.ar\/wp-content\/uploads\/2025\/08\/CONGRESO_2.jpg",700,466,false],"large":["https:\/\/infotep.com.ar\/wp-content\/uploads\/2025\/08\/CONGRESO_2.jpg",700,466,false],"1536x1536":["https:\/\/infotep.com.ar\/wp-content\/uploads\/2025\/08\/CONGRESO_2.jpg",700,466,false],"2048x2048":["https:\/\/infotep.com.ar\/wp-content\/uploads\/2025\/08\/CONGRESO_2.jpg",700,466,false],"blossom-feminine-slider":["https:\/\/infotep.com.ar\/wp-content\/uploads\/2025\/08\/CONGRESO_2.jpg",700,466,false],"blossom-feminine-featured":["https:\/\/infotep.com.ar\/wp-content\/uploads\/2025\/08\/CONGRESO_2.jpg",700,466,false],"blossom-feminine-with-sidebar":["https:\/\/infotep.com.ar\/wp-content\/uploads\/2025\/08\/CONGRESO_2.jpg",700,466,false],"blossom-feminine-blog":["https:\/\/infotep.com.ar\/wp-content\/uploads\/2025\/08\/CONGRESO_2-435x435.jpg",435,435,true],"blossom-feminine-cat":["https:\/\/infotep.com.ar\/wp-content\/uploads\/2025\/08\/CONGRESO_2-450x300.jpg",450,300,true],"blossom-feminine-related":["https:\/\/infotep.com.ar\/wp-content\/uploads\/2025\/08\/CONGRESO_2-320x200.jpg",320,200,true],"blossom-feminine-schema":["https:\/\/infotep.com.ar\/wp-content\/uploads\/2025\/08\/CONGRESO_2-90x60.jpg",90,60,true],"blossom-mommy-blog-slider-big":["https:\/\/infotep.com.ar\/wp-content\/uploads\/2025\/08\/CONGRESO_2.jpg",700,466,false],"blossom-mommy-blog-slider":["https:\/\/infotep.com.ar\/wp-content\/uploads\/2025\/08\/CONGRESO_2-460x310.jpg",460,310,true],"blossom-mommy-blog-two":["https:\/\/infotep.com.ar\/wp-content\/uploads\/2025\/08\/CONGRESO_2.jpg",700,466,false]},"author_info":{"info":["Angela Tobar"]},"category_info":"<a href=\"https:\/\/infotep.com.ar\/index.php\/category\/provinciales\/\" rel=\"category tag\">Provinciales<\/a>","tag_info":"Provinciales","comment_count":"0","_links":{"self":[{"href":"https:\/\/infotep.com.ar\/index.php\/wp-json\/wp\/v2\/posts\/26965"}],"collection":[{"href":"https:\/\/infotep.com.ar\/index.php\/wp-json\/wp\/v2\/posts"}],"about":[{"href":"https:\/\/infotep.com.ar\/index.php\/wp-json\/wp\/v2\/types\/post"}],"author":[{"embeddable":true,"href":"https:\/\/infotep.com.ar\/index.php\/wp-json\/wp\/v2\/users\/5"}],"replies":[{"embeddable":true,"href":"https:\/\/infotep.com.ar\/index.php\/wp-json\/wp\/v2\/comments?post=26965"}],"version-history":[{"count":1,"href":"https:\/\/infotep.com.ar\/index.php\/wp-json\/wp\/v2\/posts\/26965\/revisions"}],"predecessor-version":[{"id":26967,"href":"https:\/\/infotep.com.ar\/index.php\/wp-json\/wp\/v2\/posts\/26965\/revisions\/26967"}],"wp:featuredmedia":[{"embeddable":true,"href":"https:\/\/infotep.com.ar\/index.php\/wp-json\/wp\/v2\/media\/26966"}],"wp:attachment":[{"href":"https:\/\/infotep.com.ar\/index.php\/wp-json\/wp\/v2\/media?parent=26965"}],"wp:term":[{"taxonomy":"category","embeddable":true,"href":"https:\/\/infotep.com.ar\/index.php\/wp-json\/wp\/v2\/categories?post=26965"},{"taxonomy":"post_tag","embeddable":true,"href":"https:\/\/infotep.com.ar\/index.php\/wp-json\/wp\/v2\/tags?post=26965"}],"curies":[{"name":"wp","href":"https:\/\/api.w.org\/{rel}","templated":true}]}}